{"id":96,"date":"2012-01-17T14:00:27","date_gmt":"2012-01-17T16:00:27","guid":{"rendered":"http:\/\/www.encontrabebedouro.com.br\/noticias\/?p=96"},"modified":"2019-04-29T17:13:32","modified_gmt":"2019-04-29T20:13:32","slug":"marcada-a-inauguracao-da-sede-do-cerest-em-bebedouro","status":"publish","type":"post","link":"https:\/\/www.encontrabebedouro.com.br\/sobre\/marcada-a-inauguracao-da-sede-do-cerest-em-bebedouro\/","title":{"rendered":"Marcada a inaugura\u00e7\u00e3o da sede do Cerest em Bebedouro"},"content":{"rendered":"<div class=\"e7593ce1d9603c7e10386aa266b728a9\" data-index=\"1\" style=\"float: left; margin: 15px 15px 15px 0;\">\n<!-- EBR \/Novo-Bairro\/ 300x250 - pub-85 -->\r\n<ins class=\"adsbygoogle\"\r\n     style=\"display:inline-block;width:300px;height:250px\"\r\n     data-ad-client=\"ca-pub-8585364105181520\"\r\n     data-ad-slot=\"4691134188\"><\/ins>\r\n<script>\r\n(adsbygoogle = window.adsbygoogle || []).push({});\r\n<\/script>\r\n\n<\/div>\n<p>No dia 27 de janeiro (uma sexta-feira), \u00e0s 10h, no complexo do Hospital Municipal da cidade Bebedouro, acontece a inaugura\u00e7\u00e3o da nova sede do Cerest (Centro de Refer\u00eancia em Sa\u00fade do Trabalhador), agora com estrutura moderna para oferecer melhor qualidade no atendimento de pacientes.<\/p>\n<p>Presen\u00e7a do prefeito Jo\u00e3o Batista Bianchini, do consultor t\u00e9cnico e coordenador geral da Sa\u00fade do Trabalhador do Minist\u00e9rio da Sa\u00fade, Roque Manoel Perusso Viegas, de representantes do Cerest na regi\u00e3o e de outras personalidades, al\u00e9m de diretores e coordenadores municipais de \u00f3rg\u00e3os vinculados \u00e0 Sa\u00fade.<\/p>\n<p>Instalado em Bebedouro desde 2004, no pr\u00e9dio alugado na Av. Raul Furquim, o Cerest concretiza um sonho antigo: a aquisi\u00e7\u00e3o de espa\u00e7o pr\u00f3prio, com investimento de quase R$ 350 mil. S\u00e3o 456 metros quadrados de \u00e1rea, com instala\u00e7\u00f5es reformadas ou constru\u00eddas.<\/p>\n<p>O coordenador do Cerest, Wilson Ribeiro de Toledo Alves, enumera a constitui\u00e7\u00e3o f\u00edsica do novo espa\u00e7o: recep\u00e7\u00e3o, salas de administra\u00e7\u00e3o, de coordena\u00e7\u00e3o, de espera, de enfermagem, de seguran\u00e7a do trabalho, do psic\u00f3logo, do fonoaudi\u00f3logo com cabine de audiometria, de fisioterapia, de terapia ocupacional, de equipamentos e anfiteatro, al\u00e9m de consult\u00f3rio m\u00e9dico.<\/p>\n<p>De segunda a sexta-feira, das 7h \u00e0s 17h, s\u00e3o atendidos trabalhadores que sofreram acidentes em empresas privadas ou p\u00fablicas e tamb\u00e9m os aut\u00f4nomos.<\/p>\n<p><em>Fonte: Prefeitura de Bebedouro<\/em><\/p>\n\n<div style=\"font-size: 0px; height: 0px; line-height: 0px; margin: 0; padding: 0; clear: both;\"><\/div>","protected":false},"excerpt":{"rendered":"<p>No dia 27 de janeiro (uma sexta-feira), \u00e0s 10h, no complexo do Hospital Municipal da cidade Bebedouro, acontece a inaugura\u00e7\u00e3o da nova sede do Cerest (Centro de Refer\u00eancia em Sa\u00fade do Trabalhador), agora com estrutura moderna para oferecer melhor qualidade no atendimento de pacientes. Presen\u00e7a do prefeito Jo\u00e3o Batista Bianchini, do consultor t\u00e9cnico e coordenador geral da Sa\u00fade do Trabalhador do Minist\u00e9rio da Sa\u00fade, Roque Manoel Perusso Viegas, de representantes do Cerest na regi\u00e3o e de outras personalidades, al\u00e9m de diretores e coordenadores municipais de \u00f3rg\u00e3os vinculados \u00e0 Sa\u00fade. Instalado em Bebedouro desde 2004, no pr\u00e9dio alugado na Av. Raul <\/p>\n","protected":false},"author":1,"featured_media":0,"comment_status":"open","ping_status":"closed","sticky":false,"template":"","format":"standard","meta":{"footnotes":""},"categories":[6],"tags":[],"class_list":["post-96","post","type-post","status-publish","format-standard","hentry","category-noticias-bebedouro"],"aioseo_notices":[],"aioseo_head":"\n\t\t<!-- All in One SEO 5.0.0.1 - aioseo.com -->\n\t<meta name=\"description\" content=\"No dia 27 de janeiro (uma sexta-feira), \u00e0s 10h, no complexo do Hospital Municipal da cidade Bebedouro, acontece a inaugura\u00e7\u00e3o da nova sede do Cerest (Centro de Refer\u00eancia em Sa\u00fade do Trabalhador), agora com estrutura moderna para oferecer melhor qualidade no atendimento de pacientes. Presen\u00e7a do prefeito Jo\u00e3o Batista Bianchini, do consultor t\u00e9cnico e coordenador\" \/>\n\t<meta name=\"robots\" content=\"max-image-preview:large\" \/>\n\t<meta name=\"author\" content=\"Encontra Bebedouro\"\/>\n\t<link rel=\"canonical\" href=\"https:\/\/www.encontrabebedouro.com.br\/sobre\/marcada-a-inauguracao-da-sede-do-cerest-em-bebedouro\/\" \/>\n\t<meta name=\"generator\" content=\"All in One SEO (AIOSEO) 5.0.0.1\" \/>\n\t\t<meta property=\"og:locale\" content=\"pt_BR\" \/>\n\t\t<meta property=\"og:site_name\" content=\"Encontra Bebedouro | Not\u00edcias, eventos, informa\u00e7\u00f5es e dicas na cidade de Bebedouro e regi\u00e3o\" \/>\n\t\t<meta property=\"og:type\" content=\"article\" \/>\n\t\t<meta property=\"og:title\" content=\"Marcada a inaugura\u00e7\u00e3o da sede do Cerest em Bebedouro | Encontra Bebedouro\" \/>\n\t\t<meta property=\"og:description\" content=\"No dia 27 de janeiro (uma sexta-feira), \u00e0s 10h, no complexo do Hospital Municipal da cidade Bebedouro, acontece a inaugura\u00e7\u00e3o da nova sede do Cerest (Centro de Refer\u00eancia em Sa\u00fade do Trabalhador), agora com estrutura moderna para oferecer melhor qualidade no atendimento de pacientes. Presen\u00e7a do prefeito Jo\u00e3o Batista Bianchini, do consultor t\u00e9cnico e coordenador\" \/>\n\t\t<meta property=\"og:url\" content=\"https:\/\/www.encontrabebedouro.com.br\/sobre\/marcada-a-inauguracao-da-sede-do-cerest-em-bebedouro\/\" \/>\n\t\t<meta property=\"article:published_time\" content=\"2012-01-17T16:00:27+00:00\" \/>\n\t\t<meta property=\"article:modified_time\" content=\"2019-04-29T20:13:32+00:00\" \/>\n\t\t<meta name=\"twitter:card\" content=\"summary_large_image\" \/>\n\t\t<meta name=\"twitter:title\" content=\"Marcada a inaugura\u00e7\u00e3o da sede do Cerest em Bebedouro | Encontra Bebedouro\" \/>\n\t\t<meta name=\"twitter:description\" content=\"No dia 27 de janeiro (uma sexta-feira), \u00e0s 10h, no complexo do Hospital Municipal da cidade Bebedouro, acontece a inaugura\u00e7\u00e3o da nova sede do Cerest (Centro de Refer\u00eancia em Sa\u00fade do Trabalhador), agora com estrutura moderna para oferecer melhor qualidade no atendimento de pacientes. Presen\u00e7a do prefeito Jo\u00e3o Batista Bianchini, do consultor t\u00e9cnico e coordenador\" \/>\n\t\t<script type=\"application\/ld+json\" class=\"aioseo-schema\">\n\t\t\t{\"@context\":\"https:\\\/\\\/schema.org\",\"@graph\":[{\"@type\":\"Article\",\"@id\":\"https:\\\/\\\/www.encontrabebedouro.com.br\\\/sobre\\\/marcada-a-inauguracao-da-sede-do-cerest-em-bebedouro\\\/#article\",\"name\":\"Marcada a inaugura\\u00e7\\u00e3o da sede do Cerest em Bebedouro | Encontra Bebedouro\",\"headline\":\"Marcada a inaugura\\u00e7\\u00e3o da sede do Cerest em Bebedouro\",\"author\":{\"@id\":\"https:\\\/\\\/www.encontrabebedouro.com.br\\\/sobre\\\/author\\\/ebebedouro\\\/#author\"},\"publisher\":{\"@id\":\"https:\\\/\\\/www.encontrabebedouro.com.br\\\/sobre\\\/#organization\"},\"datePublished\":\"2012-01-17T14:00:27-02:00\",\"dateModified\":\"2019-04-29T17:13:32-03:00\",\"inLanguage\":\"pt-BR\",\"mainEntityOfPage\":{\"@id\":\"https:\\\/\\\/www.encontrabebedouro.com.br\\\/sobre\\\/marcada-a-inauguracao-da-sede-do-cerest-em-bebedouro\\\/#webpage\"},\"isPartOf\":{\"@id\":\"https:\\\/\\\/www.encontrabebedouro.com.br\\\/sobre\\\/marcada-a-inauguracao-da-sede-do-cerest-em-bebedouro\\\/#webpage\"},\"articleSection\":\"Not\\u00edcias Bebedouro\"},{\"@type\":\"BreadcrumbList\",\"@id\":\"https:\\\/\\\/www.encontrabebedouro.com.br\\\/sobre\\\/marcada-a-inauguracao-da-sede-do-cerest-em-bebedouro\\\/#breadcrumblist\",\"itemListElement\":[{\"@type\":\"ListItem\",\"@id\":\"https:\\\/\\\/www.encontrabebedouro.com.br\\\/sobre#listItem\",\"position\":1,\"name\":\"Dom\\u00e9stica\",\"item\":\"https:\\\/\\\/www.encontrabebedouro.com.br\\\/sobre\",\"nextItem\":{\"@type\":\"ListItem\",\"@id\":\"https:\\\/\\\/www.encontrabebedouro.com.br\\\/sobre\\\/noticias-bebedouro\\\/#listItem\",\"name\":\"Not\\u00edcias Bebedouro\"}},{\"@type\":\"ListItem\",\"@id\":\"https:\\\/\\\/www.encontrabebedouro.com.br\\\/sobre\\\/noticias-bebedouro\\\/#listItem\",\"position\":2,\"name\":\"Not\\u00edcias Bebedouro\",\"item\":\"https:\\\/\\\/www.encontrabebedouro.com.br\\\/sobre\\\/noticias-bebedouro\\\/\",\"nextItem\":{\"@type\":\"ListItem\",\"@id\":\"https:\\\/\\\/www.encontrabebedouro.com.br\\\/sobre\\\/marcada-a-inauguracao-da-sede-do-cerest-em-bebedouro\\\/#listItem\",\"name\":\"Marcada a inaugura\\u00e7\\u00e3o da sede do Cerest em Bebedouro\"},\"previousItem\":{\"@type\":\"ListItem\",\"@id\":\"https:\\\/\\\/www.encontrabebedouro.com.br\\\/sobre#listItem\",\"name\":\"Dom\\u00e9stica\"}},{\"@type\":\"ListItem\",\"@id\":\"https:\\\/\\\/www.encontrabebedouro.com.br\\\/sobre\\\/marcada-a-inauguracao-da-sede-do-cerest-em-bebedouro\\\/#listItem\",\"position\":3,\"name\":\"Marcada a inaugura\\u00e7\\u00e3o da sede do Cerest em Bebedouro\",\"previousItem\":{\"@type\":\"ListItem\",\"@id\":\"https:\\\/\\\/www.encontrabebedouro.com.br\\\/sobre\\\/noticias-bebedouro\\\/#listItem\",\"name\":\"Not\\u00edcias Bebedouro\"}}]},{\"@type\":\"Organization\",\"@id\":\"https:\\\/\\\/www.encontrabebedouro.com.br\\\/sobre\\\/#organization\",\"name\":\"Encontra Bebedouro\",\"description\":\"Not\\u00edcias, eventos, informa\\u00e7\\u00f5es e dicas na cidade de Bebedouro e regi\\u00e3o\",\"url\":\"https:\\\/\\\/www.encontrabebedouro.com.br\\\/sobre\\\/\"},{\"@type\":\"Person\",\"@id\":\"https:\\\/\\\/www.encontrabebedouro.com.br\\\/sobre\\\/author\\\/ebebedouro\\\/#author\",\"url\":\"https:\\\/\\\/www.encontrabebedouro.com.br\\\/sobre\\\/author\\\/ebebedouro\\\/\",\"name\":\"Encontra Bebedouro\",\"image\":{\"@type\":\"ImageObject\",\"@id\":\"https:\\\/\\\/www.encontrabebedouro.com.br\\\/sobre\\\/marcada-a-inauguracao-da-sede-do-cerest-em-bebedouro\\\/#authorImage\",\"url\":\"https:\\\/\\\/secure.gravatar.com\\\/avatar\\\/507340682b8270222e1f208e23198b6ae7e2c6a1033ae84e99bc6bce4f82a387?s=96&d=mm&r=g\",\"width\":96,\"height\":96,\"caption\":\"Encontra Bebedouro\"}},{\"@type\":\"WebPage\",\"@id\":\"https:\\\/\\\/www.encontrabebedouro.com.br\\\/sobre\\\/marcada-a-inauguracao-da-sede-do-cerest-em-bebedouro\\\/#webpage\",\"url\":\"https:\\\/\\\/www.encontrabebedouro.com.br\\\/sobre\\\/marcada-a-inauguracao-da-sede-do-cerest-em-bebedouro\\\/\",\"name\":\"Marcada a inaugura\\u00e7\\u00e3o da sede do Cerest em Bebedouro | Encontra Bebedouro\",\"description\":\"No dia 27 de janeiro (uma sexta-feira), \\u00e0s 10h, no complexo do Hospital Municipal da cidade Bebedouro, acontece a inaugura\\u00e7\\u00e3o da nova sede do Cerest (Centro de Refer\\u00eancia em Sa\\u00fade do Trabalhador), agora com estrutura moderna para oferecer melhor qualidade no atendimento de pacientes. Presen\\u00e7a do prefeito Jo\\u00e3o Batista Bianchini, do consultor t\\u00e9cnico e coordenador\",\"inLanguage\":\"pt-BR\",\"isPartOf\":{\"@id\":\"https:\\\/\\\/www.encontrabebedouro.com.br\\\/sobre\\\/#website\"},\"breadcrumb\":{\"@id\":\"https:\\\/\\\/www.encontrabebedouro.com.br\\\/sobre\\\/marcada-a-inauguracao-da-sede-do-cerest-em-bebedouro\\\/#breadcrumblist\"},\"author\":{\"@id\":\"https:\\\/\\\/www.encontrabebedouro.com.br\\\/sobre\\\/author\\\/ebebedouro\\\/#author\"},\"creator\":{\"@id\":\"https:\\\/\\\/www.encontrabebedouro.com.br\\\/sobre\\\/author\\\/ebebedouro\\\/#author\"},\"datePublished\":\"2012-01-17T14:00:27-02:00\",\"dateModified\":\"2019-04-29T17:13:32-03:00\"},{\"@type\":\"WebSite\",\"@id\":\"https:\\\/\\\/www.encontrabebedouro.com.br\\\/sobre\\\/#website\",\"url\":\"https:\\\/\\\/www.encontrabebedouro.com.br\\\/sobre\\\/\",\"name\":\"Encontra Bebedouro\",\"description\":\"Not\\u00edcias, eventos, informa\\u00e7\\u00f5es e dicas na cidade de Bebedouro e regi\\u00e3o\",\"inLanguage\":\"pt-BR\",\"publisher\":{\"@id\":\"https:\\\/\\\/www.encontrabebedouro.com.br\\\/sobre\\\/#organization\"}}]}\n\t\t<\/script>\n\t\t<!-- All in One SEO -->\n\n","aioseo_head_json":{"title":"Marcada a inaugura\u00e7\u00e3o da sede do Cerest em Bebedouro | Encontra Bebedouro","description":"No dia 27 de janeiro (uma sexta-feira), \u00e0s 10h, no complexo do Hospital Municipal da cidade Bebedouro, acontece a inaugura\u00e7\u00e3o da nova sede do Cerest (Centro de Refer\u00eancia em Sa\u00fade do Trabalhador), agora com estrutura moderna para oferecer melhor qualidade no atendimento de pacientes. Presen\u00e7a do prefeito Jo\u00e3o Batista Bianchini, do consultor t\u00e9cnico e coordenador","canonical_url":"https:\/\/www.encontrabebedouro.com.br\/sobre\/marcada-a-inauguracao-da-sede-do-cerest-em-bebedouro\/","robots":"max-image-preview:large","keywords":"","webmasterTools":{"miscellaneous":""},"schema":{"@context":"https:\/\/schema.org","@graph":[{"@type":"Article","@id":"https:\/\/www.encontrabebedouro.com.br\/sobre\/marcada-a-inauguracao-da-sede-do-cerest-em-bebedouro\/#article","name":"Marcada a inaugura\u00e7\u00e3o da sede do Cerest em Bebedouro | Encontra Bebedouro","headline":"Marcada a inaugura\u00e7\u00e3o da sede do Cerest em Bebedouro","author":{"@id":"https:\/\/www.encontrabebedouro.com.br\/sobre\/author\/ebebedouro\/#author"},"publisher":{"@id":"https:\/\/www.encontrabebedouro.com.br\/sobre\/#organization"},"datePublished":"2012-01-17T14:00:27-02:00","dateModified":"2019-04-29T17:13:32-03:00","inLanguage":"pt-BR","mainEntityOfPage":{"@id":"https:\/\/www.encontrabebedouro.com.br\/sobre\/marcada-a-inauguracao-da-sede-do-cerest-em-bebedouro\/#webpage"},"isPartOf":{"@id":"https:\/\/www.encontrabebedouro.com.br\/sobre\/marcada-a-inauguracao-da-sede-do-cerest-em-bebedouro\/#webpage"},"articleSection":"Not\u00edcias Bebedouro"},{"@type":"BreadcrumbList","@id":"https:\/\/www.encontrabebedouro.com.br\/sobre\/marcada-a-inauguracao-da-sede-do-cerest-em-bebedouro\/#breadcrumblist","itemListElement":[{"@type":"ListItem","@id":"https:\/\/www.encontrabebedouro.com.br\/sobre#listItem","position":1,"name":"Dom\u00e9stica","item":"https:\/\/www.encontrabebedouro.com.br\/sobre","nextItem":{"@type":"ListItem","@id":"https:\/\/www.encontrabebedouro.com.br\/sobre\/noticias-bebedouro\/#listItem","name":"Not\u00edcias Bebedouro"}},{"@type":"ListItem","@id":"https:\/\/www.encontrabebedouro.com.br\/sobre\/noticias-bebedouro\/#listItem","position":2,"name":"Not\u00edcias Bebedouro","item":"https:\/\/www.encontrabebedouro.com.br\/sobre\/noticias-bebedouro\/","nextItem":{"@type":"ListItem","@id":"https:\/\/www.encontrabebedouro.com.br\/sobre\/marcada-a-inauguracao-da-sede-do-cerest-em-bebedouro\/#listItem","name":"Marcada a inaugura\u00e7\u00e3o da sede do Cerest em Bebedouro"},"previousItem":{"@type":"ListItem","@id":"https:\/\/www.encontrabebedouro.com.br\/sobre#listItem","name":"Dom\u00e9stica"}},{"@type":"ListItem","@id":"https:\/\/www.encontrabebedouro.com.br\/sobre\/marcada-a-inauguracao-da-sede-do-cerest-em-bebedouro\/#listItem","position":3,"name":"Marcada a inaugura\u00e7\u00e3o da sede do Cerest em Bebedouro","previousItem":{"@type":"ListItem","@id":"https:\/\/www.encontrabebedouro.com.br\/sobre\/noticias-bebedouro\/#listItem","name":"Not\u00edcias Bebedouro"}}]},{"@type":"Organization","@id":"https:\/\/www.encontrabebedouro.com.br\/sobre\/#organization","name":"Encontra Bebedouro","description":"Not\u00edcias, eventos, informa\u00e7\u00f5es e dicas na cidade de Bebedouro e regi\u00e3o","url":"https:\/\/www.encontrabebedouro.com.br\/sobre\/"},{"@type":"Person","@id":"https:\/\/www.encontrabebedouro.com.br\/sobre\/author\/ebebedouro\/#author","url":"https:\/\/www.encontrabebedouro.com.br\/sobre\/author\/ebebedouro\/","name":"Encontra Bebedouro","image":{"@type":"ImageObject","@id":"https:\/\/www.encontrabebedouro.com.br\/sobre\/marcada-a-inauguracao-da-sede-do-cerest-em-bebedouro\/#authorImage","url":"https:\/\/secure.gravatar.com\/avatar\/507340682b8270222e1f208e23198b6ae7e2c6a1033ae84e99bc6bce4f82a387?s=96&d=mm&r=g","width":96,"height":96,"caption":"Encontra Bebedouro"}},{"@type":"WebPage","@id":"https:\/\/www.encontrabebedouro.com.br\/sobre\/marcada-a-inauguracao-da-sede-do-cerest-em-bebedouro\/#webpage","url":"https:\/\/www.encontrabebedouro.com.br\/sobre\/marcada-a-inauguracao-da-sede-do-cerest-em-bebedouro\/","name":"Marcada a inaugura\u00e7\u00e3o da sede do Cerest em Bebedouro | Encontra Bebedouro","description":"No dia 27 de janeiro (uma sexta-feira), \u00e0s 10h, no complexo do Hospital Municipal da cidade Bebedouro, acontece a inaugura\u00e7\u00e3o da nova sede do Cerest (Centro de Refer\u00eancia em Sa\u00fade do Trabalhador), agora com estrutura moderna para oferecer melhor qualidade no atendimento de pacientes. Presen\u00e7a do prefeito Jo\u00e3o Batista Bianchini, do consultor t\u00e9cnico e coordenador","inLanguage":"pt-BR","isPartOf":{"@id":"https:\/\/www.encontrabebedouro.com.br\/sobre\/#website"},"breadcrumb":{"@id":"https:\/\/www.encontrabebedouro.com.br\/sobre\/marcada-a-inauguracao-da-sede-do-cerest-em-bebedouro\/#breadcrumblist"},"author":{"@id":"https:\/\/www.encontrabebedouro.com.br\/sobre\/author\/ebebedouro\/#author"},"creator":{"@id":"https:\/\/www.encontrabebedouro.com.br\/sobre\/author\/ebebedouro\/#author"},"datePublished":"2012-01-17T14:00:27-02:00","dateModified":"2019-04-29T17:13:32-03:00"},{"@type":"WebSite","@id":"https:\/\/www.encontrabebedouro.com.br\/sobre\/#website","url":"https:\/\/www.encontrabebedouro.com.br\/sobre\/","name":"Encontra Bebedouro","description":"Not\u00edcias, eventos, informa\u00e7\u00f5es e dicas na cidade de Bebedouro e regi\u00e3o","inLanguage":"pt-BR","publisher":{"@id":"https:\/\/www.encontrabebedouro.com.br\/sobre\/#organization"}}]},"og:locale":"pt_BR","og:site_name":"Encontra Bebedouro | Not\u00edcias, eventos, informa\u00e7\u00f5es e dicas na cidade de Bebedouro e regi\u00e3o","og:type":"article","og:title":"Marcada a inaugura\u00e7\u00e3o da sede do Cerest em Bebedouro | Encontra Bebedouro","og:description":"No dia 27 de janeiro (uma sexta-feira), \u00e0s 10h, no complexo do Hospital Municipal da cidade Bebedouro, acontece a inaugura\u00e7\u00e3o da nova sede do Cerest (Centro de Refer\u00eancia em Sa\u00fade do Trabalhador), agora com estrutura moderna para oferecer melhor qualidade no atendimento de pacientes. Presen\u00e7a do prefeito Jo\u00e3o Batista Bianchini, do consultor t\u00e9cnico e coordenador","og:url":"https:\/\/www.encontrabebedouro.com.br\/sobre\/marcada-a-inauguracao-da-sede-do-cerest-em-bebedouro\/","article:published_time":"2012-01-17T16:00:27+00:00","article:modified_time":"2019-04-29T20:13:32+00:00","twitter:card":"summary_large_image","twitter:title":"Marcada a inaugura\u00e7\u00e3o da sede do Cerest em Bebedouro | Encontra Bebedouro","twitter:description":"No dia 27 de janeiro (uma sexta-feira), \u00e0s 10h, no complexo do Hospital Municipal da cidade Bebedouro, acontece a inaugura\u00e7\u00e3o da nova sede do Cerest (Centro de Refer\u00eancia em Sa\u00fade do Trabalhador), agora com estrutura moderna para oferecer melhor qualidade no atendimento de pacientes. Presen\u00e7a do prefeito Jo\u00e3o Batista Bianchini, do consultor t\u00e9cnico e coordenador"},"aioseo_meta_data":{"post_id":"96","title":null,"description":null,"keywords":null,"keyphrases":null,"primary_term":null,"canonical_url":null,"og_title":null,"og_description":null,"og_object_type":"default","og_image_type":"default","og_image_url":null,"og_image_width":null,"og_image_height":null,"og_image_custom_url":null,"og_image_custom_fields":null,"og_video":null,"og_custom_url":null,"og_article_section":null,"og_article_tags":null,"twitter_use_og":false,"twitter_card":"default","twitter_image_type":"default","twitter_image_url":null,"twitter_image_custom_url":null,"twitter_image_custom_fields":null,"twitter_title":null,"twitter_description":null,"schema":{"blockGraphs":[],"customGraphs":[],"default":{"data":{"Article":[],"Course":[],"Dataset":[],"FAQPage":[],"Movie":[],"Person":[],"Product":[],"ProductReview":[],"Car":[],"Recipe":[],"Service":[],"SoftwareApplication":[],"WebPage":[]},"graphName":"","isEnabled":true},"graphs":[]},"schema_type":"default","schema_type_options":null,"pillar_content":false,"robots_default":true,"robots_noindex":false,"robots_noarchive":false,"robots_nosnippet":false,"robots_nofollow":false,"robots_noimageindex":false,"robots_noodp":false,"robots_notranslate":false,"robots_max_snippet":null,"robots_max_videopreview":null,"robots_max_imagepreview":"large","priority":null,"frequency":null,"local_seo":null,"limit_modified_date":false,"created":"2023-09-27 20:25:34","updated":"2026-08-05 16:50:54","focus_keyword":null,"additional_keywords":null,"truseo_locale":null,"ai":null,"breadcrumb_settings":null,"seo_analyzer_scan_date":null},"aioseo_breadcrumb":"<div class=\"aioseo-breadcrumbs\"><span class=\"aioseo-breadcrumb\">\n\t\t\t<a href=\"https:\/\/www.encontrabebedouro.com.br\/sobre\" title=\"Dom\u00e9stica\">Dom\u00e9stica<\/a>\n\t\t<\/span><span class=\"aioseo-breadcrumb-separator\">&raquo;<\/span><span class=\"aioseo-breadcrumb\">\n\t\t\t<a href=\"https:\/\/www.encontrabebedouro.com.br\/sobre\/noticias-bebedouro\/\" title=\"Not\u00edcias Bebedouro\">Not\u00edcias Bebedouro<\/a>\n\t\t<\/span><span class=\"aioseo-breadcrumb-separator\">&raquo;<\/span><span class=\"aioseo-breadcrumb\">\n\t\t\tMarcada a inaugura\u00e7\u00e3o da sede do Cerest em Bebedouro\n\t\t<\/span><\/div>","aioseo_breadcrumb_json":[{"label":"Dom\u00e9stica","link":"https:\/\/www.encontrabebedouro.com.br\/sobre"},{"label":"Not\u00edcias Bebedouro","link":"https:\/\/www.encontrabebedouro.com.br\/sobre\/noticias-bebedouro\/"},{"label":"Marcada a inaugura\u00e7\u00e3o da sede do Cerest em Bebedouro","link":"https:\/\/www.encontrabebedouro.com.br\/sobre\/marcada-a-inauguracao-da-sede-do-cerest-em-bebedouro\/"}],"_links":{"self":[{"href":"https:\/\/www.encontrabebedouro.com.br\/sobre\/wp-json\/wp\/v2\/posts\/96","targetHints":{"allow":["GET"]}}],"collection":[{"href":"https:\/\/www.encontrabebedouro.com.br\/sobre\/wp-json\/wp\/v2\/posts"}],"about":[{"href":"https:\/\/www.encontrabebedouro.com.br\/sobre\/wp-json\/wp\/v2\/types\/post"}],"author":[{"embeddable":true,"href":"https:\/\/www.encontrabebedouro.com.br\/sobre\/wp-json\/wp\/v2\/users\/1"}],"replies":[{"embeddable":true,"href":"https:\/\/www.encontrabebedouro.com.br\/sobre\/wp-json\/wp\/v2\/comments?post=96"}],"version-history":[{"count":0,"href":"https:\/\/www.encontrabebedouro.com.br\/sobre\/wp-json\/wp\/v2\/posts\/96\/revisions"}],"wp:attachment":[{"href":"https:\/\/www.encontrabebedouro.com.br\/sobre\/wp-json\/wp\/v2\/media?parent=96"}],"wp:term":[{"taxonomy":"category","embeddable":true,"href":"https:\/\/www.encontrabebedouro.com.br\/sobre\/wp-json\/wp\/v2\/categories?post=96"},{"taxonomy":"post_tag","embeddable":true,"href":"https:\/\/www.encontrabebedouro.com.br\/sobre\/wp-json\/wp\/v2\/tags?post=96"}],"curies":[{"name":"wp","href":"https:\/\/api.w.org\/{rel}","templated":true}]}}