{"id":94,"date":"2012-01-11T14:36:11","date_gmt":"2012-01-11T16:36:11","guid":{"rendered":"http:\/\/www.encontrabebedouro.com.br\/noticias\/?p=94"},"modified":"2019-04-29T17:13:32","modified_gmt":"2019-04-29T20:13:32","slug":"conselheiros-tutelares-serao-eleitos-no-dia-12-de-fevereiro-em-bebedouro","status":"publish","type":"post","link":"https:\/\/www.encontrabebedouro.com.br\/sobre\/conselheiros-tutelares-serao-eleitos-no-dia-12-de-fevereiro-em-bebedouro\/","title":{"rendered":"Conselheiros tutelares ser\u00e3o eleitos no dia 12 de fevereiro em Bebedouro"},"content":{"rendered":"<div class=\"e7593ce1d9603c7e10386aa266b728a9\" data-index=\"1\" style=\"float: left; margin: 15px 15px 15px 0;\">\n<!-- EBR \/Novo-Bairro\/ 300x250 - pub-85 -->\r\n<ins class=\"adsbygoogle\"\r\n     style=\"display:inline-block;width:300px;height:250px\"\r\n     data-ad-client=\"ca-pub-8585364105181520\"\r\n     data-ad-slot=\"4691134188\"><\/ins>\r\n<script>\r\n(adsbygoogle = window.adsbygoogle || []).push({});\r\n<\/script>\r\n\n<\/div>\n<p>O CMDCA (Conselho Municipal dos Direitos da Crian\u00e7a e do Adolescente), de guia de Bebedouro, visando \u00e0 transpar\u00eancia e \u00e0 lisura, informa sobre as normas e os procedimentos dos candidatos no dia da elei\u00e7\u00e3o do Conselho Tutelar.<\/p>\n<p>\u00c9 proibido o transporte coletivo particular de eleitores, seja em vans, \u00f4nibus, peruas ou carros, bem como, dentro da sala de vota\u00e7\u00e3o, o uso de aparelho celular ou similar. N\u00e3o ser\u00e1 permitida campanha publicit\u00e1ria 24h antes do pleito, por meio de carro de som, entrevista em r\u00e1dio, jornal, redes sociais eletr\u00f4nicas e outros ve\u00edculos de comunica\u00e7\u00e3o.<\/p>\n<p>Para votar, o cidad\u00e3o dever\u00e1 levar o t\u00edtulo de eleitor e a c\u00e9dula de identidade. Os candidatos poder\u00e3o adentrar nos locais de vota\u00e7\u00e3o e, cada um, ter\u00e1 direito a um fiscal que circular\u00e1 pelas salas, inclusive nos distritos de Botafogo e Turv\u00ednea e no povoado de Andes. A inscri\u00e7\u00e3o de fiscais dever\u00e1 ser feita por of\u00edcio ao CMDCA at\u00e9 o dia 6 de fevereiro, das 8h \u00e0s 12h. A elei\u00e7\u00e3o ocorrer\u00e1 no dia 12 de fevereiro.<\/p>\n<p>Ser\u00e1 permitido ao candidato a divulga\u00e7\u00e3o em outdoor, faixas, baners, plotagem, carros de som, em jornal, \u201csantinho\u201d, meios eletr\u00f4nicos (msn, Orkut, e-mail, sites de relacionamentos, facebook, twitter) e atrav\u00e9s de entrevistas.<\/p>\n<p>Locais de vota\u00e7\u00e3o &#8211; Em Bebedouro, na Emeb \u201cSt\u00e9lio Machado Loureiro\u201d, na Rua General Os\u00f3rio, 915, Centro; no distrito de Turv\u00ednea, na Emeb \u201cIsabel Motta Silva Cardoso\u201d; no distrito de Botafogo, no Cemei \u201cLudovino Adrega de Moura\u201d, e, no povoado de Andes, na Emeb \u201cAlfredo Naime\u201d.<\/p>\n<p>Os eleitores dos distritos somente poder\u00e3o votar na pr\u00f3pria localidade, de acordo com determina\u00e7\u00e3o do Cart\u00f3rio Eleitoral.<\/p>\n<p>\u00c9 proibido aos fiscais permanecerem nas salas quando da apura\u00e7\u00e3o dos votos, somente os candidatos. N\u00e3o ser\u00e1 tamb\u00e9m permitida a aproxima\u00e7\u00e3o dos mes\u00e1rios quando da contagem dos votos nas salas e, no final, na mesa da junta apuradora.<\/p>\n<p>A Prefeitura de Bebedouro providenciar\u00e1 \u00f4nibus, com hor\u00e1rios pr\u00e9-determinados para transporte de eleitores. Pontos de partida: CE \u201cJos\u00e9 Caldeira Cardoso\u201d (Jd. De L\u00faccia), Cemei \u201cMara Marques\u201d (Jd. Rassim Dib), CE \u201cTancredo Neves\u201d (Jd. Cl\u00e1udia), Casa de Retiro Bom Pastor (Parati II\/Residencial Dr. Pedro Paschoal), CE Arnaldo de Rosis Garrido (Jd. Alvorada), CE \u201cDr. Hely Sim\u00f5es\u201d (Jd Tropical), Emei \u201cMaria \u201cFernanda Lopes Piffer\u201d (Jd. Santaella), Emei \u201cDr. Augusto Vieira\u201d (Jd. Centen\u00e1rio). Sa\u00edda: 9h e retorno \u00e0s 11h. Sa\u00edda:\u00a0 14h e retorno \u00e0s 16h.<\/p>\n<p>Essas delibera\u00e7\u00f5es s\u00e3o da presidente do CMDCA, Neide Aparecida Rosa. O \u00f3rg\u00e3o atua no controle social da pol\u00edtica de atendimento \u00e0 crian\u00e7a e ao adolescente.<\/p>\n<p>Candidatos a Conselheiro Tutelar (total de 30) &#8211; Alessandra Viana, Alisson Felipe Passareti, Aparecida Cardoso de Souza, Aparecida de Jesus Garcia Ivanof, Aurea Marta Barbosa da Silva, Carlos Alberto Alves, Edson Carlos de Toni, Eidi Sueli Pereira dos Santos, Elaine ZS Caram Sabbag, Fl\u00e1via Palma, Fl\u00e1via Regina Chaves Traversim, Gedivaldo Mariano Luca de Oliveira, Giorlando Campos Borges, Grazielli Cristina Lopes, Izabel Cristina Correia, Jaqueline Cristina de Souza Marques, Josiane Aparecida Lopes da Silva, K\u00e1tia Aparecida Pasqualeto Serra Leite, Luciana Savier, Lucin\u00e9ia Ferreira dos Santos, M\u00e1rcia Cristina dos S. Pires da Silva, Maria de F\u00e1tima de Morais Donaire, Nathalia Cristina Vieira, Patr\u00edcia Figueira Pessoa, Rafael Danilo Moreira, Regina C\u00e9lia Gon\u00e7alves Augusto da Silva, Rosemeire Alves de Lima, Silmara Ribeiro dos Santos, Telma Mira Assump\u00e7\u00e3o Campanini e Vanessa Helena Silva.<\/p>\n<p><em>Fonte: Prefeitura de Bebedouro<\/em><\/p>\n\n<div style=\"font-size: 0px; height: 0px; line-height: 0px; margin: 0; padding: 0; clear: both;\"><\/div>","protected":false},"excerpt":{"rendered":"<p>O CMDCA (Conselho Municipal dos Direitos da Crian\u00e7a e do Adolescente), de guia de Bebedouro, visando \u00e0 transpar\u00eancia e \u00e0 lisura, informa sobre as normas e os procedimentos dos candidatos no dia da elei\u00e7\u00e3o do Conselho Tutelar. \u00c9 proibido o transporte coletivo particular de eleitores, seja em vans, \u00f4nibus, peruas ou carros, bem como, dentro da sala de vota\u00e7\u00e3o, o uso de aparelho celular ou similar. N\u00e3o ser\u00e1 permitida campanha publicit\u00e1ria 24h antes do pleito, por meio de carro de som, entrevista em r\u00e1dio, jornal, redes sociais eletr\u00f4nicas e outros ve\u00edculos de comunica\u00e7\u00e3o. Para votar, o cidad\u00e3o dever\u00e1 levar o <\/p>\n","protected":false},"author":1,"featured_media":0,"comment_status":"open","ping_status":"closed","sticky":false,"template":"","format":"standard","meta":{"footnotes":""},"categories":[6],"tags":[],"class_list":["post-94","post","type-post","status-publish","format-standard","hentry","category-noticias-bebedouro"],"aioseo_notices":[],"aioseo_head":"\n\t\t<!-- All in One SEO 5.0.0.1 - aioseo.com -->\n\t<meta name=\"description\" content=\"O CMDCA (Conselho Municipal dos Direitos da Crian\u00e7a e do Adolescente), de guia de Bebedouro, visando \u00e0 transpar\u00eancia e \u00e0 lisura, informa sobre as normas e os procedimentos dos candidatos no dia da elei\u00e7\u00e3o do Conselho Tutelar. \u00c9 proibido o transporte coletivo particular de eleitores, seja em vans, \u00f4nibus, peruas ou carros, bem como, dentro\" \/>\n\t<meta name=\"robots\" content=\"max-image-preview:large\" \/>\n\t<meta name=\"author\" content=\"Encontra Bebedouro\"\/>\n\t<link rel=\"canonical\" href=\"https:\/\/www.encontrabebedouro.com.br\/sobre\/conselheiros-tutelares-serao-eleitos-no-dia-12-de-fevereiro-em-bebedouro\/\" \/>\n\t<meta name=\"generator\" content=\"All in One SEO (AIOSEO) 5.0.0.1\" \/>\n\t\t<meta property=\"og:locale\" content=\"pt_BR\" \/>\n\t\t<meta property=\"og:site_name\" content=\"Encontra Bebedouro | Not\u00edcias, eventos, informa\u00e7\u00f5es e dicas na cidade de Bebedouro e regi\u00e3o\" \/>\n\t\t<meta property=\"og:type\" content=\"article\" \/>\n\t\t<meta property=\"og:title\" content=\"Conselheiros tutelares ser\u00e3o eleitos no dia 12 de fevereiro em Bebedouro | Encontra Bebedouro\" \/>\n\t\t<meta property=\"og:description\" content=\"O CMDCA (Conselho Municipal dos Direitos da Crian\u00e7a e do Adolescente), de guia de Bebedouro, visando \u00e0 transpar\u00eancia e \u00e0 lisura, informa sobre as normas e os procedimentos dos candidatos no dia da elei\u00e7\u00e3o do Conselho Tutelar. \u00c9 proibido o transporte coletivo particular de eleitores, seja em vans, \u00f4nibus, peruas ou carros, bem como, dentro\" \/>\n\t\t<meta property=\"og:url\" content=\"https:\/\/www.encontrabebedouro.com.br\/sobre\/conselheiros-tutelares-serao-eleitos-no-dia-12-de-fevereiro-em-bebedouro\/\" \/>\n\t\t<meta property=\"article:published_time\" content=\"2012-01-11T16:36:11+00:00\" \/>\n\t\t<meta property=\"article:modified_time\" content=\"2019-04-29T20:13:32+00:00\" \/>\n\t\t<meta name=\"twitter:card\" content=\"summary_large_image\" \/>\n\t\t<meta name=\"twitter:title\" content=\"Conselheiros tutelares ser\u00e3o eleitos no dia 12 de fevereiro em Bebedouro | Encontra Bebedouro\" \/>\n\t\t<meta name=\"twitter:description\" content=\"O CMDCA (Conselho Municipal dos Direitos da Crian\u00e7a e do Adolescente), de guia de Bebedouro, visando \u00e0 transpar\u00eancia e \u00e0 lisura, informa sobre as normas e os procedimentos dos candidatos no dia da elei\u00e7\u00e3o do Conselho Tutelar. \u00c9 proibido o transporte coletivo particular de eleitores, seja em vans, \u00f4nibus, peruas ou carros, bem como, dentro\" \/>\n\t\t<script type=\"application\/ld+json\" class=\"aioseo-schema\">\n\t\t\t{\"@context\":\"https:\\\/\\\/schema.org\",\"@graph\":[{\"@type\":\"Article\",\"@id\":\"https:\\\/\\\/www.encontrabebedouro.com.br\\\/sobre\\\/conselheiros-tutelares-serao-eleitos-no-dia-12-de-fevereiro-em-bebedouro\\\/#article\",\"name\":\"Conselheiros tutelares ser\\u00e3o eleitos no dia 12 de fevereiro em Bebedouro | Encontra Bebedouro\",\"headline\":\"Conselheiros tutelares ser\\u00e3o eleitos no dia 12 de fevereiro em Bebedouro\",\"author\":{\"@id\":\"https:\\\/\\\/www.encontrabebedouro.com.br\\\/sobre\\\/author\\\/ebebedouro\\\/#author\"},\"publisher\":{\"@id\":\"https:\\\/\\\/www.encontrabebedouro.com.br\\\/sobre\\\/#organization\"},\"datePublished\":\"2012-01-11T14:36:11-02:00\",\"dateModified\":\"2019-04-29T17:13:32-03:00\",\"inLanguage\":\"pt-BR\",\"mainEntityOfPage\":{\"@id\":\"https:\\\/\\\/www.encontrabebedouro.com.br\\\/sobre\\\/conselheiros-tutelares-serao-eleitos-no-dia-12-de-fevereiro-em-bebedouro\\\/#webpage\"},\"isPartOf\":{\"@id\":\"https:\\\/\\\/www.encontrabebedouro.com.br\\\/sobre\\\/conselheiros-tutelares-serao-eleitos-no-dia-12-de-fevereiro-em-bebedouro\\\/#webpage\"},\"articleSection\":\"Not\\u00edcias Bebedouro\"},{\"@type\":\"BreadcrumbList\",\"@id\":\"https:\\\/\\\/www.encontrabebedouro.com.br\\\/sobre\\\/conselheiros-tutelares-serao-eleitos-no-dia-12-de-fevereiro-em-bebedouro\\\/#breadcrumblist\",\"itemListElement\":[{\"@type\":\"ListItem\",\"@id\":\"https:\\\/\\\/www.encontrabebedouro.com.br\\\/sobre#listItem\",\"position\":1,\"name\":\"Dom\\u00e9stica\",\"item\":\"https:\\\/\\\/www.encontrabebedouro.com.br\\\/sobre\",\"nextItem\":{\"@type\":\"ListItem\",\"@id\":\"https:\\\/\\\/www.encontrabebedouro.com.br\\\/sobre\\\/noticias-bebedouro\\\/#listItem\",\"name\":\"Not\\u00edcias Bebedouro\"}},{\"@type\":\"ListItem\",\"@id\":\"https:\\\/\\\/www.encontrabebedouro.com.br\\\/sobre\\\/noticias-bebedouro\\\/#listItem\",\"position\":2,\"name\":\"Not\\u00edcias Bebedouro\",\"item\":\"https:\\\/\\\/www.encontrabebedouro.com.br\\\/sobre\\\/noticias-bebedouro\\\/\",\"nextItem\":{\"@type\":\"ListItem\",\"@id\":\"https:\\\/\\\/www.encontrabebedouro.com.br\\\/sobre\\\/conselheiros-tutelares-serao-eleitos-no-dia-12-de-fevereiro-em-bebedouro\\\/#listItem\",\"name\":\"Conselheiros tutelares ser\\u00e3o eleitos no dia 12 de fevereiro em Bebedouro\"},\"previousItem\":{\"@type\":\"ListItem\",\"@id\":\"https:\\\/\\\/www.encontrabebedouro.com.br\\\/sobre#listItem\",\"name\":\"Dom\\u00e9stica\"}},{\"@type\":\"ListItem\",\"@id\":\"https:\\\/\\\/www.encontrabebedouro.com.br\\\/sobre\\\/conselheiros-tutelares-serao-eleitos-no-dia-12-de-fevereiro-em-bebedouro\\\/#listItem\",\"position\":3,\"name\":\"Conselheiros tutelares ser\\u00e3o eleitos no dia 12 de fevereiro em Bebedouro\",\"previousItem\":{\"@type\":\"ListItem\",\"@id\":\"https:\\\/\\\/www.encontrabebedouro.com.br\\\/sobre\\\/noticias-bebedouro\\\/#listItem\",\"name\":\"Not\\u00edcias Bebedouro\"}}]},{\"@type\":\"Organization\",\"@id\":\"https:\\\/\\\/www.encontrabebedouro.com.br\\\/sobre\\\/#organization\",\"name\":\"Encontra Bebedouro\",\"description\":\"Not\\u00edcias, eventos, informa\\u00e7\\u00f5es e dicas na cidade de Bebedouro e regi\\u00e3o\",\"url\":\"https:\\\/\\\/www.encontrabebedouro.com.br\\\/sobre\\\/\"},{\"@type\":\"Person\",\"@id\":\"https:\\\/\\\/www.encontrabebedouro.com.br\\\/sobre\\\/author\\\/ebebedouro\\\/#author\",\"url\":\"https:\\\/\\\/www.encontrabebedouro.com.br\\\/sobre\\\/author\\\/ebebedouro\\\/\",\"name\":\"Encontra Bebedouro\",\"image\":{\"@type\":\"ImageObject\",\"@id\":\"https:\\\/\\\/www.encontrabebedouro.com.br\\\/sobre\\\/conselheiros-tutelares-serao-eleitos-no-dia-12-de-fevereiro-em-bebedouro\\\/#authorImage\",\"url\":\"https:\\\/\\\/secure.gravatar.com\\\/avatar\\\/507340682b8270222e1f208e23198b6ae7e2c6a1033ae84e99bc6bce4f82a387?s=96&d=mm&r=g\",\"width\":96,\"height\":96,\"caption\":\"Encontra Bebedouro\"}},{\"@type\":\"WebPage\",\"@id\":\"https:\\\/\\\/www.encontrabebedouro.com.br\\\/sobre\\\/conselheiros-tutelares-serao-eleitos-no-dia-12-de-fevereiro-em-bebedouro\\\/#webpage\",\"url\":\"https:\\\/\\\/www.encontrabebedouro.com.br\\\/sobre\\\/conselheiros-tutelares-serao-eleitos-no-dia-12-de-fevereiro-em-bebedouro\\\/\",\"name\":\"Conselheiros tutelares ser\\u00e3o eleitos no dia 12 de fevereiro em Bebedouro | Encontra Bebedouro\",\"description\":\"O CMDCA (Conselho Municipal dos Direitos da Crian\\u00e7a e do Adolescente), de guia de Bebedouro, visando \\u00e0 transpar\\u00eancia e \\u00e0 lisura, informa sobre as normas e os procedimentos dos candidatos no dia da elei\\u00e7\\u00e3o do Conselho Tutelar. \\u00c9 proibido o transporte coletivo particular de eleitores, seja em vans, \\u00f4nibus, peruas ou carros, bem como, dentro\",\"inLanguage\":\"pt-BR\",\"isPartOf\":{\"@id\":\"https:\\\/\\\/www.encontrabebedouro.com.br\\\/sobre\\\/#website\"},\"breadcrumb\":{\"@id\":\"https:\\\/\\\/www.encontrabebedouro.com.br\\\/sobre\\\/conselheiros-tutelares-serao-eleitos-no-dia-12-de-fevereiro-em-bebedouro\\\/#breadcrumblist\"},\"author\":{\"@id\":\"https:\\\/\\\/www.encontrabebedouro.com.br\\\/sobre\\\/author\\\/ebebedouro\\\/#author\"},\"creator\":{\"@id\":\"https:\\\/\\\/www.encontrabebedouro.com.br\\\/sobre\\\/author\\\/ebebedouro\\\/#author\"},\"datePublished\":\"2012-01-11T14:36:11-02:00\",\"dateModified\":\"2019-04-29T17:13:32-03:00\"},{\"@type\":\"WebSite\",\"@id\":\"https:\\\/\\\/www.encontrabebedouro.com.br\\\/sobre\\\/#website\",\"url\":\"https:\\\/\\\/www.encontrabebedouro.com.br\\\/sobre\\\/\",\"name\":\"Encontra Bebedouro\",\"description\":\"Not\\u00edcias, eventos, informa\\u00e7\\u00f5es e dicas na cidade de Bebedouro e regi\\u00e3o\",\"inLanguage\":\"pt-BR\",\"publisher\":{\"@id\":\"https:\\\/\\\/www.encontrabebedouro.com.br\\\/sobre\\\/#organization\"}}]}\n\t\t<\/script>\n\t\t<!-- All in One SEO -->\n\n","aioseo_head_json":{"title":"Conselheiros tutelares ser\u00e3o eleitos no dia 12 de fevereiro em Bebedouro | Encontra Bebedouro","description":"O CMDCA (Conselho Municipal dos Direitos da Crian\u00e7a e do Adolescente), de guia de Bebedouro, visando \u00e0 transpar\u00eancia e \u00e0 lisura, informa sobre as normas e os procedimentos dos candidatos no dia da elei\u00e7\u00e3o do Conselho Tutelar. \u00c9 proibido o transporte coletivo particular de eleitores, seja em vans, \u00f4nibus, peruas ou carros, bem como, dentro","canonical_url":"https:\/\/www.encontrabebedouro.com.br\/sobre\/conselheiros-tutelares-serao-eleitos-no-dia-12-de-fevereiro-em-bebedouro\/","robots":"max-image-preview:large","keywords":"","webmasterTools":{"miscellaneous":""},"schema":{"@context":"https:\/\/schema.org","@graph":[{"@type":"Article","@id":"https:\/\/www.encontrabebedouro.com.br\/sobre\/conselheiros-tutelares-serao-eleitos-no-dia-12-de-fevereiro-em-bebedouro\/#article","name":"Conselheiros tutelares ser\u00e3o eleitos no dia 12 de fevereiro em Bebedouro | Encontra Bebedouro","headline":"Conselheiros tutelares ser\u00e3o eleitos no dia 12 de fevereiro em Bebedouro","author":{"@id":"https:\/\/www.encontrabebedouro.com.br\/sobre\/author\/ebebedouro\/#author"},"publisher":{"@id":"https:\/\/www.encontrabebedouro.com.br\/sobre\/#organization"},"datePublished":"2012-01-11T14:36:11-02:00","dateModified":"2019-04-29T17:13:32-03:00","inLanguage":"pt-BR","mainEntityOfPage":{"@id":"https:\/\/www.encontrabebedouro.com.br\/sobre\/conselheiros-tutelares-serao-eleitos-no-dia-12-de-fevereiro-em-bebedouro\/#webpage"},"isPartOf":{"@id":"https:\/\/www.encontrabebedouro.com.br\/sobre\/conselheiros-tutelares-serao-eleitos-no-dia-12-de-fevereiro-em-bebedouro\/#webpage"},"articleSection":"Not\u00edcias Bebedouro"},{"@type":"BreadcrumbList","@id":"https:\/\/www.encontrabebedouro.com.br\/sobre\/conselheiros-tutelares-serao-eleitos-no-dia-12-de-fevereiro-em-bebedouro\/#breadcrumblist","itemListElement":[{"@type":"ListItem","@id":"https:\/\/www.encontrabebedouro.com.br\/sobre#listItem","position":1,"name":"Dom\u00e9stica","item":"https:\/\/www.encontrabebedouro.com.br\/sobre","nextItem":{"@type":"ListItem","@id":"https:\/\/www.encontrabebedouro.com.br\/sobre\/noticias-bebedouro\/#listItem","name":"Not\u00edcias Bebedouro"}},{"@type":"ListItem","@id":"https:\/\/www.encontrabebedouro.com.br\/sobre\/noticias-bebedouro\/#listItem","position":2,"name":"Not\u00edcias Bebedouro","item":"https:\/\/www.encontrabebedouro.com.br\/sobre\/noticias-bebedouro\/","nextItem":{"@type":"ListItem","@id":"https:\/\/www.encontrabebedouro.com.br\/sobre\/conselheiros-tutelares-serao-eleitos-no-dia-12-de-fevereiro-em-bebedouro\/#listItem","name":"Conselheiros tutelares ser\u00e3o eleitos no dia 12 de fevereiro em Bebedouro"},"previousItem":{"@type":"ListItem","@id":"https:\/\/www.encontrabebedouro.com.br\/sobre#listItem","name":"Dom\u00e9stica"}},{"@type":"ListItem","@id":"https:\/\/www.encontrabebedouro.com.br\/sobre\/conselheiros-tutelares-serao-eleitos-no-dia-12-de-fevereiro-em-bebedouro\/#listItem","position":3,"name":"Conselheiros tutelares ser\u00e3o eleitos no dia 12 de fevereiro em Bebedouro","previousItem":{"@type":"ListItem","@id":"https:\/\/www.encontrabebedouro.com.br\/sobre\/noticias-bebedouro\/#listItem","name":"Not\u00edcias Bebedouro"}}]},{"@type":"Organization","@id":"https:\/\/www.encontrabebedouro.com.br\/sobre\/#organization","name":"Encontra Bebedouro","description":"Not\u00edcias, eventos, informa\u00e7\u00f5es e dicas na cidade de Bebedouro e regi\u00e3o","url":"https:\/\/www.encontrabebedouro.com.br\/sobre\/"},{"@type":"Person","@id":"https:\/\/www.encontrabebedouro.com.br\/sobre\/author\/ebebedouro\/#author","url":"https:\/\/www.encontrabebedouro.com.br\/sobre\/author\/ebebedouro\/","name":"Encontra Bebedouro","image":{"@type":"ImageObject","@id":"https:\/\/www.encontrabebedouro.com.br\/sobre\/conselheiros-tutelares-serao-eleitos-no-dia-12-de-fevereiro-em-bebedouro\/#authorImage","url":"https:\/\/secure.gravatar.com\/avatar\/507340682b8270222e1f208e23198b6ae7e2c6a1033ae84e99bc6bce4f82a387?s=96&d=mm&r=g","width":96,"height":96,"caption":"Encontra Bebedouro"}},{"@type":"WebPage","@id":"https:\/\/www.encontrabebedouro.com.br\/sobre\/conselheiros-tutelares-serao-eleitos-no-dia-12-de-fevereiro-em-bebedouro\/#webpage","url":"https:\/\/www.encontrabebedouro.com.br\/sobre\/conselheiros-tutelares-serao-eleitos-no-dia-12-de-fevereiro-em-bebedouro\/","name":"Conselheiros tutelares ser\u00e3o eleitos no dia 12 de fevereiro em Bebedouro | Encontra Bebedouro","description":"O CMDCA (Conselho Municipal dos Direitos da Crian\u00e7a e do Adolescente), de guia de Bebedouro, visando \u00e0 transpar\u00eancia e \u00e0 lisura, informa sobre as normas e os procedimentos dos candidatos no dia da elei\u00e7\u00e3o do Conselho Tutelar. \u00c9 proibido o transporte coletivo particular de eleitores, seja em vans, \u00f4nibus, peruas ou carros, bem como, dentro","inLanguage":"pt-BR","isPartOf":{"@id":"https:\/\/www.encontrabebedouro.com.br\/sobre\/#website"},"breadcrumb":{"@id":"https:\/\/www.encontrabebedouro.com.br\/sobre\/conselheiros-tutelares-serao-eleitos-no-dia-12-de-fevereiro-em-bebedouro\/#breadcrumblist"},"author":{"@id":"https:\/\/www.encontrabebedouro.com.br\/sobre\/author\/ebebedouro\/#author"},"creator":{"@id":"https:\/\/www.encontrabebedouro.com.br\/sobre\/author\/ebebedouro\/#author"},"datePublished":"2012-01-11T14:36:11-02:00","dateModified":"2019-04-29T17:13:32-03:00"},{"@type":"WebSite","@id":"https:\/\/www.encontrabebedouro.com.br\/sobre\/#website","url":"https:\/\/www.encontrabebedouro.com.br\/sobre\/","name":"Encontra Bebedouro","description":"Not\u00edcias, eventos, informa\u00e7\u00f5es e dicas na cidade de Bebedouro e regi\u00e3o","inLanguage":"pt-BR","publisher":{"@id":"https:\/\/www.encontrabebedouro.com.br\/sobre\/#organization"}}]},"og:locale":"pt_BR","og:site_name":"Encontra Bebedouro | Not\u00edcias, eventos, informa\u00e7\u00f5es e dicas na cidade de Bebedouro e regi\u00e3o","og:type":"article","og:title":"Conselheiros tutelares ser\u00e3o eleitos no dia 12 de fevereiro em Bebedouro | Encontra Bebedouro","og:description":"O CMDCA (Conselho Municipal dos Direitos da Crian\u00e7a e do Adolescente), de guia de Bebedouro, visando \u00e0 transpar\u00eancia e \u00e0 lisura, informa sobre as normas e os procedimentos dos candidatos no dia da elei\u00e7\u00e3o do Conselho Tutelar. \u00c9 proibido o transporte coletivo particular de eleitores, seja em vans, \u00f4nibus, peruas ou carros, bem como, dentro","og:url":"https:\/\/www.encontrabebedouro.com.br\/sobre\/conselheiros-tutelares-serao-eleitos-no-dia-12-de-fevereiro-em-bebedouro\/","article:published_time":"2012-01-11T16:36:11+00:00","article:modified_time":"2019-04-29T20:13:32+00:00","twitter:card":"summary_large_image","twitter:title":"Conselheiros tutelares ser\u00e3o eleitos no dia 12 de fevereiro em Bebedouro | Encontra Bebedouro","twitter:description":"O CMDCA (Conselho Municipal dos Direitos da Crian\u00e7a e do Adolescente), de guia de Bebedouro, visando \u00e0 transpar\u00eancia e \u00e0 lisura, informa sobre as normas e os procedimentos dos candidatos no dia da elei\u00e7\u00e3o do Conselho Tutelar. \u00c9 proibido o transporte coletivo particular de eleitores, seja em vans, \u00f4nibus, peruas ou carros, bem como, dentro"},"aioseo_meta_data":{"post_id":"94","title":null,"description":null,"keywords":null,"keyphrases":null,"primary_term":null,"canonical_url":null,"og_title":null,"og_description":null,"og_object_type":"default","og_image_type":"default","og_image_url":null,"og_image_width":null,"og_image_height":null,"og_image_custom_url":null,"og_image_custom_fields":null,"og_video":null,"og_custom_url":null,"og_article_section":null,"og_article_tags":null,"twitter_use_og":false,"twitter_card":"default","twitter_image_type":"default","twitter_image_url":null,"twitter_image_custom_url":null,"twitter_image_custom_fields":null,"twitter_title":null,"twitter_description":null,"schema":{"blockGraphs":[],"customGraphs":[],"default":{"data":{"Article":[],"Course":[],"Dataset":[],"FAQPage":[],"Movie":[],"Person":[],"Product":[],"ProductReview":[],"Car":[],"Recipe":[],"Service":[],"SoftwareApplication":[],"WebPage":[]},"graphName":"","isEnabled":true},"graphs":[]},"schema_type":"default","schema_type_options":null,"pillar_content":false,"robots_default":true,"robots_noindex":false,"robots_noarchive":false,"robots_nosnippet":false,"robots_nofollow":false,"robots_noimageindex":false,"robots_noodp":false,"robots_notranslate":false,"robots_max_snippet":null,"robots_max_videopreview":null,"robots_max_imagepreview":"large","priority":null,"frequency":null,"local_seo":null,"limit_modified_date":false,"created":"2023-09-27 20:25:34","updated":"2026-08-05 16:50:54","focus_keyword":null,"additional_keywords":null,"truseo_locale":null,"ai":null,"breadcrumb_settings":null,"seo_analyzer_scan_date":null},"aioseo_breadcrumb":"<div class=\"aioseo-breadcrumbs\"><span class=\"aioseo-breadcrumb\">\n\t\t\t<a href=\"https:\/\/www.encontrabebedouro.com.br\/sobre\" title=\"Dom\u00e9stica\">Dom\u00e9stica<\/a>\n\t\t<\/span><span class=\"aioseo-breadcrumb-separator\">&raquo;<\/span><span class=\"aioseo-breadcrumb\">\n\t\t\t<a href=\"https:\/\/www.encontrabebedouro.com.br\/sobre\/noticias-bebedouro\/\" title=\"Not\u00edcias Bebedouro\">Not\u00edcias Bebedouro<\/a>\n\t\t<\/span><span class=\"aioseo-breadcrumb-separator\">&raquo;<\/span><span class=\"aioseo-breadcrumb\">\n\t\t\tConselheiros tutelares ser\u00e3o eleitos no dia 12 de fevereiro em Bebedouro\n\t\t<\/span><\/div>","aioseo_breadcrumb_json":[{"label":"Dom\u00e9stica","link":"https:\/\/www.encontrabebedouro.com.br\/sobre"},{"label":"Not\u00edcias Bebedouro","link":"https:\/\/www.encontrabebedouro.com.br\/sobre\/noticias-bebedouro\/"},{"label":"Conselheiros tutelares ser\u00e3o eleitos no dia 12 de fevereiro em Bebedouro","link":"https:\/\/www.encontrabebedouro.com.br\/sobre\/conselheiros-tutelares-serao-eleitos-no-dia-12-de-fevereiro-em-bebedouro\/"}],"_links":{"self":[{"href":"https:\/\/www.encontrabebedouro.com.br\/sobre\/wp-json\/wp\/v2\/posts\/94","targetHints":{"allow":["GET"]}}],"collection":[{"href":"https:\/\/www.encontrabebedouro.com.br\/sobre\/wp-json\/wp\/v2\/posts"}],"about":[{"href":"https:\/\/www.encontrabebedouro.com.br\/sobre\/wp-json\/wp\/v2\/types\/post"}],"author":[{"embeddable":true,"href":"https:\/\/www.encontrabebedouro.com.br\/sobre\/wp-json\/wp\/v2\/users\/1"}],"replies":[{"embeddable":true,"href":"https:\/\/www.encontrabebedouro.com.br\/sobre\/wp-json\/wp\/v2\/comments?post=94"}],"version-history":[{"count":0,"href":"https:\/\/www.encontrabebedouro.com.br\/sobre\/wp-json\/wp\/v2\/posts\/94\/revisions"}],"wp:attachment":[{"href":"https:\/\/www.encontrabebedouro.com.br\/sobre\/wp-json\/wp\/v2\/media?parent=94"}],"wp:term":[{"taxonomy":"category","embeddable":true,"href":"https:\/\/www.encontrabebedouro.com.br\/sobre\/wp-json\/wp\/v2\/categories?post=94"},{"taxonomy":"post_tag","embeddable":true,"href":"https:\/\/www.encontrabebedouro.com.br\/sobre\/wp-json\/wp\/v2\/tags?post=94"}],"curies":[{"name":"wp","href":"https:\/\/api.w.org\/{rel}","templated":true}]}}