{"id":718,"date":"2013-08-06T10:37:19","date_gmt":"2013-08-06T12:37:19","guid":{"rendered":"http:\/\/www.encontrabebedouro.com.br\/noticias\/?p=718"},"modified":"2019-04-29T17:11:37","modified_gmt":"2019-04-29T20:11:37","slug":"obras-na-zona-oeste-de-bebedouro-sao-retomadas","status":"publish","type":"post","link":"https:\/\/www.encontrabebedouro.com.br\/sobre\/obras-na-zona-oeste-de-bebedouro-sao-retomadas\/","title":{"rendered":"Obras na Zona Oeste de Bebedouro s\u00e3o retomadas"},"content":{"rendered":"<div class=\"e7593ce1d9603c7e10386aa266b728a9\" data-index=\"1\" style=\"float: left; margin: 15px 15px 15px 0;\">\n<!-- EBR \/Novo-Bairro\/ 300x250 - pub-85 -->\r\n<ins class=\"adsbygoogle\"\r\n     style=\"display:inline-block;width:300px;height:250px\"\r\n     data-ad-client=\"ca-pub-8585364105181520\"\r\n     data-ad-slot=\"4691134188\"><\/ins>\r\n<script>\r\n(adsbygoogle = window.adsbygoogle || []).push({});\r\n<\/script>\r\n\n<\/div>\n<p>De acordo com o diretor do Departamento de Planejamento e Obras, Gilmar Feltrin, os trabalhos ficaram paralisados por aproximadamente 15 dias a espera da Caixa Econ\u00f4mica Federal \u00a0aprovar a medi\u00e7\u00e3o da obra \u00a0para liberar a primeira parcela do conv\u00eanio.<\/p>\n<p>\u201cConseguimos que a empresa respons\u00e1vel come\u00e7asse a obra antes da libera\u00e7\u00e3o da primeira parcela, para n\u00e3o perdemos o conv\u00eanio. A empresa cumpriu, parou um servi\u00e7o em outra cidade e deu in\u00edcio a recupera\u00e7\u00e3o das vias da zona oeste. Essa interrup\u00e7\u00e3o teve que acontecer para que a Caixa pudesse fazer as vistorias necess\u00e1rias\u201d, explicou Feltrin.<\/p>\n<p>Durante o per\u00edodo de paralisa\u00e7\u00e3o foram realizados os servi\u00e7o de pintura e sinaliza\u00e7\u00e3o nas vias para proporcionar melhor fluxo dos ve\u00edculos e reduzir a possibilidade de acidentes, garantindo a seguran\u00e7a dos motoristas e moradores.<\/p>\n<p>A recupera\u00e7\u00e3o das vias est\u00e1 sendo realizada nos bairros Jardim Progresso, Sanderson, Vila Elizabeth e parte do Jardim Maraj\u00e1. O t\u00e9rmino das obras est\u00e1 previsto para o final de agosto.<\/p>\n<p><em>Fonte: Prefeitura Bebedouro<\/em><\/p>\n\n<div style=\"font-size: 0px; height: 0px; line-height: 0px; margin: 0; padding: 0; clear: both;\"><\/div>","protected":false},"excerpt":{"rendered":"<p>De acordo com o diretor do Departamento de Planejamento e Obras, Gilmar Feltrin, os trabalhos ficaram paralisados por aproximadamente 15 dias a espera da Caixa Econ\u00f4mica Federal \u00a0aprovar a medi\u00e7\u00e3o da obra \u00a0para liberar a primeira parcela do conv\u00eanio. \u201cConseguimos que a empresa respons\u00e1vel come\u00e7asse a obra antes da libera\u00e7\u00e3o da primeira parcela, para n\u00e3o perdemos o conv\u00eanio. A empresa cumpriu, parou um servi\u00e7o em outra cidade e deu in\u00edcio a recupera\u00e7\u00e3o das vias da zona oeste. Essa interrup\u00e7\u00e3o teve que acontecer para que a Caixa pudesse fazer as vistorias necess\u00e1rias\u201d, explicou Feltrin. Durante o per\u00edodo de paralisa\u00e7\u00e3o foram realizados <\/p>\n","protected":false},"author":1,"featured_media":0,"comment_status":"open","ping_status":"closed","sticky":false,"template":"","format":"standard","meta":{"footnotes":""},"categories":[6],"tags":[],"aioseo_notices":[],"_links":{"self":[{"href":"https:\/\/www.encontrabebedouro.com.br\/sobre\/wp-json\/wp\/v2\/posts\/718"}],"collection":[{"href":"https:\/\/www.encontrabebedouro.com.br\/sobre\/wp-json\/wp\/v2\/posts"}],"about":[{"href":"https:\/\/www.encontrabebedouro.com.br\/sobre\/wp-json\/wp\/v2\/types\/post"}],"author":[{"embeddable":true,"href":"https:\/\/www.encontrabebedouro.com.br\/sobre\/wp-json\/wp\/v2\/users\/1"}],"replies":[{"embeddable":true,"href":"https:\/\/www.encontrabebedouro.com.br\/sobre\/wp-json\/wp\/v2\/comments?post=718"}],"version-history":[{"count":0,"href":"https:\/\/www.encontrabebedouro.com.br\/sobre\/wp-json\/wp\/v2\/posts\/718\/revisions"}],"wp:attachment":[{"href":"https:\/\/www.encontrabebedouro.com.br\/sobre\/wp-json\/wp\/v2\/media?parent=718"}],"wp:term":[{"taxonomy":"category","embeddable":true,"href":"https:\/\/www.encontrabebedouro.com.br\/sobre\/wp-json\/wp\/v2\/categories?post=718"},{"taxonomy":"post_tag","embeddable":true,"href":"https:\/\/www.encontrabebedouro.com.br\/sobre\/wp-json\/wp\/v2\/tags?post=718"}],"curies":[{"name":"wp","href":"https:\/\/api.w.org\/{rel}","templated":true}]}}