{"id":716,"date":"2013-08-06T10:35:49","date_gmt":"2013-08-06T12:35:49","guid":{"rendered":"http:\/\/www.encontrabebedouro.com.br\/noticias\/?p=716"},"modified":"2019-04-29T17:11:37","modified_gmt":"2019-04-29T20:11:37","slug":"bebedouro-participa-do-encontro-de-prefeitos-e-secretarios-de-educacao","status":"publish","type":"post","link":"https:\/\/www.encontrabebedouro.com.br\/sobre\/bebedouro-participa-do-encontro-de-prefeitos-e-secretarios-de-educacao\/","title":{"rendered":"Bebedouro participa do encontro de prefeitos e secret\u00e1rios de Educa\u00e7\u00e3o"},"content":{"rendered":"<div class=\"e7593ce1d9603c7e10386aa266b728a9\" data-index=\"1\" style=\"float: left; margin: 15px 15px 15px 0;\">\n<!-- EBR \/Novo-Bairro\/ 300x250 - pub-85 -->\r\n<ins class=\"adsbygoogle\"\r\n     style=\"display:inline-block;width:300px;height:250px\"\r\n     data-ad-client=\"ca-pub-8585364105181520\"\r\n     data-ad-slot=\"4691134188\"><\/ins>\r\n<script>\r\n(adsbygoogle = window.adsbygoogle || []).push({});\r\n<\/script>\r\n\n<\/div>\n<p>O Encontro de Prefeitos e Secret\u00e1rios de Educa\u00e7\u00e3o aconteceu em Franca, na tarde da \u00faltima quinta-feira, 01 de agosto, na presen\u00e7a do secret\u00e1rio da Educa\u00e7\u00e3o, Herman Jacobus Voorwals, com os secret\u00e1rios de educa\u00e7\u00e3o dos munic\u00edpios convidados e os prefeitos da regi\u00e3o.<\/p>\n<p>Representando o munic\u00edpio de Bebedouro, estiveram o prefeito, Fernando Galv\u00e3o; a primeira-dama, Aline Galv\u00e3o; a diretora do departamento de Educa\u00e7\u00e3o e Cultura, Ana Silvia Bergantini Miguel; e a subdiretora, Ros\u00e2ngela Toledo, A Dirigente de Ensino, V\u00e2nia Passos, esteve no encontro, ouvindo algumas solicita\u00e7\u00f5es de melhorias e parcerias com a Secretaria de Educa\u00e7\u00e3o do Estado de S\u00e3o Paulo.<\/p>\n<p><em>Fonte: Prefeitura Bebedouro<\/em><\/p>\n\n<div style=\"font-size: 0px; height: 0px; line-height: 0px; margin: 0; padding: 0; clear: both;\"><\/div>","protected":false},"excerpt":{"rendered":"<p>O Encontro de Prefeitos e Secret\u00e1rios de Educa\u00e7\u00e3o aconteceu em Franca, na tarde da \u00faltima quinta-feira, 01 de agosto, na presen\u00e7a do secret\u00e1rio da Educa\u00e7\u00e3o, Herman Jacobus Voorwals, com os secret\u00e1rios de educa\u00e7\u00e3o dos munic\u00edpios convidados e os prefeitos da regi\u00e3o. Representando o munic\u00edpio de Bebedouro, estiveram o prefeito, Fernando Galv\u00e3o; a primeira-dama, Aline Galv\u00e3o; a diretora do departamento de Educa\u00e7\u00e3o e Cultura, Ana Silvia Bergantini Miguel; e a subdiretora, Ros\u00e2ngela Toledo, A Dirigente de Ensino, V\u00e2nia Passos, esteve no encontro, ouvindo algumas solicita\u00e7\u00f5es de melhorias e parcerias com a Secretaria de Educa\u00e7\u00e3o do Estado de S\u00e3o Paulo. Fonte: Prefeitura <\/p>\n","protected":false},"author":1,"featured_media":0,"comment_status":"open","ping_status":"closed","sticky":false,"template":"","format":"standard","meta":{"footnotes":""},"categories":[6],"tags":[],"aioseo_notices":[],"_links":{"self":[{"href":"https:\/\/www.encontrabebedouro.com.br\/sobre\/wp-json\/wp\/v2\/posts\/716"}],"collection":[{"href":"https:\/\/www.encontrabebedouro.com.br\/sobre\/wp-json\/wp\/v2\/posts"}],"about":[{"href":"https:\/\/www.encontrabebedouro.com.br\/sobre\/wp-json\/wp\/v2\/types\/post"}],"author":[{"embeddable":true,"href":"https:\/\/www.encontrabebedouro.com.br\/sobre\/wp-json\/wp\/v2\/users\/1"}],"replies":[{"embeddable":true,"href":"https:\/\/www.encontrabebedouro.com.br\/sobre\/wp-json\/wp\/v2\/comments?post=716"}],"version-history":[{"count":0,"href":"https:\/\/www.encontrabebedouro.com.br\/sobre\/wp-json\/wp\/v2\/posts\/716\/revisions"}],"wp:attachment":[{"href":"https:\/\/www.encontrabebedouro.com.br\/sobre\/wp-json\/wp\/v2\/media?parent=716"}],"wp:term":[{"taxonomy":"category","embeddable":true,"href":"https:\/\/www.encontrabebedouro.com.br\/sobre\/wp-json\/wp\/v2\/categories?post=716"},{"taxonomy":"post_tag","embeddable":true,"href":"https:\/\/www.encontrabebedouro.com.br\/sobre\/wp-json\/wp\/v2\/tags?post=716"}],"curies":[{"name":"wp","href":"https:\/\/api.w.org\/{rel}","templated":true}]}}