{"id":708,"date":"2013-07-26T11:50:05","date_gmt":"2013-07-26T13:50:05","guid":{"rendered":"http:\/\/www.encontrabebedouro.com.br\/noticias\/?p=708"},"modified":"2019-04-29T17:11:37","modified_gmt":"2019-04-29T20:11:37","slug":"capacitacao-da-drads-acontece-em-bebedouro","status":"publish","type":"post","link":"https:\/\/www.encontrabebedouro.com.br\/sobre\/capacitacao-da-drads-acontece-em-bebedouro\/","title":{"rendered":"Capacita\u00e7\u00e3o da Drads acontece em Bebedouro"},"content":{"rendered":"<div class=\"e7593ce1d9603c7e10386aa266b728a9\" data-index=\"1\" style=\"float: left; margin: 15px 15px 15px 0;\">\n<!-- EBR \/Novo-Bairro\/ 300x250 - pub-85 -->\r\n<ins class=\"adsbygoogle\"\r\n     style=\"display:inline-block;width:300px;height:250px\"\r\n     data-ad-client=\"ca-pub-8585364105181520\"\r\n     data-ad-slot=\"4691134188\"><\/ins>\r\n<script>\r\n(adsbygoogle = window.adsbygoogle || []).push({});\r\n<\/script>\r\n\n<\/div>\n<p>Na tarde da quarta-feira (24), no IMESB, foi realizada capacita\u00e7\u00e3o sobre a operacionaliza\u00e7\u00e3o do Sistema Estadual de Atendimento Socioeducativo, atrav\u00e9s da Divis\u00e3o Regional de Barretos-Drads, da Secretaria Estadual de Desenvolvimento Social de S\u00e3o Paulo.<\/p>\n<p>O evento contou com a participa\u00e7\u00e3o do Coordenador da CAS, o ex-deputado Dr. Vinicius Carvalho.<\/p>\n<p>O prefeito de Bebedouro, Fernando Galv\u00e3o, prestigiou o evento e parabenizou a organiza\u00e7\u00e3o por receber em Bebedouro, 19 munic\u00edpios da regi\u00e3o.<\/p>\n<p><em>Fonte: Prefeitura Bebedouro<\/em><\/p>\n\n<div style=\"font-size: 0px; height: 0px; line-height: 0px; margin: 0; padding: 0; clear: both;\"><\/div>","protected":false},"excerpt":{"rendered":"<p>Na tarde da quarta-feira (24), no IMESB, foi realizada capacita\u00e7\u00e3o sobre a operacionaliza\u00e7\u00e3o do Sistema Estadual de Atendimento Socioeducativo, atrav\u00e9s da Divis\u00e3o Regional de Barretos-Drads, da Secretaria Estadual de Desenvolvimento Social de S\u00e3o Paulo. O evento contou com a participa\u00e7\u00e3o do Coordenador da CAS, o ex-deputado Dr. Vinicius Carvalho. O prefeito de Bebedouro, Fernando Galv\u00e3o, prestigiou o evento e parabenizou a organiza\u00e7\u00e3o por receber em Bebedouro, 19 munic\u00edpios da regi\u00e3o. Fonte: Prefeitura Bebedouro<\/p>\n","protected":false},"author":1,"featured_media":0,"comment_status":"open","ping_status":"closed","sticky":false,"template":"","format":"standard","meta":{"footnotes":""},"categories":[6],"tags":[],"aioseo_notices":[],"_links":{"self":[{"href":"https:\/\/www.encontrabebedouro.com.br\/sobre\/wp-json\/wp\/v2\/posts\/708"}],"collection":[{"href":"https:\/\/www.encontrabebedouro.com.br\/sobre\/wp-json\/wp\/v2\/posts"}],"about":[{"href":"https:\/\/www.encontrabebedouro.com.br\/sobre\/wp-json\/wp\/v2\/types\/post"}],"author":[{"embeddable":true,"href":"https:\/\/www.encontrabebedouro.com.br\/sobre\/wp-json\/wp\/v2\/users\/1"}],"replies":[{"embeddable":true,"href":"https:\/\/www.encontrabebedouro.com.br\/sobre\/wp-json\/wp\/v2\/comments?post=708"}],"version-history":[{"count":0,"href":"https:\/\/www.encontrabebedouro.com.br\/sobre\/wp-json\/wp\/v2\/posts\/708\/revisions"}],"wp:attachment":[{"href":"https:\/\/www.encontrabebedouro.com.br\/sobre\/wp-json\/wp\/v2\/media?parent=708"}],"wp:term":[{"taxonomy":"category","embeddable":true,"href":"https:\/\/www.encontrabebedouro.com.br\/sobre\/wp-json\/wp\/v2\/categories?post=708"},{"taxonomy":"post_tag","embeddable":true,"href":"https:\/\/www.encontrabebedouro.com.br\/sobre\/wp-json\/wp\/v2\/tags?post=708"}],"curies":[{"name":"wp","href":"https:\/\/api.w.org\/{rel}","templated":true}]}}