{"id":706,"date":"2013-07-22T11:39:51","date_gmt":"2013-07-22T13:39:51","guid":{"rendered":"http:\/\/www.encontrabebedouro.com.br\/noticias\/?p=706"},"modified":"2019-04-29T17:11:37","modified_gmt":"2019-04-29T20:11:37","slug":"bebedouro-operacao-tapa-buracos-nos-jardins-claudia-i-e-maraja","status":"publish","type":"post","link":"https:\/\/www.encontrabebedouro.com.br\/sobre\/bebedouro-operacao-tapa-buracos-nos-jardins-claudia-i-e-maraja\/","title":{"rendered":"Bebedouro: Opera\u00e7\u00e3o tapa buracos nos Jardins Claudia I e Maraj\u00e1"},"content":{"rendered":"<div class=\"e7593ce1d9603c7e10386aa266b728a9\" data-index=\"1\" style=\"float: left; margin: 15px 15px 15px 0;\">\n<!-- EBR \/Novo-Bairro\/ 300x250 - pub-85 -->\r\n<ins class=\"adsbygoogle\"\r\n     style=\"display:inline-block;width:300px;height:250px\"\r\n     data-ad-client=\"ca-pub-8585364105181520\"\r\n     data-ad-slot=\"4691134188\"><\/ins>\r\n<script>\r\n(adsbygoogle = window.adsbygoogle || []).push({});\r\n<\/script>\r\n\n<\/div>\n<p>O Depto. de Obras\u00a0 intensificou as atividades\u00a0 de tapa buracos, nesta sexta-feira (19), com apoio de uma m\u00e1quina moto niveladora, na rua Paschoal Campanelli e av. Vicente Ceriana Cesar,\u00a0 no Jardim Claudia I, seguindo para o Jardim Maraj\u00e1, reperfilando tamb\u00e9m o cruzamento das ruas Par\u00e1 com Sergipe e Amazonas.<\/p>\n<p>As atividades foram conclu\u00eddas no Jardim Maraj\u00e1, na rua Amazonas com Brand\u00e3o Veras, devendo encerrar os trabalhos do dia, na avenida Raul Furquim.<\/p>\n<p><em>Fonte: Prefeitura Bebedouro<\/em><\/p>\n\n<div style=\"font-size: 0px; height: 0px; line-height: 0px; margin: 0; padding: 0; clear: both;\"><\/div>","protected":false},"excerpt":{"rendered":"<p>O Depto. de Obras\u00a0 intensificou as atividades\u00a0 de tapa buracos, nesta sexta-feira (19), com apoio de uma m\u00e1quina moto niveladora, na rua Paschoal Campanelli e av. Vicente Ceriana Cesar,\u00a0 no Jardim Claudia I, seguindo para o Jardim Maraj\u00e1, reperfilando tamb\u00e9m o cruzamento das ruas Par\u00e1 com Sergipe e Amazonas. As atividades foram conclu\u00eddas no Jardim Maraj\u00e1, na rua Amazonas com Brand\u00e3o Veras, devendo encerrar os trabalhos do dia, na avenida Raul Furquim. Fonte: Prefeitura Bebedouro<\/p>\n","protected":false},"author":1,"featured_media":0,"comment_status":"open","ping_status":"closed","sticky":false,"template":"","format":"standard","meta":{"footnotes":""},"categories":[6],"tags":[],"aioseo_notices":[],"_links":{"self":[{"href":"https:\/\/www.encontrabebedouro.com.br\/sobre\/wp-json\/wp\/v2\/posts\/706"}],"collection":[{"href":"https:\/\/www.encontrabebedouro.com.br\/sobre\/wp-json\/wp\/v2\/posts"}],"about":[{"href":"https:\/\/www.encontrabebedouro.com.br\/sobre\/wp-json\/wp\/v2\/types\/post"}],"author":[{"embeddable":true,"href":"https:\/\/www.encontrabebedouro.com.br\/sobre\/wp-json\/wp\/v2\/users\/1"}],"replies":[{"embeddable":true,"href":"https:\/\/www.encontrabebedouro.com.br\/sobre\/wp-json\/wp\/v2\/comments?post=706"}],"version-history":[{"count":0,"href":"https:\/\/www.encontrabebedouro.com.br\/sobre\/wp-json\/wp\/v2\/posts\/706\/revisions"}],"wp:attachment":[{"href":"https:\/\/www.encontrabebedouro.com.br\/sobre\/wp-json\/wp\/v2\/media?parent=706"}],"wp:term":[{"taxonomy":"category","embeddable":true,"href":"https:\/\/www.encontrabebedouro.com.br\/sobre\/wp-json\/wp\/v2\/categories?post=706"},{"taxonomy":"post_tag","embeddable":true,"href":"https:\/\/www.encontrabebedouro.com.br\/sobre\/wp-json\/wp\/v2\/tags?post=706"}],"curies":[{"name":"wp","href":"https:\/\/api.w.org\/{rel}","templated":true}]}}