{"id":704,"date":"2013-07-22T11:38:46","date_gmt":"2013-07-22T13:38:46","guid":{"rendered":"http:\/\/www.encontrabebedouro.com.br\/noticias\/?p=704"},"modified":"2019-04-29T17:11:37","modified_gmt":"2019-04-29T20:11:37","slug":"defesa-civil-de-bebedouro-alerta-como-agir-na-estiagem","status":"publish","type":"post","link":"https:\/\/www.encontrabebedouro.com.br\/sobre\/defesa-civil-de-bebedouro-alerta-como-agir-na-estiagem\/","title":{"rendered":"Defesa Civil de Bebedouro alerta como agir na estiagem"},"content":{"rendered":"<div class=\"e7593ce1d9603c7e10386aa266b728a9\" data-index=\"1\" style=\"float: left; margin: 15px 15px 15px 0;\">\n<!-- EBR \/Novo-Bairro\/ 300x250 - pub-85 -->\r\n<ins class=\"adsbygoogle\"\r\n     style=\"display:inline-block;width:300px;height:250px\"\r\n     data-ad-client=\"ca-pub-8585364105181520\"\r\n     data-ad-slot=\"4691134188\"><\/ins>\r\n<script>\r\n(adsbygoogle = window.adsbygoogle || []).push({});\r\n<\/script>\r\n\n<\/div>\n<p>Antes mesmo da chegada dos novos equipamentos, a Brigada de Combate a Inc\u00eandios da Defesa Civil de Bebedouro p\u00f4de colocar em pr\u00e1tica as novas habilidades, ao combater o fogo na Floresta Estadual (Horto Florestal).<\/p>\n<p>\u201cGra\u00e7as ao treinamento, os focos foram eliminados, mesmo assim foi necess\u00e1rio o deslocamento de uma unidade do Corpo de Bombeiros e mobiliza\u00e7\u00e3o de caminh\u00f5es pipa de usinas para o combate ao fogo. Al\u00e9m disso, a a\u00e7\u00e3o impediu que o fogo se se alastrasse mais, destruindo fazendas ao redor do Horto\u201d, comenta Luciano.<\/p>\n<p><strong>Sobre a Opera\u00e7\u00e3o Corta Fogo 2013<\/strong><\/p>\n<p>No per\u00edodo de estiagem, no Estado de S\u00e3o Paulo, que se inicia em junho e vai at\u00e9 outubro, ocorre a redu\u00e7\u00e3o das chuvas e a umidade relativa do ar diminui a n\u00edveis que oferecem riscos \u00e0 sa\u00fade. Al\u00e9m disso, h\u00e1 aumento do perigo de inc\u00eandios em matas e florestas.<\/p>\n<p>Visto o grau de import\u00e2ncia que o assunto apresenta, o Governo do Estado de S\u00e3o Paulo, instituiu o Sistema Estadual de Preven\u00e7\u00e3o e Combate a Inc\u00eandios Florestais no Estado de S\u00e3o Paulo, visando a redu\u00e7\u00e3o dos focos de inc\u00eandio e, consequentemente, a minimiza\u00e7\u00e3o dos impactos que estes acarretam. O sistema prev\u00ea a integra\u00e7\u00e3o das a\u00e7\u00f5es de preven\u00e7\u00e3o, monitoramento, controle e combate a inc\u00eandios florestais, que s\u00e3o coordenadas pela Secretaria de Meio Ambiente, em conjunto com a Casa Militar\/Defesa Civil, Corpo de Bombeiros, Policia Militar Ambiental e\u00a0Munic\u00edpios.<\/p>\n<p><strong>A Defesa Civil Alerta!<\/strong><\/p>\n<p>O per\u00edodo de estiagem e a baixa umidade relativa do ar t\u00eam aumentado os \u00edndices de inc\u00eandios em \u00e1reas verdes da cidade.<\/p>\n<p>Os danos tamb\u00e9m s\u00e3o causados por pessoas que ateiam fogo no mato alto para fazer a limpeza de suas propriedades, ou jogam restos de cigarros, nas estradas e rodovias.<\/p>\n<p>Os principais prejudicados com as queimadas s\u00e3o o pr\u00f3prio homem, que t\u00eam sua sa\u00fade abalada, e os animais, principalmente, os que vivem \u00a0nas matas e sofrem tentando sobreviver em meio ao fogo e \u00e0 fuma\u00e7a.<\/p>\n<p>As queimadas tamb\u00e9m empobrecem o solo e reduzem a penetra\u00e7\u00e3o de \u00e1gua no subsolo. Com as queimadas, cortinas de fuma\u00e7a se formam em vias p\u00fablicas atingindo resid\u00eancias, escolas, creches e hospitais. A fuma\u00e7a gerada pelos inc\u00eandios complica a situa\u00e7\u00e3o daqueles que s\u00e3o acometidos por problemas respirat\u00f3rios, como crian\u00e7as e idosos.<\/p>\n<p>Todos estes problemas podem ser evitados ou pelo menos amenizados se ao inv\u00e9s de atear fogo, as pessoas ro\u00e7assem e capinassem seus terrenos e propriedades. Evite atear fogo, assim voc\u00ea preserva o meio ambiente e a sua sa\u00fade<\/p>\n<p><strong>Servi\u00e7o:<\/strong><\/p>\n<p>EMERG\u00caNCIA<\/p>\n<p>POL\u00cdCIA MILITAR 190<\/p>\n<p>BOMBEIRO 193<\/p>\n<p>DEFESA CIVIL 199\/ 153<\/p>\n<p><em>Fonte: Prefeitura Bebedouro<\/em><\/p>\n\n<div style=\"font-size: 0px; height: 0px; line-height: 0px; margin: 0; padding: 0; clear: both;\"><\/div>","protected":false},"excerpt":{"rendered":"<p>Antes mesmo da chegada dos novos equipamentos, a Brigada de Combate a Inc\u00eandios da Defesa Civil de Bebedouro p\u00f4de colocar em pr\u00e1tica as novas habilidades, ao combater o fogo na Floresta Estadual (Horto Florestal). \u201cGra\u00e7as ao treinamento, os focos foram eliminados, mesmo assim foi necess\u00e1rio o deslocamento de uma unidade do Corpo de Bombeiros e mobiliza\u00e7\u00e3o de caminh\u00f5es pipa de usinas para o combate ao fogo. Al\u00e9m disso, a a\u00e7\u00e3o impediu que o fogo se se alastrasse mais, destruindo fazendas ao redor do Horto\u201d, comenta Luciano. Sobre a Opera\u00e7\u00e3o Corta Fogo 2013 No per\u00edodo de estiagem, no Estado de S\u00e3o <\/p>\n","protected":false},"author":1,"featured_media":0,"comment_status":"open","ping_status":"closed","sticky":false,"template":"","format":"standard","meta":{"footnotes":""},"categories":[6],"tags":[],"aioseo_notices":[],"_links":{"self":[{"href":"https:\/\/www.encontrabebedouro.com.br\/sobre\/wp-json\/wp\/v2\/posts\/704"}],"collection":[{"href":"https:\/\/www.encontrabebedouro.com.br\/sobre\/wp-json\/wp\/v2\/posts"}],"about":[{"href":"https:\/\/www.encontrabebedouro.com.br\/sobre\/wp-json\/wp\/v2\/types\/post"}],"author":[{"embeddable":true,"href":"https:\/\/www.encontrabebedouro.com.br\/sobre\/wp-json\/wp\/v2\/users\/1"}],"replies":[{"embeddable":true,"href":"https:\/\/www.encontrabebedouro.com.br\/sobre\/wp-json\/wp\/v2\/comments?post=704"}],"version-history":[{"count":0,"href":"https:\/\/www.encontrabebedouro.com.br\/sobre\/wp-json\/wp\/v2\/posts\/704\/revisions"}],"wp:attachment":[{"href":"https:\/\/www.encontrabebedouro.com.br\/sobre\/wp-json\/wp\/v2\/media?parent=704"}],"wp:term":[{"taxonomy":"category","embeddable":true,"href":"https:\/\/www.encontrabebedouro.com.br\/sobre\/wp-json\/wp\/v2\/categories?post=704"},{"taxonomy":"post_tag","embeddable":true,"href":"https:\/\/www.encontrabebedouro.com.br\/sobre\/wp-json\/wp\/v2\/tags?post=704"}],"curies":[{"name":"wp","href":"https:\/\/api.w.org\/{rel}","templated":true}]}}