{"id":701,"date":"2013-07-16T12:44:51","date_gmt":"2013-07-16T14:44:51","guid":{"rendered":"http:\/\/www.encontrabebedouro.com.br\/noticias\/?p=701"},"modified":"2019-04-29T17:11:37","modified_gmt":"2019-04-29T20:11:37","slug":"prefeito-de-bebedouro-recebe-visita-de-deputado","status":"publish","type":"post","link":"https:\/\/www.encontrabebedouro.com.br\/sobre\/prefeito-de-bebedouro-recebe-visita-de-deputado\/","title":{"rendered":"Prefeito de Bebedouro recebe visita de deputado"},"content":{"rendered":"<div class=\"e7593ce1d9603c7e10386aa266b728a9\" data-index=\"1\" style=\"float: left; margin: 15px 15px 15px 0;\">\n<!-- EBR \/Novo-Bairro\/ 300x250 - pub-85 -->\r\n<ins class=\"adsbygoogle\"\r\n     style=\"display:inline-block;width:300px;height:250px\"\r\n     data-ad-client=\"ca-pub-8585364105181520\"\r\n     data-ad-slot=\"4691134188\"><\/ins>\r\n<script>\r\n(adsbygoogle = window.adsbygoogle || []).push({});\r\n<\/script>\r\n\n<\/div>\n<p>Na manh\u00e3 de segunda-feira (15), o prefeito de Bebedouro, Fernando Galv\u00e3o, recebeu a visita do Deputado estadual, Itamar Borges, em seu gabinete.<\/p>\n<p>Participaram tamb\u00e9m do encontro, o diretor de Desenvolvimento Econ\u00f4mico, Roberto Campanelli; o empres\u00e1rio Jos\u00e9 Francisco dos Santos; o rela\u00e7\u00f5es institucionais da Coaf, Carlos Alberto Santana da Silva; o representante do PMBD de Bebedouro, Edgar Camba\u00fava; e o coordenador de Acessibilidade, Sergio Marin. O deputado Itamar Borges ressaltou que faltava \u00e0 cidade confian\u00e7a e credibilidade, e que o prefeito Fernando Galv\u00e3o e seu vice, R\u00f4mulo Camelini, devolveram isso a Bebedouro. Entre os demais assuntos discutidos, sa\u00fade e habita\u00e7\u00e3o.<\/p>\n<p>O prefeito entregou ao deputado uma lembran\u00e7a confeccionada por artes\u00e3os de Bebedouro, e o Atlas Ambiental da cidade.<\/p>\n<p><em>Fonte: Prefeitura Bebedouro<\/em><\/p>\n\n<div style=\"font-size: 0px; height: 0px; line-height: 0px; margin: 0; padding: 0; clear: both;\"><\/div>","protected":false},"excerpt":{"rendered":"<p>Na manh\u00e3 de segunda-feira (15), o prefeito de Bebedouro, Fernando Galv\u00e3o, recebeu a visita do Deputado estadual, Itamar Borges, em seu gabinete. Participaram tamb\u00e9m do encontro, o diretor de Desenvolvimento Econ\u00f4mico, Roberto Campanelli; o empres\u00e1rio Jos\u00e9 Francisco dos Santos; o rela\u00e7\u00f5es institucionais da Coaf, Carlos Alberto Santana da Silva; o representante do PMBD de Bebedouro, Edgar Camba\u00fava; e o coordenador de Acessibilidade, Sergio Marin. O deputado Itamar Borges ressaltou que faltava \u00e0 cidade confian\u00e7a e credibilidade, e que o prefeito Fernando Galv\u00e3o e seu vice, R\u00f4mulo Camelini, devolveram isso a Bebedouro. Entre os demais assuntos discutidos, sa\u00fade e habita\u00e7\u00e3o. O <\/p>\n","protected":false},"author":1,"featured_media":0,"comment_status":"open","ping_status":"closed","sticky":false,"template":"","format":"standard","meta":{"footnotes":""},"categories":[6],"tags":[],"aioseo_notices":[],"_links":{"self":[{"href":"https:\/\/www.encontrabebedouro.com.br\/sobre\/wp-json\/wp\/v2\/posts\/701"}],"collection":[{"href":"https:\/\/www.encontrabebedouro.com.br\/sobre\/wp-json\/wp\/v2\/posts"}],"about":[{"href":"https:\/\/www.encontrabebedouro.com.br\/sobre\/wp-json\/wp\/v2\/types\/post"}],"author":[{"embeddable":true,"href":"https:\/\/www.encontrabebedouro.com.br\/sobre\/wp-json\/wp\/v2\/users\/1"}],"replies":[{"embeddable":true,"href":"https:\/\/www.encontrabebedouro.com.br\/sobre\/wp-json\/wp\/v2\/comments?post=701"}],"version-history":[{"count":0,"href":"https:\/\/www.encontrabebedouro.com.br\/sobre\/wp-json\/wp\/v2\/posts\/701\/revisions"}],"wp:attachment":[{"href":"https:\/\/www.encontrabebedouro.com.br\/sobre\/wp-json\/wp\/v2\/media?parent=701"}],"wp:term":[{"taxonomy":"category","embeddable":true,"href":"https:\/\/www.encontrabebedouro.com.br\/sobre\/wp-json\/wp\/v2\/categories?post=701"},{"taxonomy":"post_tag","embeddable":true,"href":"https:\/\/www.encontrabebedouro.com.br\/sobre\/wp-json\/wp\/v2\/tags?post=701"}],"curies":[{"name":"wp","href":"https:\/\/api.w.org\/{rel}","templated":true}]}}