{"id":699,"date":"2013-07-16T12:43:24","date_gmt":"2013-07-16T14:43:24","guid":{"rendered":"http:\/\/www.encontrabebedouro.com.br\/noticias\/?p=699"},"modified":"2019-04-29T17:11:37","modified_gmt":"2019-04-29T20:11:37","slug":"bebedouro-bomba-do-poco-profundo-sera-substituida","status":"publish","type":"post","link":"https:\/\/www.encontrabebedouro.com.br\/sobre\/bebedouro-bomba-do-poco-profundo-sera-substituida\/","title":{"rendered":"Bebedouro: Bomba do Po\u00e7o Profundo ser\u00e1 substitu\u00edda"},"content":{"rendered":"<div class=\"e7593ce1d9603c7e10386aa266b728a9\" data-index=\"1\" style=\"float: left; margin: 15px 15px 15px 0;\">\n<!-- EBR \/Novo-Bairro\/ 300x250 - pub-85 -->\r\n<ins class=\"adsbygoogle\"\r\n     style=\"display:inline-block;width:300px;height:250px\"\r\n     data-ad-client=\"ca-pub-8585364105181520\"\r\n     data-ad-slot=\"4691134188\"><\/ins>\r\n<script>\r\n(adsbygoogle = window.adsbygoogle || []).push({});\r\n<\/script>\r\n\n<\/div>\n<p>A bomba do po\u00e7o profundo que atende os bairros, V. Elizabeth, Jardins do Bosque, Alvorada, S\u00e2nderson, Calif\u00f3rnia, Maraj\u00e1, Eldorado e Julia, Claudia I e Claudia II, Rassim Dib, Resid. Pedro Pachoal e Parati, ser\u00e1 trocada nesta ter\u00e7a-feira (16), com inicio \u00e0s 7 h e previs\u00e3o de termino, na quarta-feira (17), \u00e0s 19 h.<\/p>\n<p>A nova bomba que tem capacidade de 265 metros c\u00fabicos substituir\u00e1 a bomba reserva que atualmente opera com capacidade de 180 metros c\u00fabicos por hora. Junto com a troca, tamb\u00e9m ser\u00e3o substitu\u00eddos os cabos el\u00e9tricos da bomba dos sensores de temperatura de n\u00edvel. mais limpeza e revis\u00e3o da chave de partida da bomba Soft Start.<\/p>\n<p>De acordo com o diretor do SAAEB, Gilmar Feltrin, o investimento \u00e9 de R$ 104 mil. \u201cEsse recurso \u00e9 pr\u00f3prio. Contamos com a colabora\u00e7\u00e3o e compreens\u00e3o de todos os moradores destes bairros para que economizem \u00e1gua nestes dois dias de manuten\u00e7\u00e3o\u201d, pede Feltrin.<\/p>\n<p><em>Fonte: Prefeitura Bebedouro<\/em><\/p>\n\n<div style=\"font-size: 0px; height: 0px; line-height: 0px; margin: 0; padding: 0; clear: both;\"><\/div>","protected":false},"excerpt":{"rendered":"<p>A bomba do po\u00e7o profundo que atende os bairros, V. Elizabeth, Jardins do Bosque, Alvorada, S\u00e2nderson, Calif\u00f3rnia, Maraj\u00e1, Eldorado e Julia, Claudia I e Claudia II, Rassim Dib, Resid. Pedro Pachoal e Parati, ser\u00e1 trocada nesta ter\u00e7a-feira (16), com inicio \u00e0s 7 h e previs\u00e3o de termino, na quarta-feira (17), \u00e0s 19 h. A nova bomba que tem capacidade de 265 metros c\u00fabicos substituir\u00e1 a bomba reserva que atualmente opera com capacidade de 180 metros c\u00fabicos por hora. Junto com a troca, tamb\u00e9m ser\u00e3o substitu\u00eddos os cabos el\u00e9tricos da bomba dos sensores de temperatura de n\u00edvel. mais limpeza e revis\u00e3o <\/p>\n","protected":false},"author":1,"featured_media":0,"comment_status":"open","ping_status":"closed","sticky":false,"template":"","format":"standard","meta":{"footnotes":""},"categories":[6],"tags":[],"aioseo_notices":[],"_links":{"self":[{"href":"https:\/\/www.encontrabebedouro.com.br\/sobre\/wp-json\/wp\/v2\/posts\/699"}],"collection":[{"href":"https:\/\/www.encontrabebedouro.com.br\/sobre\/wp-json\/wp\/v2\/posts"}],"about":[{"href":"https:\/\/www.encontrabebedouro.com.br\/sobre\/wp-json\/wp\/v2\/types\/post"}],"author":[{"embeddable":true,"href":"https:\/\/www.encontrabebedouro.com.br\/sobre\/wp-json\/wp\/v2\/users\/1"}],"replies":[{"embeddable":true,"href":"https:\/\/www.encontrabebedouro.com.br\/sobre\/wp-json\/wp\/v2\/comments?post=699"}],"version-history":[{"count":0,"href":"https:\/\/www.encontrabebedouro.com.br\/sobre\/wp-json\/wp\/v2\/posts\/699\/revisions"}],"wp:attachment":[{"href":"https:\/\/www.encontrabebedouro.com.br\/sobre\/wp-json\/wp\/v2\/media?parent=699"}],"wp:term":[{"taxonomy":"category","embeddable":true,"href":"https:\/\/www.encontrabebedouro.com.br\/sobre\/wp-json\/wp\/v2\/categories?post=699"},{"taxonomy":"post_tag","embeddable":true,"href":"https:\/\/www.encontrabebedouro.com.br\/sobre\/wp-json\/wp\/v2\/tags?post=699"}],"curies":[{"name":"wp","href":"https:\/\/api.w.org\/{rel}","templated":true}]}}