{"id":693,"date":"2013-07-11T11:06:52","date_gmt":"2013-07-11T13:06:52","guid":{"rendered":"http:\/\/www.encontrabebedouro.com.br\/noticias\/?p=693"},"modified":"2019-04-29T17:11:38","modified_gmt":"2019-04-29T20:11:38","slug":"bebedouro-realizou-segunda-edicao-do-ultra-bikers","status":"publish","type":"post","link":"https:\/\/www.encontrabebedouro.com.br\/sobre\/bebedouro-realizou-segunda-edicao-do-ultra-bikers\/","title":{"rendered":"Bebedouro realizou Segunda Edi\u00e7\u00e3o do Ultra Bikers"},"content":{"rendered":"<div class=\"e7593ce1d9603c7e10386aa266b728a9\" data-index=\"1\" style=\"float: left; margin: 15px 15px 15px 0;\">\n<!-- EBR \/Novo-Bairro\/ 300x250 - pub-85 -->\r\n<ins class=\"adsbygoogle\"\r\n     style=\"display:inline-block;width:300px;height:250px\"\r\n     data-ad-client=\"ca-pub-8585364105181520\"\r\n     data-ad-slot=\"4691134188\"><\/ins>\r\n<script>\r\n(adsbygoogle = window.adsbygoogle || []).push({});\r\n<\/script>\r\n\n<\/div>\n<p>Foi realizada em Bebedouro, a segunda edi\u00e7\u00e3o do Ultra Bikers, considerada a maior prova de ciclismo da cidade. Na manh\u00e3 do \u00faltimo domingo (7), centenas de ciclistas de Bebedouro e toda regi\u00e3o partiram da Esta\u00e7\u00e3o Cultura para participar da prova de 42 km de trilhas.<\/p>\n<p>O prefeito de Bebedouro, Fernando Galv\u00e3o e a primeira dama, Aline Galv\u00e3o, estiveram na sa\u00edda da prova, prestigiando a iniciativa.<\/p>\n<p><em>Fonte: Prefeitura Bebedouro<\/em><\/p>\n\n<div style=\"font-size: 0px; height: 0px; line-height: 0px; margin: 0; padding: 0; clear: both;\"><\/div>","protected":false},"excerpt":{"rendered":"<p>Foi realizada em Bebedouro, a segunda edi\u00e7\u00e3o do Ultra Bikers, considerada a maior prova de ciclismo da cidade. Na manh\u00e3 do \u00faltimo domingo (7), centenas de ciclistas de Bebedouro e toda regi\u00e3o partiram da Esta\u00e7\u00e3o Cultura para participar da prova de 42 km de trilhas. O prefeito de Bebedouro, Fernando Galv\u00e3o e a primeira dama, Aline Galv\u00e3o, estiveram na sa\u00edda da prova, prestigiando a iniciativa. Fonte: Prefeitura Bebedouro<\/p>\n","protected":false},"author":1,"featured_media":0,"comment_status":"open","ping_status":"closed","sticky":false,"template":"","format":"standard","meta":{"footnotes":""},"categories":[6],"tags":[],"aioseo_notices":[],"_links":{"self":[{"href":"https:\/\/www.encontrabebedouro.com.br\/sobre\/wp-json\/wp\/v2\/posts\/693"}],"collection":[{"href":"https:\/\/www.encontrabebedouro.com.br\/sobre\/wp-json\/wp\/v2\/posts"}],"about":[{"href":"https:\/\/www.encontrabebedouro.com.br\/sobre\/wp-json\/wp\/v2\/types\/post"}],"author":[{"embeddable":true,"href":"https:\/\/www.encontrabebedouro.com.br\/sobre\/wp-json\/wp\/v2\/users\/1"}],"replies":[{"embeddable":true,"href":"https:\/\/www.encontrabebedouro.com.br\/sobre\/wp-json\/wp\/v2\/comments?post=693"}],"version-history":[{"count":0,"href":"https:\/\/www.encontrabebedouro.com.br\/sobre\/wp-json\/wp\/v2\/posts\/693\/revisions"}],"wp:attachment":[{"href":"https:\/\/www.encontrabebedouro.com.br\/sobre\/wp-json\/wp\/v2\/media?parent=693"}],"wp:term":[{"taxonomy":"category","embeddable":true,"href":"https:\/\/www.encontrabebedouro.com.br\/sobre\/wp-json\/wp\/v2\/categories?post=693"},{"taxonomy":"post_tag","embeddable":true,"href":"https:\/\/www.encontrabebedouro.com.br\/sobre\/wp-json\/wp\/v2\/tags?post=693"}],"curies":[{"name":"wp","href":"https:\/\/api.w.org\/{rel}","templated":true}]}}