{"id":682,"date":"2013-06-25T07:47:55","date_gmt":"2013-06-25T09:47:55","guid":{"rendered":"http:\/\/www.encontrabebedouro.com.br\/noticias\/?p=682"},"modified":"2019-04-29T17:11:38","modified_gmt":"2019-04-29T20:11:38","slug":"manifestantes-voltam-as-ruas-contra-assessores-na-camara-de-bebedouro","status":"publish","type":"post","link":"https:\/\/www.encontrabebedouro.com.br\/sobre\/manifestantes-voltam-as-ruas-contra-assessores-na-camara-de-bebedouro\/","title":{"rendered":"Manifestantes voltam \u00e0s ruas contra assessores na C\u00e2mara de Bebedouro"},"content":{"rendered":"<div class=\"e7593ce1d9603c7e10386aa266b728a9\" data-index=\"1\" style=\"float: left; margin: 15px 15px 15px 0;\">\n<!-- EBR \/Novo-Bairro\/ 300x250 - pub-85 -->\r\n<ins class=\"adsbygoogle\"\r\n     style=\"display:inline-block;width:300px;height:250px\"\r\n     data-ad-client=\"ca-pub-8585364105181520\"\r\n     data-ad-slot=\"4691134188\"><\/ins>\r\n<script>\r\n(adsbygoogle = window.adsbygoogle || []).push({});\r\n<\/script>\r\n\n<\/div>\n<p>Nesta ter\u00e7a-feira (25), \u00e0s 20h, est\u00e1 previsto um protesto na C\u00e2mara de Bebedouro com 250 integrantes de um movimento contr\u00e1rio ao projeto decreto que permite a contrata\u00e7\u00e3o de um assessor para cada um dos 11 parlamentares.<\/p>\n<p>O Movimento Acorda Bebedouro, respons\u00e1vel pelo protesto, nasceu na semana passada, articulado em uma rede social, em solidariedade aos manifestantes do Movimento Passe Livre, em S\u00e3o Paulo. No dia 17 de junho, o Acorda Bebedouro interrompeu a sess\u00e3o da C\u00e2mara ao invadir com 50 pessoas o plen\u00e1rio cantando o Hino Nacional.<\/p>\n<p>O projeto que permite contrata\u00e7\u00e3o de assessores foi aprovado em maio deste ano, com nove dos onze vereadores.<\/p>\n<p>Lu\u00eds Carlos de Freitas (PT) foi o \u00fanico que votou contra. J\u00e1 Nasser Abdallah (PV) e o presidente da C\u00e2mara, \u00c2ngelo Da\u00f3lio (PSD), abstiveram-se de votar.<\/p>\n<p>Um dos l\u00edderes do grupo Acorda Bebedouro, o professor de ensino t\u00e9cnico Francisco Figliagi diz que a proposta \u00e9 iniciar um abaixo assinado contra as contrata\u00e7\u00f5es e entregar em 30 dias \u00e0 presid\u00eancia da C\u00e2mara.<\/p>\n<p>Pelo projeto aprovado, cada um dos 11 vereadores poder\u00e1 contratar um assessor pelo sal\u00e1rio base de R$ 2 mil. O contratado precisa ter apenas ensino m\u00e9dio e carteira profissional de motorista. Com 25 servidores concursados e mais tr\u00eas admitidos em cargos de confian\u00e7a, o Legislativo passar\u00e1 a gastar mais R$ 264 mil com os assessores somente neste ano.<\/p>\n<p>No s\u00e1bado (22), o movimento fez uma passeata pela regi\u00e3o central de Bebedouro com 250 pessoas que seguravam cartazes contra a contrata\u00e7\u00e3o de assessores e tamb\u00e9m criticando a PEC 37 e os gastos com est\u00e1dios da Copa do Mundo.<\/p>\n<p><strong>Outro lado<\/strong><\/p>\n<p>O vereador Tiago Elias (PCdoB), favor\u00e1vel \u00e0 contrata\u00e7\u00e3o, diz que os manifestantes talvez tenha entendido errado a inten\u00e7\u00e3o do projeto.<\/p>\n<p>\u201cA nossa C\u00e2mara \u00e9 uma das que menos gasta na regi\u00e3o e o dinheiro usado para admitir os assessores faz parte da verba que tem direito o Poder Legislativo\u201d, justifica o parlamentar.<\/p>\n<p>Elias tamb\u00e9m argumenta que a contrata\u00e7\u00e3o dos assessores ir\u00e1 melhorar a qualidade dos projetos de lei apresentados pelos vereadores. Desde o inicio do ano, ele e o vereador Fernando Piffer (PSDB) mant\u00eam assessores, mas remunerados com dinheiro dos pr\u00f3prios parlamentares.<\/p>\n<p>Contr\u00e1rio \u00e0s contrata\u00e7\u00f5es, Lu\u00eds Carlos de Freitas (PT) acha que a popula\u00e7\u00e3o deveria ter sido consultada em audi\u00eancia p\u00fablica antes da aprecia\u00e7\u00e3o do projeto.<\/p>\n<p>\u201cO pior \u00e9 que foi tudo de \u00faltima hora, porque a proposta nem estava na ordem do dia de vota\u00e7\u00e3o, mesmo assim foi aprovada rapidamente\u201d, critica.<\/p>\n<p>Dos 11 vereadores, tr\u00eas j\u00e1 contrataram assessores: Piffer (PSDB), Sebastiana Camargo (DEM) e Paulo Bola (PTB). Elias pretendia colocar no cargo Pedro Carnevazzi, mas a contrata\u00e7\u00e3o foi barrada por configurar nepotismo, j\u00e1 que ele \u00e9 cunhado de Freitas.<\/p>\n<p><em>Fonte: Jornal A Cidade<\/em><\/p>\n\n<div style=\"font-size: 0px; height: 0px; line-height: 0px; margin: 0; padding: 0; clear: both;\"><\/div>","protected":false},"excerpt":{"rendered":"<p>Nesta ter\u00e7a-feira (25), \u00e0s 20h, est\u00e1 previsto um protesto na C\u00e2mara de Bebedouro com 250 integrantes de um movimento contr\u00e1rio ao projeto decreto que permite a contrata\u00e7\u00e3o de um assessor para cada um dos 11 parlamentares. O Movimento Acorda Bebedouro, respons\u00e1vel pelo protesto, nasceu na semana passada, articulado em uma rede social, em solidariedade aos manifestantes do Movimento Passe Livre, em S\u00e3o Paulo. No dia 17 de junho, o Acorda Bebedouro interrompeu a sess\u00e3o da C\u00e2mara ao invadir com 50 pessoas o plen\u00e1rio cantando o Hino Nacional. O projeto que permite contrata\u00e7\u00e3o de assessores foi aprovado em maio deste ano, <\/p>\n","protected":false},"author":1,"featured_media":0,"comment_status":"open","ping_status":"closed","sticky":false,"template":"","format":"standard","meta":{"footnotes":""},"categories":[6],"tags":[],"class_list":["post-682","post","type-post","status-publish","format-standard","hentry","category-noticias-bebedouro"],"aioseo_notices":[],"aioseo_head":"\n\t\t<!-- All in One SEO 5.0.0.1 - aioseo.com -->\n\t<meta name=\"description\" content=\"Nesta ter\u00e7a-feira (25), \u00e0s 20h, est\u00e1 previsto um protesto na C\u00e2mara de Bebedouro com 250 integrantes de um movimento contr\u00e1rio ao projeto decreto que permite a contrata\u00e7\u00e3o de um assessor para cada um dos 11 parlamentares. O Movimento Acorda Bebedouro, respons\u00e1vel pelo protesto, nasceu na semana passada, articulado em uma rede social, em solidariedade aos\" \/>\n\t<meta name=\"robots\" content=\"max-image-preview:large\" \/>\n\t<meta name=\"author\" content=\"Encontra Bebedouro\"\/>\n\t<link rel=\"canonical\" href=\"https:\/\/www.encontrabebedouro.com.br\/sobre\/manifestantes-voltam-as-ruas-contra-assessores-na-camara-de-bebedouro\/\" \/>\n\t<meta name=\"generator\" content=\"All in One SEO (AIOSEO) 5.0.0.1\" \/>\n\t\t<meta property=\"og:locale\" content=\"pt_BR\" \/>\n\t\t<meta property=\"og:site_name\" content=\"Encontra Bebedouro | Not\u00edcias, eventos, informa\u00e7\u00f5es e dicas na cidade de Bebedouro e regi\u00e3o\" \/>\n\t\t<meta property=\"og:type\" content=\"article\" \/>\n\t\t<meta property=\"og:title\" content=\"Manifestantes voltam \u00e0s ruas contra assessores na C\u00e2mara de Bebedouro | Encontra Bebedouro\" \/>\n\t\t<meta property=\"og:description\" content=\"Nesta ter\u00e7a-feira (25), \u00e0s 20h, est\u00e1 previsto um protesto na C\u00e2mara de Bebedouro com 250 integrantes de um movimento contr\u00e1rio ao projeto decreto que permite a contrata\u00e7\u00e3o de um assessor para cada um dos 11 parlamentares. O Movimento Acorda Bebedouro, respons\u00e1vel pelo protesto, nasceu na semana passada, articulado em uma rede social, em solidariedade aos\" \/>\n\t\t<meta property=\"og:url\" content=\"https:\/\/www.encontrabebedouro.com.br\/sobre\/manifestantes-voltam-as-ruas-contra-assessores-na-camara-de-bebedouro\/\" \/>\n\t\t<meta property=\"article:published_time\" content=\"2013-06-25T09:47:55+00:00\" \/>\n\t\t<meta property=\"article:modified_time\" content=\"2019-04-29T20:11:38+00:00\" \/>\n\t\t<meta name=\"twitter:card\" content=\"summary_large_image\" \/>\n\t\t<meta name=\"twitter:title\" content=\"Manifestantes voltam \u00e0s ruas contra assessores na C\u00e2mara de Bebedouro | Encontra Bebedouro\" \/>\n\t\t<meta name=\"twitter:description\" content=\"Nesta ter\u00e7a-feira (25), \u00e0s 20h, est\u00e1 previsto um protesto na C\u00e2mara de Bebedouro com 250 integrantes de um movimento contr\u00e1rio ao projeto decreto que permite a contrata\u00e7\u00e3o de um assessor para cada um dos 11 parlamentares. O Movimento Acorda Bebedouro, respons\u00e1vel pelo protesto, nasceu na semana passada, articulado em uma rede social, em solidariedade aos\" \/>\n\t\t<script type=\"application\/ld+json\" class=\"aioseo-schema\">\n\t\t\t{\"@context\":\"https:\\\/\\\/schema.org\",\"@graph\":[{\"@type\":\"Article\",\"@id\":\"https:\\\/\\\/www.encontrabebedouro.com.br\\\/sobre\\\/manifestantes-voltam-as-ruas-contra-assessores-na-camara-de-bebedouro\\\/#article\",\"name\":\"Manifestantes voltam \\u00e0s ruas contra assessores na C\\u00e2mara de Bebedouro | Encontra Bebedouro\",\"headline\":\"Manifestantes voltam \\u00e0s ruas contra assessores na C\\u00e2mara de Bebedouro\",\"author\":{\"@id\":\"https:\\\/\\\/www.encontrabebedouro.com.br\\\/sobre\\\/author\\\/ebebedouro\\\/#author\"},\"publisher\":{\"@id\":\"https:\\\/\\\/www.encontrabebedouro.com.br\\\/sobre\\\/#organization\"},\"datePublished\":\"2013-06-25T07:47:55-03:00\",\"dateModified\":\"2019-04-29T17:11:38-03:00\",\"inLanguage\":\"pt-BR\",\"mainEntityOfPage\":{\"@id\":\"https:\\\/\\\/www.encontrabebedouro.com.br\\\/sobre\\\/manifestantes-voltam-as-ruas-contra-assessores-na-camara-de-bebedouro\\\/#webpage\"},\"isPartOf\":{\"@id\":\"https:\\\/\\\/www.encontrabebedouro.com.br\\\/sobre\\\/manifestantes-voltam-as-ruas-contra-assessores-na-camara-de-bebedouro\\\/#webpage\"},\"articleSection\":\"Not\\u00edcias Bebedouro\"},{\"@type\":\"BreadcrumbList\",\"@id\":\"https:\\\/\\\/www.encontrabebedouro.com.br\\\/sobre\\\/manifestantes-voltam-as-ruas-contra-assessores-na-camara-de-bebedouro\\\/#breadcrumblist\",\"itemListElement\":[{\"@type\":\"ListItem\",\"@id\":\"https:\\\/\\\/www.encontrabebedouro.com.br\\\/sobre#listItem\",\"position\":1,\"name\":\"Dom\\u00e9stica\",\"item\":\"https:\\\/\\\/www.encontrabebedouro.com.br\\\/sobre\",\"nextItem\":{\"@type\":\"ListItem\",\"@id\":\"https:\\\/\\\/www.encontrabebedouro.com.br\\\/sobre\\\/noticias-bebedouro\\\/#listItem\",\"name\":\"Not\\u00edcias Bebedouro\"}},{\"@type\":\"ListItem\",\"@id\":\"https:\\\/\\\/www.encontrabebedouro.com.br\\\/sobre\\\/noticias-bebedouro\\\/#listItem\",\"position\":2,\"name\":\"Not\\u00edcias Bebedouro\",\"item\":\"https:\\\/\\\/www.encontrabebedouro.com.br\\\/sobre\\\/noticias-bebedouro\\\/\",\"nextItem\":{\"@type\":\"ListItem\",\"@id\":\"https:\\\/\\\/www.encontrabebedouro.com.br\\\/sobre\\\/manifestantes-voltam-as-ruas-contra-assessores-na-camara-de-bebedouro\\\/#listItem\",\"name\":\"Manifestantes voltam \\u00e0s ruas contra assessores na C\\u00e2mara de Bebedouro\"},\"previousItem\":{\"@type\":\"ListItem\",\"@id\":\"https:\\\/\\\/www.encontrabebedouro.com.br\\\/sobre#listItem\",\"name\":\"Dom\\u00e9stica\"}},{\"@type\":\"ListItem\",\"@id\":\"https:\\\/\\\/www.encontrabebedouro.com.br\\\/sobre\\\/manifestantes-voltam-as-ruas-contra-assessores-na-camara-de-bebedouro\\\/#listItem\",\"position\":3,\"name\":\"Manifestantes voltam \\u00e0s ruas contra assessores na C\\u00e2mara de Bebedouro\",\"previousItem\":{\"@type\":\"ListItem\",\"@id\":\"https:\\\/\\\/www.encontrabebedouro.com.br\\\/sobre\\\/noticias-bebedouro\\\/#listItem\",\"name\":\"Not\\u00edcias Bebedouro\"}}]},{\"@type\":\"Organization\",\"@id\":\"https:\\\/\\\/www.encontrabebedouro.com.br\\\/sobre\\\/#organization\",\"name\":\"Encontra Bebedouro\",\"description\":\"Not\\u00edcias, eventos, informa\\u00e7\\u00f5es e dicas na cidade de Bebedouro e regi\\u00e3o\",\"url\":\"https:\\\/\\\/www.encontrabebedouro.com.br\\\/sobre\\\/\"},{\"@type\":\"Person\",\"@id\":\"https:\\\/\\\/www.encontrabebedouro.com.br\\\/sobre\\\/author\\\/ebebedouro\\\/#author\",\"url\":\"https:\\\/\\\/www.encontrabebedouro.com.br\\\/sobre\\\/author\\\/ebebedouro\\\/\",\"name\":\"Encontra Bebedouro\",\"image\":{\"@type\":\"ImageObject\",\"@id\":\"https:\\\/\\\/www.encontrabebedouro.com.br\\\/sobre\\\/manifestantes-voltam-as-ruas-contra-assessores-na-camara-de-bebedouro\\\/#authorImage\",\"url\":\"https:\\\/\\\/secure.gravatar.com\\\/avatar\\\/507340682b8270222e1f208e23198b6ae7e2c6a1033ae84e99bc6bce4f82a387?s=96&d=mm&r=g\",\"width\":96,\"height\":96,\"caption\":\"Encontra Bebedouro\"}},{\"@type\":\"WebPage\",\"@id\":\"https:\\\/\\\/www.encontrabebedouro.com.br\\\/sobre\\\/manifestantes-voltam-as-ruas-contra-assessores-na-camara-de-bebedouro\\\/#webpage\",\"url\":\"https:\\\/\\\/www.encontrabebedouro.com.br\\\/sobre\\\/manifestantes-voltam-as-ruas-contra-assessores-na-camara-de-bebedouro\\\/\",\"name\":\"Manifestantes voltam \\u00e0s ruas contra assessores na C\\u00e2mara de Bebedouro | Encontra Bebedouro\",\"description\":\"Nesta ter\\u00e7a-feira (25), \\u00e0s 20h, est\\u00e1 previsto um protesto na C\\u00e2mara de Bebedouro com 250 integrantes de um movimento contr\\u00e1rio ao projeto decreto que permite a contrata\\u00e7\\u00e3o de um assessor para cada um dos 11 parlamentares. O Movimento Acorda Bebedouro, respons\\u00e1vel pelo protesto, nasceu na semana passada, articulado em uma rede social, em solidariedade aos\",\"inLanguage\":\"pt-BR\",\"isPartOf\":{\"@id\":\"https:\\\/\\\/www.encontrabebedouro.com.br\\\/sobre\\\/#website\"},\"breadcrumb\":{\"@id\":\"https:\\\/\\\/www.encontrabebedouro.com.br\\\/sobre\\\/manifestantes-voltam-as-ruas-contra-assessores-na-camara-de-bebedouro\\\/#breadcrumblist\"},\"author\":{\"@id\":\"https:\\\/\\\/www.encontrabebedouro.com.br\\\/sobre\\\/author\\\/ebebedouro\\\/#author\"},\"creator\":{\"@id\":\"https:\\\/\\\/www.encontrabebedouro.com.br\\\/sobre\\\/author\\\/ebebedouro\\\/#author\"},\"datePublished\":\"2013-06-25T07:47:55-03:00\",\"dateModified\":\"2019-04-29T17:11:38-03:00\"},{\"@type\":\"WebSite\",\"@id\":\"https:\\\/\\\/www.encontrabebedouro.com.br\\\/sobre\\\/#website\",\"url\":\"https:\\\/\\\/www.encontrabebedouro.com.br\\\/sobre\\\/\",\"name\":\"Encontra Bebedouro\",\"description\":\"Not\\u00edcias, eventos, informa\\u00e7\\u00f5es e dicas na cidade de Bebedouro e regi\\u00e3o\",\"inLanguage\":\"pt-BR\",\"publisher\":{\"@id\":\"https:\\\/\\\/www.encontrabebedouro.com.br\\\/sobre\\\/#organization\"}}]}\n\t\t<\/script>\n\t\t<!-- All in One SEO -->\n\n","aioseo_head_json":{"title":"Manifestantes voltam \u00e0s ruas contra assessores na C\u00e2mara de Bebedouro | Encontra Bebedouro","description":"Nesta ter\u00e7a-feira (25), \u00e0s 20h, est\u00e1 previsto um protesto na C\u00e2mara de Bebedouro com 250 integrantes de um movimento contr\u00e1rio ao projeto decreto que permite a contrata\u00e7\u00e3o de um assessor para cada um dos 11 parlamentares. O Movimento Acorda Bebedouro, respons\u00e1vel pelo protesto, nasceu na semana passada, articulado em uma rede social, em solidariedade aos","canonical_url":"https:\/\/www.encontrabebedouro.com.br\/sobre\/manifestantes-voltam-as-ruas-contra-assessores-na-camara-de-bebedouro\/","robots":"max-image-preview:large","keywords":"","webmasterTools":{"miscellaneous":""},"schema":{"@context":"https:\/\/schema.org","@graph":[{"@type":"Article","@id":"https:\/\/www.encontrabebedouro.com.br\/sobre\/manifestantes-voltam-as-ruas-contra-assessores-na-camara-de-bebedouro\/#article","name":"Manifestantes voltam \u00e0s ruas contra assessores na C\u00e2mara de Bebedouro | Encontra Bebedouro","headline":"Manifestantes voltam \u00e0s ruas contra assessores na C\u00e2mara de Bebedouro","author":{"@id":"https:\/\/www.encontrabebedouro.com.br\/sobre\/author\/ebebedouro\/#author"},"publisher":{"@id":"https:\/\/www.encontrabebedouro.com.br\/sobre\/#organization"},"datePublished":"2013-06-25T07:47:55-03:00","dateModified":"2019-04-29T17:11:38-03:00","inLanguage":"pt-BR","mainEntityOfPage":{"@id":"https:\/\/www.encontrabebedouro.com.br\/sobre\/manifestantes-voltam-as-ruas-contra-assessores-na-camara-de-bebedouro\/#webpage"},"isPartOf":{"@id":"https:\/\/www.encontrabebedouro.com.br\/sobre\/manifestantes-voltam-as-ruas-contra-assessores-na-camara-de-bebedouro\/#webpage"},"articleSection":"Not\u00edcias Bebedouro"},{"@type":"BreadcrumbList","@id":"https:\/\/www.encontrabebedouro.com.br\/sobre\/manifestantes-voltam-as-ruas-contra-assessores-na-camara-de-bebedouro\/#breadcrumblist","itemListElement":[{"@type":"ListItem","@id":"https:\/\/www.encontrabebedouro.com.br\/sobre#listItem","position":1,"name":"Dom\u00e9stica","item":"https:\/\/www.encontrabebedouro.com.br\/sobre","nextItem":{"@type":"ListItem","@id":"https:\/\/www.encontrabebedouro.com.br\/sobre\/noticias-bebedouro\/#listItem","name":"Not\u00edcias Bebedouro"}},{"@type":"ListItem","@id":"https:\/\/www.encontrabebedouro.com.br\/sobre\/noticias-bebedouro\/#listItem","position":2,"name":"Not\u00edcias Bebedouro","item":"https:\/\/www.encontrabebedouro.com.br\/sobre\/noticias-bebedouro\/","nextItem":{"@type":"ListItem","@id":"https:\/\/www.encontrabebedouro.com.br\/sobre\/manifestantes-voltam-as-ruas-contra-assessores-na-camara-de-bebedouro\/#listItem","name":"Manifestantes voltam \u00e0s ruas contra assessores na C\u00e2mara de Bebedouro"},"previousItem":{"@type":"ListItem","@id":"https:\/\/www.encontrabebedouro.com.br\/sobre#listItem","name":"Dom\u00e9stica"}},{"@type":"ListItem","@id":"https:\/\/www.encontrabebedouro.com.br\/sobre\/manifestantes-voltam-as-ruas-contra-assessores-na-camara-de-bebedouro\/#listItem","position":3,"name":"Manifestantes voltam \u00e0s ruas contra assessores na C\u00e2mara de Bebedouro","previousItem":{"@type":"ListItem","@id":"https:\/\/www.encontrabebedouro.com.br\/sobre\/noticias-bebedouro\/#listItem","name":"Not\u00edcias Bebedouro"}}]},{"@type":"Organization","@id":"https:\/\/www.encontrabebedouro.com.br\/sobre\/#organization","name":"Encontra Bebedouro","description":"Not\u00edcias, eventos, informa\u00e7\u00f5es e dicas na cidade de Bebedouro e regi\u00e3o","url":"https:\/\/www.encontrabebedouro.com.br\/sobre\/"},{"@type":"Person","@id":"https:\/\/www.encontrabebedouro.com.br\/sobre\/author\/ebebedouro\/#author","url":"https:\/\/www.encontrabebedouro.com.br\/sobre\/author\/ebebedouro\/","name":"Encontra Bebedouro","image":{"@type":"ImageObject","@id":"https:\/\/www.encontrabebedouro.com.br\/sobre\/manifestantes-voltam-as-ruas-contra-assessores-na-camara-de-bebedouro\/#authorImage","url":"https:\/\/secure.gravatar.com\/avatar\/507340682b8270222e1f208e23198b6ae7e2c6a1033ae84e99bc6bce4f82a387?s=96&d=mm&r=g","width":96,"height":96,"caption":"Encontra Bebedouro"}},{"@type":"WebPage","@id":"https:\/\/www.encontrabebedouro.com.br\/sobre\/manifestantes-voltam-as-ruas-contra-assessores-na-camara-de-bebedouro\/#webpage","url":"https:\/\/www.encontrabebedouro.com.br\/sobre\/manifestantes-voltam-as-ruas-contra-assessores-na-camara-de-bebedouro\/","name":"Manifestantes voltam \u00e0s ruas contra assessores na C\u00e2mara de Bebedouro | Encontra Bebedouro","description":"Nesta ter\u00e7a-feira (25), \u00e0s 20h, est\u00e1 previsto um protesto na C\u00e2mara de Bebedouro com 250 integrantes de um movimento contr\u00e1rio ao projeto decreto que permite a contrata\u00e7\u00e3o de um assessor para cada um dos 11 parlamentares. O Movimento Acorda Bebedouro, respons\u00e1vel pelo protesto, nasceu na semana passada, articulado em uma rede social, em solidariedade aos","inLanguage":"pt-BR","isPartOf":{"@id":"https:\/\/www.encontrabebedouro.com.br\/sobre\/#website"},"breadcrumb":{"@id":"https:\/\/www.encontrabebedouro.com.br\/sobre\/manifestantes-voltam-as-ruas-contra-assessores-na-camara-de-bebedouro\/#breadcrumblist"},"author":{"@id":"https:\/\/www.encontrabebedouro.com.br\/sobre\/author\/ebebedouro\/#author"},"creator":{"@id":"https:\/\/www.encontrabebedouro.com.br\/sobre\/author\/ebebedouro\/#author"},"datePublished":"2013-06-25T07:47:55-03:00","dateModified":"2019-04-29T17:11:38-03:00"},{"@type":"WebSite","@id":"https:\/\/www.encontrabebedouro.com.br\/sobre\/#website","url":"https:\/\/www.encontrabebedouro.com.br\/sobre\/","name":"Encontra Bebedouro","description":"Not\u00edcias, eventos, informa\u00e7\u00f5es e dicas na cidade de Bebedouro e regi\u00e3o","inLanguage":"pt-BR","publisher":{"@id":"https:\/\/www.encontrabebedouro.com.br\/sobre\/#organization"}}]},"og:locale":"pt_BR","og:site_name":"Encontra Bebedouro | Not\u00edcias, eventos, informa\u00e7\u00f5es e dicas na cidade de Bebedouro e regi\u00e3o","og:type":"article","og:title":"Manifestantes voltam \u00e0s ruas contra assessores na C\u00e2mara de Bebedouro | Encontra Bebedouro","og:description":"Nesta ter\u00e7a-feira (25), \u00e0s 20h, est\u00e1 previsto um protesto na C\u00e2mara de Bebedouro com 250 integrantes de um movimento contr\u00e1rio ao projeto decreto que permite a contrata\u00e7\u00e3o de um assessor para cada um dos 11 parlamentares. O Movimento Acorda Bebedouro, respons\u00e1vel pelo protesto, nasceu na semana passada, articulado em uma rede social, em solidariedade aos","og:url":"https:\/\/www.encontrabebedouro.com.br\/sobre\/manifestantes-voltam-as-ruas-contra-assessores-na-camara-de-bebedouro\/","article:published_time":"2013-06-25T09:47:55+00:00","article:modified_time":"2019-04-29T20:11:38+00:00","twitter:card":"summary_large_image","twitter:title":"Manifestantes voltam \u00e0s ruas contra assessores na C\u00e2mara de Bebedouro | Encontra Bebedouro","twitter:description":"Nesta ter\u00e7a-feira (25), \u00e0s 20h, est\u00e1 previsto um protesto na C\u00e2mara de Bebedouro com 250 integrantes de um movimento contr\u00e1rio ao projeto decreto que permite a contrata\u00e7\u00e3o de um assessor para cada um dos 11 parlamentares. O Movimento Acorda Bebedouro, respons\u00e1vel pelo protesto, nasceu na semana passada, articulado em uma rede social, em solidariedade aos"},"aioseo_meta_data":{"post_id":"682","title":null,"description":null,"keywords":null,"keyphrases":null,"primary_term":null,"canonical_url":null,"og_title":null,"og_description":null,"og_object_type":"default","og_image_type":"default","og_image_url":null,"og_image_width":null,"og_image_height":null,"og_image_custom_url":null,"og_image_custom_fields":null,"og_video":null,"og_custom_url":null,"og_article_section":null,"og_article_tags":null,"twitter_use_og":false,"twitter_card":"default","twitter_image_type":"default","twitter_image_url":null,"twitter_image_custom_url":null,"twitter_image_custom_fields":null,"twitter_title":null,"twitter_description":null,"schema":{"blockGraphs":[],"customGraphs":[],"default":{"data":{"Article":[],"Course":[],"Dataset":[],"FAQPage":[],"Movie":[],"Person":[],"Product":[],"ProductReview":[],"Car":[],"Recipe":[],"Service":[],"SoftwareApplication":[],"WebPage":[]},"graphName":"","isEnabled":true},"graphs":[]},"schema_type":"default","schema_type_options":null,"pillar_content":false,"robots_default":true,"robots_noindex":false,"robots_noarchive":false,"robots_nosnippet":false,"robots_nofollow":false,"robots_noimageindex":false,"robots_noodp":false,"robots_notranslate":false,"robots_max_snippet":null,"robots_max_videopreview":null,"robots_max_imagepreview":"large","priority":null,"frequency":null,"local_seo":null,"limit_modified_date":false,"created":"2023-09-27 19:29:10","updated":"2026-08-05 20:22:10","focus_keyword":null,"additional_keywords":null,"truseo_locale":null,"ai":null,"breadcrumb_settings":null,"seo_analyzer_scan_date":null},"aioseo_breadcrumb":"<div class=\"aioseo-breadcrumbs\"><span class=\"aioseo-breadcrumb\">\n\t\t\t<a href=\"https:\/\/www.encontrabebedouro.com.br\/sobre\" title=\"Dom\u00e9stica\">Dom\u00e9stica<\/a>\n\t\t<\/span><span class=\"aioseo-breadcrumb-separator\">&raquo;<\/span><span class=\"aioseo-breadcrumb\">\n\t\t\t<a href=\"https:\/\/www.encontrabebedouro.com.br\/sobre\/noticias-bebedouro\/\" title=\"Not\u00edcias Bebedouro\">Not\u00edcias Bebedouro<\/a>\n\t\t<\/span><span class=\"aioseo-breadcrumb-separator\">&raquo;<\/span><span class=\"aioseo-breadcrumb\">\n\t\t\tManifestantes voltam \u00e0s ruas contra assessores na C\u00e2mara de Bebedouro\n\t\t<\/span><\/div>","aioseo_breadcrumb_json":[{"label":"Dom\u00e9stica","link":"https:\/\/www.encontrabebedouro.com.br\/sobre"},{"label":"Not\u00edcias Bebedouro","link":"https:\/\/www.encontrabebedouro.com.br\/sobre\/noticias-bebedouro\/"},{"label":"Manifestantes voltam \u00e0s ruas contra assessores na C\u00e2mara de Bebedouro","link":"https:\/\/www.encontrabebedouro.com.br\/sobre\/manifestantes-voltam-as-ruas-contra-assessores-na-camara-de-bebedouro\/"}],"_links":{"self":[{"href":"https:\/\/www.encontrabebedouro.com.br\/sobre\/wp-json\/wp\/v2\/posts\/682","targetHints":{"allow":["GET"]}}],"collection":[{"href":"https:\/\/www.encontrabebedouro.com.br\/sobre\/wp-json\/wp\/v2\/posts"}],"about":[{"href":"https:\/\/www.encontrabebedouro.com.br\/sobre\/wp-json\/wp\/v2\/types\/post"}],"author":[{"embeddable":true,"href":"https:\/\/www.encontrabebedouro.com.br\/sobre\/wp-json\/wp\/v2\/users\/1"}],"replies":[{"embeddable":true,"href":"https:\/\/www.encontrabebedouro.com.br\/sobre\/wp-json\/wp\/v2\/comments?post=682"}],"version-history":[{"count":0,"href":"https:\/\/www.encontrabebedouro.com.br\/sobre\/wp-json\/wp\/v2\/posts\/682\/revisions"}],"wp:attachment":[{"href":"https:\/\/www.encontrabebedouro.com.br\/sobre\/wp-json\/wp\/v2\/media?parent=682"}],"wp:term":[{"taxonomy":"category","embeddable":true,"href":"https:\/\/www.encontrabebedouro.com.br\/sobre\/wp-json\/wp\/v2\/categories?post=682"},{"taxonomy":"post_tag","embeddable":true,"href":"https:\/\/www.encontrabebedouro.com.br\/sobre\/wp-json\/wp\/v2\/tags?post=682"}],"curies":[{"name":"wp","href":"https:\/\/api.w.org\/{rel}","templated":true}]}}