{"id":675,"date":"2013-06-20T09:39:30","date_gmt":"2013-06-20T11:39:30","guid":{"rendered":"http:\/\/www.encontrabebedouro.com.br\/noticias\/?p=675"},"modified":"2019-04-29T17:11:38","modified_gmt":"2019-04-29T20:11:38","slug":"bebedouro-realiza-recuperacao-emergencial-das-ruas","status":"publish","type":"post","link":"https:\/\/www.encontrabebedouro.com.br\/sobre\/bebedouro-realiza-recuperacao-emergencial-das-ruas\/","title":{"rendered":"Bebedouro realiza recupera\u00e7\u00e3o emergencial das ruas"},"content":{"rendered":"<div class=\"e7593ce1d9603c7e10386aa266b728a9\" data-index=\"1\" style=\"float: left; margin: 15px 15px 15px 0;\">\n<!-- EBR \/Novo-Bairro\/ 300x250 - pub-85 -->\r\n<ins class=\"adsbygoogle\"\r\n     style=\"display:inline-block;width:300px;height:250px\"\r\n     data-ad-client=\"ca-pub-8585364105181520\"\r\n     data-ad-slot=\"4691134188\"><\/ins>\r\n<script>\r\n(adsbygoogle = window.adsbygoogle || []).push({});\r\n<\/script>\r\n\n<\/div>\n<p>A <a title=\"Prefeitura de Bebedouro\" href=\"http:\/\/www.encontrabebedouro.com.br\/bebedouro\/prefeitura-de-bebedouro.shtml\" target=\"_blank\" rel=\"noopener noreferrer\">Prefeitura de Bebedouro<\/a>, por meio do Depto. de Obras iniciou na \u00faltima semana, a recupera\u00e7\u00e3o dos paralelep\u00edpedos na rua Coronel Jo\u00e3o Manoel (sentido centro), no trecho compreendido entre as ruas Alfredo Elis e Nossa Senhora de F\u00e1tima.<\/p>\n<p>De acordo com o encarregado da divis\u00e3o de infraestrutura do munic\u00edpio, Fabio Cristiano Louren\u00e7o, a rua n\u00e3o recebia manuten\u00e7\u00e3o h\u00e1 cerca de 6 anos e por ter tr\u00e1fego intenso tamb\u00e9m de ve\u00edculos pesados como \u00f4nibus,\u00a0 a via sofreu v\u00e1rias depress\u00f5es. \u201cA manuten\u00e7\u00e3o era necess\u00e1ria para garantir condi\u00e7\u00f5es de trafegabilidade com seguran\u00e7a\u201d, explica.<\/p>\n<p>Acompanhando a obra, o engenheiro Luis Antonio Bernardo Couto, subdiretor do de Obras e Planejamento, diz que a recupera\u00e7\u00e3o da pavimenta\u00e7\u00e3o asf\u00e1ltica e dos paralelep\u00edpedos da malha vi\u00e1ria est\u00e3o sendo intensificadas, tanto em ruas do centro comercial quanto nos bairros.<\/p>\n<p>Somente do in\u00edcio deste ano at\u00e9 a primeira semana de junho. foram utilizadas cerca de 800 toneladas de asfalto para recupera\u00e7\u00e3o da malha vi\u00e1ria urbana. \u201cOs trabalhos devem ser intensificados a partir dos pr\u00f3ximos meses, com aquisi\u00e7\u00e3o de mais mat\u00e9ria prima para produ\u00e7\u00e3o de asfalto\u201d, esclarece.<\/p>\n<p><strong>Recapeamento<\/strong><\/p>\n<p>Para o t\u00e9rmino da primeira etapa de recapeamento que corresponde a mil toneladas de massa asf\u00e1ltica, falta a rua Brand\u00e3o Veras, entre avenida Dimer Piovezan e rua Benjamin Constant.<\/p>\n<p>Desde o in\u00edcio das obras, em 6 de maio, os servi\u00e7os na cidade de Bebedouro j\u00e1 foram executado na rua Coronel Jo\u00e3o Manoel, trecho compreendido entre a rua Marechal Deodoro da Fonseca e Rua Antonio Toller, na avenida Raul Furquim (sentido Hospital Municipal), compreendendo da rua Amazonas at\u00e9 rua Guanabara, retornando do outro lado da via at\u00e9 a rua Guanabara (sentido Centro) e na rua S\u00e3o Jo\u00e3o (sentido Centro), trecho entre as ruas Antonio Toller e Marechal Deodoro.<\/p>\n<p><strong>Opera\u00e7\u00e3o tapa-buracos<\/strong><\/p>\n<p>Simultaneamente a esse trabalho, oper\u00e1rios da prefeitura realizam constantemente a opera\u00e7\u00e3o tapa-buracos em bairros de Bebedouro, para recuperar vias asfaltadas. Desde o in\u00edcio do ano, dezenas de ruas j\u00e1 receberam o servi\u00e7o, executado de acordo com a necessidade, principalmente nos locais de grande movimento, que precisam de reparos.<\/p>\n<p><em>Fonte: Prefeitura Bebedouro<\/em><\/p>\n\n<div style=\"font-size: 0px; height: 0px; line-height: 0px; margin: 0; padding: 0; clear: both;\"><\/div>","protected":false},"excerpt":{"rendered":"<p>A Prefeitura de Bebedouro, por meio do Depto. de Obras iniciou na \u00faltima semana, a recupera\u00e7\u00e3o dos paralelep\u00edpedos na rua Coronel Jo\u00e3o Manoel (sentido centro), no trecho compreendido entre as ruas Alfredo Elis e Nossa Senhora de F\u00e1tima. De acordo com o encarregado da divis\u00e3o de infraestrutura do munic\u00edpio, Fabio Cristiano Louren\u00e7o, a rua n\u00e3o recebia manuten\u00e7\u00e3o h\u00e1 cerca de 6 anos e por ter tr\u00e1fego intenso tamb\u00e9m de ve\u00edculos pesados como \u00f4nibus,\u00a0 a via sofreu v\u00e1rias depress\u00f5es. \u201cA manuten\u00e7\u00e3o era necess\u00e1ria para garantir condi\u00e7\u00f5es de trafegabilidade com seguran\u00e7a\u201d, explica. Acompanhando a obra, o engenheiro Luis Antonio Bernardo Couto, subdiretor <\/p>\n","protected":false},"author":1,"featured_media":0,"comment_status":"open","ping_status":"closed","sticky":false,"template":"","format":"standard","meta":{"footnotes":""},"categories":[6],"tags":[],"aioseo_notices":[],"_links":{"self":[{"href":"https:\/\/www.encontrabebedouro.com.br\/sobre\/wp-json\/wp\/v2\/posts\/675"}],"collection":[{"href":"https:\/\/www.encontrabebedouro.com.br\/sobre\/wp-json\/wp\/v2\/posts"}],"about":[{"href":"https:\/\/www.encontrabebedouro.com.br\/sobre\/wp-json\/wp\/v2\/types\/post"}],"author":[{"embeddable":true,"href":"https:\/\/www.encontrabebedouro.com.br\/sobre\/wp-json\/wp\/v2\/users\/1"}],"replies":[{"embeddable":true,"href":"https:\/\/www.encontrabebedouro.com.br\/sobre\/wp-json\/wp\/v2\/comments?post=675"}],"version-history":[{"count":0,"href":"https:\/\/www.encontrabebedouro.com.br\/sobre\/wp-json\/wp\/v2\/posts\/675\/revisions"}],"wp:attachment":[{"href":"https:\/\/www.encontrabebedouro.com.br\/sobre\/wp-json\/wp\/v2\/media?parent=675"}],"wp:term":[{"taxonomy":"category","embeddable":true,"href":"https:\/\/www.encontrabebedouro.com.br\/sobre\/wp-json\/wp\/v2\/categories?post=675"},{"taxonomy":"post_tag","embeddable":true,"href":"https:\/\/www.encontrabebedouro.com.br\/sobre\/wp-json\/wp\/v2\/tags?post=675"}],"curies":[{"name":"wp","href":"https:\/\/api.w.org\/{rel}","templated":true}]}}