{"id":668,"date":"2013-06-17T11:55:42","date_gmt":"2013-06-17T13:55:42","guid":{"rendered":"http:\/\/www.encontrabebedouro.com.br\/noticias\/?p=668"},"modified":"2019-04-29T17:11:38","modified_gmt":"2019-04-29T20:11:38","slug":"bebedouro-benfeitores-aderem-a-campanha-unidos-pelo-julia","status":"publish","type":"post","link":"https:\/\/www.encontrabebedouro.com.br\/sobre\/bebedouro-benfeitores-aderem-a-campanha-unidos-pelo-julia\/","title":{"rendered":"Bebedouro: Benfeitores aderem \u00e0 campanha Unidos pelo J\u00falia"},"content":{"rendered":"<div class=\"e7593ce1d9603c7e10386aa266b728a9\" data-index=\"1\" style=\"float: left; margin: 15px 15px 15px 0;\">\n<!-- EBR \/Novo-Bairro\/ 300x250 - pub-85 -->\r\n<ins class=\"adsbygoogle\"\r\n     style=\"display:inline-block;width:300px;height:250px\"\r\n     data-ad-client=\"ca-pub-8585364105181520\"\r\n     data-ad-slot=\"4691134188\"><\/ins>\r\n<script>\r\n(adsbygoogle = window.adsbygoogle || []).push({});\r\n<\/script>\r\n\n<\/div>\n<p>A campanha \u201cUnidos pelo J\u00falia &#8211; 2013\u201d, que ser\u00e1 encerrada com o show \u201cUma Amizade Sincera\u201d dos cantores Sergio Reis e Renato Teixeira, no dia 28 de junho de 2013, a partir das 19h30, no Villa Flamboyant, na cidade de Bebedouro (SP), est\u00e1 recebendo a ades\u00e3o de benfeitores de toda regi\u00e3o.<\/p>\n<p>Os organizadores da campanha criaram, inicialmente, tr\u00eas faixas de contribui\u00e7\u00e3o simbolizadas pelas categorias \u201cOuro \u2013 (R$10.000,00)\u201d, \u201cPrata \u2013 (R$5.000,00)\u201d e \u201cBronze \u2013 (R$3.000,00)\u201d, mas no in\u00edcio desta semana acrescentaram a categoria \u201cBenfeitor Diamante\u201d para homenagear os empres\u00e1rios Jos\u00e9 Francisco dos Santos e Roberto Campanelli, que assumiram em conjunto a contrata\u00e7\u00e3o do show no valor de R$ 60.000,00, e as cooperativas\u00a0 Coopercitrus e Credicitrus que doando outros R$ 60.000,00 assumindo o custo integral do jantar e bebidas que ser\u00e3o servidos pelo Buffet L\u00edvia \u00e0s 900 pessoas presentes ao evento.<\/p>\n<p>A lista de \u201cBenfeitores Ouro\u201d, al\u00e9m de doadores como Antonio Campanelli, Giovana Campanelli Spada e Henrique Arutim, j\u00e1 conta com a confirma\u00e7\u00e3o de conceituadas empresas como a Agro Pecu\u00e1ria Cromel de Oliveira S\/A, Auto Pe\u00e7as e Oficina Mec\u00e2nica Mercebens, Concession\u00e1ria de Rodovias TEBE S\/A, Grupo Tracbel, Recon Motores e ransformadores Ltda, Soft Metais Ltda, THCM Desenvolvendo Cidades, Transmob Transportes Ltda, UNIFAFIBE- Centro Universit\u00e1rio, Usina Guarani, entre outras que pediram que seus nomes, por enquanto, n\u00e3o fossem revelados.<\/p>\n<p>A Rede Record de televis\u00e3o aderiu \u00e0 campanha e atrav\u00e9s de 90 inser\u00e7\u00f5es de 15 segundos est\u00e1 buscando sensibilizar demais empres\u00e1rios para que, a exemplo de diversos outros, participem da campanha em favor do Hospital J\u00falia Pinto Caldeira, contribuindo assim para que o hospital municipal possa investir na melhoria cont\u00ednua dos servi\u00e7os prestados \u00e0 comunidade de Bebedouro e regi\u00e3o.<\/p>\n<p>Os nomes de todos os benfeitores ser\u00e3o revelados ao p\u00fablico na abertura do show no pr\u00f3ximo dia 28 de junho. Assim que conclu\u00edda a reforma do Hospital J\u00falia Pinto Caldeira, um painel ser\u00e1 afixado em seu hall de entrada, em uma justa homenagem \u00e0queles que contribu\u00edram para suas melhorias.<\/p>\n<p>De acordo com a organiza\u00e7\u00e3o da campanha \u201cUnidos pelo J\u00falia: Uma Amizade Sincera\u201d, a meta \u00e9 arrecadar cerca de R$ 300 mil em doa\u00e7\u00f5es que ser\u00e3o revertidos, integralmente, em benef\u00edcio do Hospital J\u00falia Pinto Caldeira. Para assegurar a total transpar\u00eancia da campanha, os organizadores pediram \u00e0 Rede Feminina de Combate ao C\u00e2ncer de Bebedouro que abrisse conta espec\u00edfica para tal fim na Credicitrus e no Banco do Brasil, e que se comprometessem em acompanhar, passo a passo, a destina\u00e7\u00e3o desses recursos.<\/p>\n<p>As 50 mesas ofertadas a R$1.500,00 foram vendidas em tempo recorde. Os organizadores estudam agora a possibilidade de colocar \u00e0 venda outras 10 mesas ainda a este mesmo pre\u00e7o. Pessoas interessadas em deixar seu nome na lista ou outras informa\u00e7\u00f5es podem entrar em contato com a Srta. Lara pelo telefone (17) 3345-9106.<\/p>\n<p>Empresas interessadas em contribuir com essa campanha podem, da mesma forma, entrar em contato com a Srta. Lara. A comunidade que se socorre dos servi\u00e7os prestados pelo Hospital J\u00falia Pinto Caldeira agradece.<\/p>\n<p><strong>Programe-se para o evento na cidade Bebedouro:<\/strong><\/p>\n<p>Show Beneficente \u201cSergio Reis e Renato Teixeira\u201d<br \/>\n\u201cUnidos pelo J\u00falia: uma amizade sincera\u201d<br \/>\nQuando: 28 de junho de 2013 (sexta-feira), a partir das 19h30<br \/>\nLocal: Villa Flamboyant, em Bebedouro (SP)<br \/>\nInforma\u00e7\u00f5es e reservas: (17) 3345-9106 com Srta. Lara (hor\u00e1rio comercial)<\/p>\n<p><em>Fonte: Prefeitura Bebedouro<\/em><\/p>\n\n<div style=\"font-size: 0px; height: 0px; line-height: 0px; margin: 0; padding: 0; clear: both;\"><\/div>","protected":false},"excerpt":{"rendered":"<p>A campanha \u201cUnidos pelo J\u00falia &#8211; 2013\u201d, que ser\u00e1 encerrada com o show \u201cUma Amizade Sincera\u201d dos cantores Sergio Reis e Renato Teixeira, no dia 28 de junho de 2013, a partir das 19h30, no Villa Flamboyant, na cidade de Bebedouro (SP), est\u00e1 recebendo a ades\u00e3o de benfeitores de toda regi\u00e3o. Os organizadores da campanha criaram, inicialmente, tr\u00eas faixas de contribui\u00e7\u00e3o simbolizadas pelas categorias \u201cOuro \u2013 (R$10.000,00)\u201d, \u201cPrata \u2013 (R$5.000,00)\u201d e \u201cBronze \u2013 (R$3.000,00)\u201d, mas no in\u00edcio desta semana acrescentaram a categoria \u201cBenfeitor Diamante\u201d para homenagear os empres\u00e1rios Jos\u00e9 Francisco dos Santos e Roberto Campanelli, que assumiram em conjunto a <\/p>\n","protected":false},"author":1,"featured_media":0,"comment_status":"open","ping_status":"closed","sticky":false,"template":"","format":"standard","meta":{"footnotes":""},"categories":[6],"tags":[],"class_list":["post-668","post","type-post","status-publish","format-standard","hentry","category-noticias-bebedouro"],"aioseo_notices":[],"aioseo_head":"\n\t\t<!-- All in One SEO 5.0.0.1 - aioseo.com -->\n\t<meta name=\"description\" content=\"A campanha \u201cUnidos pelo J\u00falia - 2013\u201d, que ser\u00e1 encerrada com o show \u201cUma Amizade Sincera\u201d dos cantores Sergio Reis e Renato Teixeira, no dia 28 de junho de 2013, a partir das 19h30, no Villa Flamboyant, na cidade de Bebedouro (SP), est\u00e1 recebendo a ades\u00e3o de benfeitores de toda regi\u00e3o. Os organizadores da campanha\" \/>\n\t<meta name=\"robots\" content=\"max-image-preview:large\" \/>\n\t<meta name=\"author\" content=\"Encontra Bebedouro\"\/>\n\t<link rel=\"canonical\" href=\"https:\/\/www.encontrabebedouro.com.br\/sobre\/bebedouro-benfeitores-aderem-a-campanha-unidos-pelo-julia\/\" \/>\n\t<meta name=\"generator\" content=\"All in One SEO (AIOSEO) 5.0.0.1\" \/>\n\t\t<meta property=\"og:locale\" content=\"pt_BR\" \/>\n\t\t<meta property=\"og:site_name\" content=\"Encontra Bebedouro | Not\u00edcias, eventos, informa\u00e7\u00f5es e dicas na cidade de Bebedouro e regi\u00e3o\" \/>\n\t\t<meta property=\"og:type\" content=\"article\" \/>\n\t\t<meta property=\"og:title\" content=\"Bebedouro: Benfeitores aderem \u00e0 campanha Unidos pelo J\u00falia | Encontra Bebedouro\" \/>\n\t\t<meta property=\"og:description\" content=\"A campanha \u201cUnidos pelo J\u00falia - 2013\u201d, que ser\u00e1 encerrada com o show \u201cUma Amizade Sincera\u201d dos cantores Sergio Reis e Renato Teixeira, no dia 28 de junho de 2013, a partir das 19h30, no Villa Flamboyant, na cidade de Bebedouro (SP), est\u00e1 recebendo a ades\u00e3o de benfeitores de toda regi\u00e3o. Os organizadores da campanha\" \/>\n\t\t<meta property=\"og:url\" content=\"https:\/\/www.encontrabebedouro.com.br\/sobre\/bebedouro-benfeitores-aderem-a-campanha-unidos-pelo-julia\/\" \/>\n\t\t<meta property=\"article:published_time\" content=\"2013-06-17T13:55:42+00:00\" \/>\n\t\t<meta property=\"article:modified_time\" content=\"2019-04-29T20:11:38+00:00\" \/>\n\t\t<meta name=\"twitter:card\" content=\"summary_large_image\" \/>\n\t\t<meta name=\"twitter:title\" content=\"Bebedouro: Benfeitores aderem \u00e0 campanha Unidos pelo J\u00falia | Encontra Bebedouro\" \/>\n\t\t<meta name=\"twitter:description\" content=\"A campanha \u201cUnidos pelo J\u00falia - 2013\u201d, que ser\u00e1 encerrada com o show \u201cUma Amizade Sincera\u201d dos cantores Sergio Reis e Renato Teixeira, no dia 28 de junho de 2013, a partir das 19h30, no Villa Flamboyant, na cidade de Bebedouro (SP), est\u00e1 recebendo a ades\u00e3o de benfeitores de toda regi\u00e3o. Os organizadores da campanha\" \/>\n\t\t<script type=\"application\/ld+json\" class=\"aioseo-schema\">\n\t\t\t{\"@context\":\"https:\\\/\\\/schema.org\",\"@graph\":[{\"@type\":\"Article\",\"@id\":\"https:\\\/\\\/www.encontrabebedouro.com.br\\\/sobre\\\/bebedouro-benfeitores-aderem-a-campanha-unidos-pelo-julia\\\/#article\",\"name\":\"Bebedouro: Benfeitores aderem \\u00e0 campanha Unidos pelo J\\u00falia | Encontra Bebedouro\",\"headline\":\"Bebedouro: Benfeitores aderem \\u00e0 campanha Unidos pelo J\\u00falia\",\"author\":{\"@id\":\"https:\\\/\\\/www.encontrabebedouro.com.br\\\/sobre\\\/author\\\/ebebedouro\\\/#author\"},\"publisher\":{\"@id\":\"https:\\\/\\\/www.encontrabebedouro.com.br\\\/sobre\\\/#organization\"},\"datePublished\":\"2013-06-17T11:55:42-03:00\",\"dateModified\":\"2019-04-29T17:11:38-03:00\",\"inLanguage\":\"pt-BR\",\"mainEntityOfPage\":{\"@id\":\"https:\\\/\\\/www.encontrabebedouro.com.br\\\/sobre\\\/bebedouro-benfeitores-aderem-a-campanha-unidos-pelo-julia\\\/#webpage\"},\"isPartOf\":{\"@id\":\"https:\\\/\\\/www.encontrabebedouro.com.br\\\/sobre\\\/bebedouro-benfeitores-aderem-a-campanha-unidos-pelo-julia\\\/#webpage\"},\"articleSection\":\"Not\\u00edcias Bebedouro\"},{\"@type\":\"BreadcrumbList\",\"@id\":\"https:\\\/\\\/www.encontrabebedouro.com.br\\\/sobre\\\/bebedouro-benfeitores-aderem-a-campanha-unidos-pelo-julia\\\/#breadcrumblist\",\"itemListElement\":[{\"@type\":\"ListItem\",\"@id\":\"https:\\\/\\\/www.encontrabebedouro.com.br\\\/sobre#listItem\",\"position\":1,\"name\":\"Dom\\u00e9stica\",\"item\":\"https:\\\/\\\/www.encontrabebedouro.com.br\\\/sobre\",\"nextItem\":{\"@type\":\"ListItem\",\"@id\":\"https:\\\/\\\/www.encontrabebedouro.com.br\\\/sobre\\\/noticias-bebedouro\\\/#listItem\",\"name\":\"Not\\u00edcias Bebedouro\"}},{\"@type\":\"ListItem\",\"@id\":\"https:\\\/\\\/www.encontrabebedouro.com.br\\\/sobre\\\/noticias-bebedouro\\\/#listItem\",\"position\":2,\"name\":\"Not\\u00edcias Bebedouro\",\"item\":\"https:\\\/\\\/www.encontrabebedouro.com.br\\\/sobre\\\/noticias-bebedouro\\\/\",\"nextItem\":{\"@type\":\"ListItem\",\"@id\":\"https:\\\/\\\/www.encontrabebedouro.com.br\\\/sobre\\\/bebedouro-benfeitores-aderem-a-campanha-unidos-pelo-julia\\\/#listItem\",\"name\":\"Bebedouro: Benfeitores aderem \\u00e0 campanha Unidos pelo J\\u00falia\"},\"previousItem\":{\"@type\":\"ListItem\",\"@id\":\"https:\\\/\\\/www.encontrabebedouro.com.br\\\/sobre#listItem\",\"name\":\"Dom\\u00e9stica\"}},{\"@type\":\"ListItem\",\"@id\":\"https:\\\/\\\/www.encontrabebedouro.com.br\\\/sobre\\\/bebedouro-benfeitores-aderem-a-campanha-unidos-pelo-julia\\\/#listItem\",\"position\":3,\"name\":\"Bebedouro: Benfeitores aderem \\u00e0 campanha Unidos pelo J\\u00falia\",\"previousItem\":{\"@type\":\"ListItem\",\"@id\":\"https:\\\/\\\/www.encontrabebedouro.com.br\\\/sobre\\\/noticias-bebedouro\\\/#listItem\",\"name\":\"Not\\u00edcias Bebedouro\"}}]},{\"@type\":\"Organization\",\"@id\":\"https:\\\/\\\/www.encontrabebedouro.com.br\\\/sobre\\\/#organization\",\"name\":\"Encontra Bebedouro\",\"description\":\"Not\\u00edcias, eventos, informa\\u00e7\\u00f5es e dicas na cidade de Bebedouro e regi\\u00e3o\",\"url\":\"https:\\\/\\\/www.encontrabebedouro.com.br\\\/sobre\\\/\"},{\"@type\":\"Person\",\"@id\":\"https:\\\/\\\/www.encontrabebedouro.com.br\\\/sobre\\\/author\\\/ebebedouro\\\/#author\",\"url\":\"https:\\\/\\\/www.encontrabebedouro.com.br\\\/sobre\\\/author\\\/ebebedouro\\\/\",\"name\":\"Encontra Bebedouro\",\"image\":{\"@type\":\"ImageObject\",\"@id\":\"https:\\\/\\\/www.encontrabebedouro.com.br\\\/sobre\\\/bebedouro-benfeitores-aderem-a-campanha-unidos-pelo-julia\\\/#authorImage\",\"url\":\"https:\\\/\\\/secure.gravatar.com\\\/avatar\\\/507340682b8270222e1f208e23198b6ae7e2c6a1033ae84e99bc6bce4f82a387?s=96&d=mm&r=g\",\"width\":96,\"height\":96,\"caption\":\"Encontra Bebedouro\"}},{\"@type\":\"WebPage\",\"@id\":\"https:\\\/\\\/www.encontrabebedouro.com.br\\\/sobre\\\/bebedouro-benfeitores-aderem-a-campanha-unidos-pelo-julia\\\/#webpage\",\"url\":\"https:\\\/\\\/www.encontrabebedouro.com.br\\\/sobre\\\/bebedouro-benfeitores-aderem-a-campanha-unidos-pelo-julia\\\/\",\"name\":\"Bebedouro: Benfeitores aderem \\u00e0 campanha Unidos pelo J\\u00falia | Encontra Bebedouro\",\"description\":\"A campanha \\u201cUnidos pelo J\\u00falia - 2013\\u201d, que ser\\u00e1 encerrada com o show \\u201cUma Amizade Sincera\\u201d dos cantores Sergio Reis e Renato Teixeira, no dia 28 de junho de 2013, a partir das 19h30, no Villa Flamboyant, na cidade de Bebedouro (SP), est\\u00e1 recebendo a ades\\u00e3o de benfeitores de toda regi\\u00e3o. Os organizadores da campanha\",\"inLanguage\":\"pt-BR\",\"isPartOf\":{\"@id\":\"https:\\\/\\\/www.encontrabebedouro.com.br\\\/sobre\\\/#website\"},\"breadcrumb\":{\"@id\":\"https:\\\/\\\/www.encontrabebedouro.com.br\\\/sobre\\\/bebedouro-benfeitores-aderem-a-campanha-unidos-pelo-julia\\\/#breadcrumblist\"},\"author\":{\"@id\":\"https:\\\/\\\/www.encontrabebedouro.com.br\\\/sobre\\\/author\\\/ebebedouro\\\/#author\"},\"creator\":{\"@id\":\"https:\\\/\\\/www.encontrabebedouro.com.br\\\/sobre\\\/author\\\/ebebedouro\\\/#author\"},\"datePublished\":\"2013-06-17T11:55:42-03:00\",\"dateModified\":\"2019-04-29T17:11:38-03:00\"},{\"@type\":\"WebSite\",\"@id\":\"https:\\\/\\\/www.encontrabebedouro.com.br\\\/sobre\\\/#website\",\"url\":\"https:\\\/\\\/www.encontrabebedouro.com.br\\\/sobre\\\/\",\"name\":\"Encontra Bebedouro\",\"description\":\"Not\\u00edcias, eventos, informa\\u00e7\\u00f5es e dicas na cidade de Bebedouro e regi\\u00e3o\",\"inLanguage\":\"pt-BR\",\"publisher\":{\"@id\":\"https:\\\/\\\/www.encontrabebedouro.com.br\\\/sobre\\\/#organization\"}}]}\n\t\t<\/script>\n\t\t<!-- All in One SEO -->\n\n","aioseo_head_json":{"title":"Bebedouro: Benfeitores aderem \u00e0 campanha Unidos pelo J\u00falia | Encontra Bebedouro","description":"A campanha \u201cUnidos pelo J\u00falia - 2013\u201d, que ser\u00e1 encerrada com o show \u201cUma Amizade Sincera\u201d dos cantores Sergio Reis e Renato Teixeira, no dia 28 de junho de 2013, a partir das 19h30, no Villa Flamboyant, na cidade de Bebedouro (SP), est\u00e1 recebendo a ades\u00e3o de benfeitores de toda regi\u00e3o. Os organizadores da campanha","canonical_url":"https:\/\/www.encontrabebedouro.com.br\/sobre\/bebedouro-benfeitores-aderem-a-campanha-unidos-pelo-julia\/","robots":"max-image-preview:large","keywords":"","webmasterTools":{"miscellaneous":""},"schema":{"@context":"https:\/\/schema.org","@graph":[{"@type":"Article","@id":"https:\/\/www.encontrabebedouro.com.br\/sobre\/bebedouro-benfeitores-aderem-a-campanha-unidos-pelo-julia\/#article","name":"Bebedouro: Benfeitores aderem \u00e0 campanha Unidos pelo J\u00falia | Encontra Bebedouro","headline":"Bebedouro: Benfeitores aderem \u00e0 campanha Unidos pelo J\u00falia","author":{"@id":"https:\/\/www.encontrabebedouro.com.br\/sobre\/author\/ebebedouro\/#author"},"publisher":{"@id":"https:\/\/www.encontrabebedouro.com.br\/sobre\/#organization"},"datePublished":"2013-06-17T11:55:42-03:00","dateModified":"2019-04-29T17:11:38-03:00","inLanguage":"pt-BR","mainEntityOfPage":{"@id":"https:\/\/www.encontrabebedouro.com.br\/sobre\/bebedouro-benfeitores-aderem-a-campanha-unidos-pelo-julia\/#webpage"},"isPartOf":{"@id":"https:\/\/www.encontrabebedouro.com.br\/sobre\/bebedouro-benfeitores-aderem-a-campanha-unidos-pelo-julia\/#webpage"},"articleSection":"Not\u00edcias Bebedouro"},{"@type":"BreadcrumbList","@id":"https:\/\/www.encontrabebedouro.com.br\/sobre\/bebedouro-benfeitores-aderem-a-campanha-unidos-pelo-julia\/#breadcrumblist","itemListElement":[{"@type":"ListItem","@id":"https:\/\/www.encontrabebedouro.com.br\/sobre#listItem","position":1,"name":"Dom\u00e9stica","item":"https:\/\/www.encontrabebedouro.com.br\/sobre","nextItem":{"@type":"ListItem","@id":"https:\/\/www.encontrabebedouro.com.br\/sobre\/noticias-bebedouro\/#listItem","name":"Not\u00edcias Bebedouro"}},{"@type":"ListItem","@id":"https:\/\/www.encontrabebedouro.com.br\/sobre\/noticias-bebedouro\/#listItem","position":2,"name":"Not\u00edcias Bebedouro","item":"https:\/\/www.encontrabebedouro.com.br\/sobre\/noticias-bebedouro\/","nextItem":{"@type":"ListItem","@id":"https:\/\/www.encontrabebedouro.com.br\/sobre\/bebedouro-benfeitores-aderem-a-campanha-unidos-pelo-julia\/#listItem","name":"Bebedouro: Benfeitores aderem \u00e0 campanha Unidos pelo J\u00falia"},"previousItem":{"@type":"ListItem","@id":"https:\/\/www.encontrabebedouro.com.br\/sobre#listItem","name":"Dom\u00e9stica"}},{"@type":"ListItem","@id":"https:\/\/www.encontrabebedouro.com.br\/sobre\/bebedouro-benfeitores-aderem-a-campanha-unidos-pelo-julia\/#listItem","position":3,"name":"Bebedouro: Benfeitores aderem \u00e0 campanha Unidos pelo J\u00falia","previousItem":{"@type":"ListItem","@id":"https:\/\/www.encontrabebedouro.com.br\/sobre\/noticias-bebedouro\/#listItem","name":"Not\u00edcias Bebedouro"}}]},{"@type":"Organization","@id":"https:\/\/www.encontrabebedouro.com.br\/sobre\/#organization","name":"Encontra Bebedouro","description":"Not\u00edcias, eventos, informa\u00e7\u00f5es e dicas na cidade de Bebedouro e regi\u00e3o","url":"https:\/\/www.encontrabebedouro.com.br\/sobre\/"},{"@type":"Person","@id":"https:\/\/www.encontrabebedouro.com.br\/sobre\/author\/ebebedouro\/#author","url":"https:\/\/www.encontrabebedouro.com.br\/sobre\/author\/ebebedouro\/","name":"Encontra Bebedouro","image":{"@type":"ImageObject","@id":"https:\/\/www.encontrabebedouro.com.br\/sobre\/bebedouro-benfeitores-aderem-a-campanha-unidos-pelo-julia\/#authorImage","url":"https:\/\/secure.gravatar.com\/avatar\/507340682b8270222e1f208e23198b6ae7e2c6a1033ae84e99bc6bce4f82a387?s=96&d=mm&r=g","width":96,"height":96,"caption":"Encontra Bebedouro"}},{"@type":"WebPage","@id":"https:\/\/www.encontrabebedouro.com.br\/sobre\/bebedouro-benfeitores-aderem-a-campanha-unidos-pelo-julia\/#webpage","url":"https:\/\/www.encontrabebedouro.com.br\/sobre\/bebedouro-benfeitores-aderem-a-campanha-unidos-pelo-julia\/","name":"Bebedouro: Benfeitores aderem \u00e0 campanha Unidos pelo J\u00falia | Encontra Bebedouro","description":"A campanha \u201cUnidos pelo J\u00falia - 2013\u201d, que ser\u00e1 encerrada com o show \u201cUma Amizade Sincera\u201d dos cantores Sergio Reis e Renato Teixeira, no dia 28 de junho de 2013, a partir das 19h30, no Villa Flamboyant, na cidade de Bebedouro (SP), est\u00e1 recebendo a ades\u00e3o de benfeitores de toda regi\u00e3o. Os organizadores da campanha","inLanguage":"pt-BR","isPartOf":{"@id":"https:\/\/www.encontrabebedouro.com.br\/sobre\/#website"},"breadcrumb":{"@id":"https:\/\/www.encontrabebedouro.com.br\/sobre\/bebedouro-benfeitores-aderem-a-campanha-unidos-pelo-julia\/#breadcrumblist"},"author":{"@id":"https:\/\/www.encontrabebedouro.com.br\/sobre\/author\/ebebedouro\/#author"},"creator":{"@id":"https:\/\/www.encontrabebedouro.com.br\/sobre\/author\/ebebedouro\/#author"},"datePublished":"2013-06-17T11:55:42-03:00","dateModified":"2019-04-29T17:11:38-03:00"},{"@type":"WebSite","@id":"https:\/\/www.encontrabebedouro.com.br\/sobre\/#website","url":"https:\/\/www.encontrabebedouro.com.br\/sobre\/","name":"Encontra Bebedouro","description":"Not\u00edcias, eventos, informa\u00e7\u00f5es e dicas na cidade de Bebedouro e regi\u00e3o","inLanguage":"pt-BR","publisher":{"@id":"https:\/\/www.encontrabebedouro.com.br\/sobre\/#organization"}}]},"og:locale":"pt_BR","og:site_name":"Encontra Bebedouro | Not\u00edcias, eventos, informa\u00e7\u00f5es e dicas na cidade de Bebedouro e regi\u00e3o","og:type":"article","og:title":"Bebedouro: Benfeitores aderem \u00e0 campanha Unidos pelo J\u00falia | Encontra Bebedouro","og:description":"A campanha \u201cUnidos pelo J\u00falia - 2013\u201d, que ser\u00e1 encerrada com o show \u201cUma Amizade Sincera\u201d dos cantores Sergio Reis e Renato Teixeira, no dia 28 de junho de 2013, a partir das 19h30, no Villa Flamboyant, na cidade de Bebedouro (SP), est\u00e1 recebendo a ades\u00e3o de benfeitores de toda regi\u00e3o. Os organizadores da campanha","og:url":"https:\/\/www.encontrabebedouro.com.br\/sobre\/bebedouro-benfeitores-aderem-a-campanha-unidos-pelo-julia\/","article:published_time":"2013-06-17T13:55:42+00:00","article:modified_time":"2019-04-29T20:11:38+00:00","twitter:card":"summary_large_image","twitter:title":"Bebedouro: Benfeitores aderem \u00e0 campanha Unidos pelo J\u00falia | Encontra Bebedouro","twitter:description":"A campanha \u201cUnidos pelo J\u00falia - 2013\u201d, que ser\u00e1 encerrada com o show \u201cUma Amizade Sincera\u201d dos cantores Sergio Reis e Renato Teixeira, no dia 28 de junho de 2013, a partir das 19h30, no Villa Flamboyant, na cidade de Bebedouro (SP), est\u00e1 recebendo a ades\u00e3o de benfeitores de toda regi\u00e3o. Os organizadores da campanha"},"aioseo_meta_data":{"post_id":"668","title":null,"description":null,"keywords":null,"keyphrases":null,"primary_term":null,"canonical_url":null,"og_title":null,"og_description":null,"og_object_type":"default","og_image_type":"default","og_image_url":null,"og_image_width":null,"og_image_height":null,"og_image_custom_url":null,"og_image_custom_fields":null,"og_video":null,"og_custom_url":null,"og_article_section":null,"og_article_tags":null,"twitter_use_og":false,"twitter_card":"default","twitter_image_type":"default","twitter_image_url":null,"twitter_image_custom_url":null,"twitter_image_custom_fields":null,"twitter_title":null,"twitter_description":null,"schema":{"blockGraphs":[],"customGraphs":[],"default":{"data":{"Article":[],"Course":[],"Dataset":[],"FAQPage":[],"Movie":[],"Person":[],"Product":[],"ProductReview":[],"Car":[],"Recipe":[],"Service":[],"SoftwareApplication":[],"WebPage":[]},"graphName":"","isEnabled":true},"graphs":[]},"schema_type":"default","schema_type_options":null,"pillar_content":false,"robots_default":true,"robots_noindex":false,"robots_noarchive":false,"robots_nosnippet":false,"robots_nofollow":false,"robots_noimageindex":false,"robots_noodp":false,"robots_notranslate":false,"robots_max_snippet":null,"robots_max_videopreview":null,"robots_max_imagepreview":"large","priority":null,"frequency":null,"local_seo":null,"limit_modified_date":false,"created":"2023-09-27 19:29:10","updated":"2026-08-05 20:20:45","focus_keyword":null,"additional_keywords":null,"truseo_locale":null,"ai":null,"breadcrumb_settings":null,"seo_analyzer_scan_date":null},"aioseo_breadcrumb":"<div class=\"aioseo-breadcrumbs\"><span class=\"aioseo-breadcrumb\">\n\t\t\t<a href=\"https:\/\/www.encontrabebedouro.com.br\/sobre\" title=\"Dom\u00e9stica\">Dom\u00e9stica<\/a>\n\t\t<\/span><span class=\"aioseo-breadcrumb-separator\">&raquo;<\/span><span class=\"aioseo-breadcrumb\">\n\t\t\t<a href=\"https:\/\/www.encontrabebedouro.com.br\/sobre\/noticias-bebedouro\/\" title=\"Not\u00edcias Bebedouro\">Not\u00edcias Bebedouro<\/a>\n\t\t<\/span><span class=\"aioseo-breadcrumb-separator\">&raquo;<\/span><span class=\"aioseo-breadcrumb\">\n\t\t\tBebedouro: Benfeitores aderem \u00e0 campanha Unidos pelo J\u00falia\n\t\t<\/span><\/div>","aioseo_breadcrumb_json":[{"label":"Dom\u00e9stica","link":"https:\/\/www.encontrabebedouro.com.br\/sobre"},{"label":"Not\u00edcias Bebedouro","link":"https:\/\/www.encontrabebedouro.com.br\/sobre\/noticias-bebedouro\/"},{"label":"Bebedouro: Benfeitores aderem \u00e0 campanha Unidos pelo J\u00falia","link":"https:\/\/www.encontrabebedouro.com.br\/sobre\/bebedouro-benfeitores-aderem-a-campanha-unidos-pelo-julia\/"}],"_links":{"self":[{"href":"https:\/\/www.encontrabebedouro.com.br\/sobre\/wp-json\/wp\/v2\/posts\/668","targetHints":{"allow":["GET"]}}],"collection":[{"href":"https:\/\/www.encontrabebedouro.com.br\/sobre\/wp-json\/wp\/v2\/posts"}],"about":[{"href":"https:\/\/www.encontrabebedouro.com.br\/sobre\/wp-json\/wp\/v2\/types\/post"}],"author":[{"embeddable":true,"href":"https:\/\/www.encontrabebedouro.com.br\/sobre\/wp-json\/wp\/v2\/users\/1"}],"replies":[{"embeddable":true,"href":"https:\/\/www.encontrabebedouro.com.br\/sobre\/wp-json\/wp\/v2\/comments?post=668"}],"version-history":[{"count":0,"href":"https:\/\/www.encontrabebedouro.com.br\/sobre\/wp-json\/wp\/v2\/posts\/668\/revisions"}],"wp:attachment":[{"href":"https:\/\/www.encontrabebedouro.com.br\/sobre\/wp-json\/wp\/v2\/media?parent=668"}],"wp:term":[{"taxonomy":"category","embeddable":true,"href":"https:\/\/www.encontrabebedouro.com.br\/sobre\/wp-json\/wp\/v2\/categories?post=668"},{"taxonomy":"post_tag","embeddable":true,"href":"https:\/\/www.encontrabebedouro.com.br\/sobre\/wp-json\/wp\/v2\/tags?post=668"}],"curies":[{"name":"wp","href":"https:\/\/api.w.org\/{rel}","templated":true}]}}