{"id":603,"date":"2013-04-16T16:00:21","date_gmt":"2013-04-16T18:00:21","guid":{"rendered":"http:\/\/www.encontrabebedouro.com.br\/noticias\/?p=603"},"modified":"2019-04-29T17:11:39","modified_gmt":"2019-04-29T20:11:39","slug":"saude-de-bebedouro-lanca-campanha-de-vacinacao-contra-gripe","status":"publish","type":"post","link":"https:\/\/www.encontrabebedouro.com.br\/sobre\/saude-de-bebedouro-lanca-campanha-de-vacinacao-contra-gripe\/","title":{"rendered":"Sa\u00fade de Bebedouro lan\u00e7a Campanha de Vacina\u00e7\u00e3o contra Gripe"},"content":{"rendered":"<div class=\"e7593ce1d9603c7e10386aa266b728a9\" data-index=\"1\" style=\"float: left; margin: 15px 15px 15px 0;\">\n<!-- EBR \/Novo-Bairro\/ 300x250 - pub-85 -->\r\n<ins class=\"adsbygoogle\"\r\n     style=\"display:inline-block;width:300px;height:250px\"\r\n     data-ad-client=\"ca-pub-8585364105181520\"\r\n     data-ad-slot=\"4691134188\"><\/ins>\r\n<script>\r\n(adsbygoogle = window.adsbygoogle || []).push({});\r\n<\/script>\r\n\n<\/div>\n<p>A <a title=\"Prefeitura de Bebedouro\" href=\"http:\/\/www.encontrabebedouro.com.br\/bebedouro\/prefeitura-de-bebedouro.shtml\" target=\"_blank\" rel=\"noopener noreferrer\">Prefeitura de Bebedouro<\/a>, por meio do Departamento de Sa\u00fade na cidade de Bebedouro, lan\u00e7ou, no domingo (14), na Feira Livre, a Campanha de Vacina\u00e7\u00e3o contra a Gripe juntamente com a Campanha de Preven\u00e7\u00e3o ao C\u00e2ncer Bucal, que, neste ano, vai ser realizada at\u00e9 26 de abril, sendo o dia 20, da mobiliza\u00e7\u00e3o nacional.<\/p>\n<p>Na campanha ser\u00e3o vacinados os integrantes do grupo priorit\u00e1rio, formado por pessoas com 60 anos ou mais, crian\u00e7as de seis meses a dois anos, ind\u00edgenas, gestantes, mulheres no per\u00edodo de at\u00e9 45 dias ap\u00f3s o parto (em puerp\u00e9rio), pessoas privadas de liberdade, profissionais de sa\u00fade e doentes cr\u00f4nicos.<\/p>\n<p>Os idosos continuam sendo o principal alvo da campanha contra a gripe por serem mais suscet\u00edveis \u00e0s complica\u00e7\u00f5es da doen\u00e7a. Em Bebedouro, de acordo com dados divulgados pelo Censo 2010, a popula\u00e7\u00e3o com mais 60 anos \u00e9 estimada em 10. 485. A meta da campanha \u00e9 atingir 80% deste total, ou seja, 8.392 idosos.<\/p>\n<p>A vacina\u00e7\u00e3o durante a campanha, al\u00e9m de ser realizada em todas as Unidades B\u00e1sicas de Sa\u00fade (UBSs), nas Unidades de Sa\u00fade da Fam\u00edlia (USF), no Hospital Municipal e Ambulat\u00f3rio de Refer\u00eancia e Especialidades (ARE), uma programa\u00e7\u00e3o especial foi montada para atender a popula\u00e7\u00e3o.<\/p>\n<p><strong>Campanha de Sa\u00fade Bucal<\/strong><\/p>\n<p>Aproveitando o per\u00edodo da vacina\u00e7\u00e3o, com maior frequ\u00eancia nas unidades de Sa\u00fade, de 22 a 26 de abril, a coordenadoria da Sa\u00fade Bucal realizar\u00e1 a Campanha de Preven\u00e7\u00e3o e Diagn\u00f3stico do C\u00e2ncer Bucal.<\/p>\n<p>Quem passar pelas unidades de sa\u00fade nesta semana ser\u00e1 convidado a fazer uma avalia\u00e7\u00e3o bucal para identifica\u00e7\u00e3o de les\u00f5es e identifica\u00e7\u00e3o de poss\u00edveis suspeitas de c\u00e2ncer. O atendimento ser\u00e1 feito pelos dentistas que tamb\u00e9m prestar\u00e3o orienta\u00e7\u00f5es sobre cuidados e a import\u00e2ncia do autoexame.<\/p>\n<p>O principal alvo da campanha s\u00e3o as pessoas com mais de 60 anos, usu\u00e1rios de pr\u00f3tese dent\u00e1ria, pessoas que tenham alguma altera\u00e7\u00e3o na boca, feridas e machucados que n\u00e3o cicatrizam, fumantes e pessoas que consomem \u00e1lcool regularmente.<\/p>\n<p><em>Fonte: Prefeitura Bebedouro<\/em><\/p>\n\n<div style=\"font-size: 0px; height: 0px; line-height: 0px; margin: 0; padding: 0; clear: both;\"><\/div>","protected":false},"excerpt":{"rendered":"<p>A Prefeitura de Bebedouro, por meio do Departamento de Sa\u00fade na cidade de Bebedouro, lan\u00e7ou, no domingo (14), na Feira Livre, a Campanha de Vacina\u00e7\u00e3o contra a Gripe juntamente com a Campanha de Preven\u00e7\u00e3o ao C\u00e2ncer Bucal, que, neste ano, vai ser realizada at\u00e9 26 de abril, sendo o dia 20, da mobiliza\u00e7\u00e3o nacional. Na campanha ser\u00e3o vacinados os integrantes do grupo priorit\u00e1rio, formado por pessoas com 60 anos ou mais, crian\u00e7as de seis meses a dois anos, ind\u00edgenas, gestantes, mulheres no per\u00edodo de at\u00e9 45 dias ap\u00f3s o parto (em puerp\u00e9rio), pessoas privadas de liberdade, profissionais de sa\u00fade e <\/p>\n","protected":false},"author":1,"featured_media":0,"comment_status":"open","ping_status":"closed","sticky":false,"template":"","format":"standard","meta":{"footnotes":""},"categories":[6],"tags":[],"class_list":["post-603","post","type-post","status-publish","format-standard","hentry","category-noticias-bebedouro"],"aioseo_notices":[],"aioseo_head":"\n\t\t<!-- All in One SEO 5.0.0.1 - aioseo.com -->\n\t<meta name=\"description\" content=\"A Prefeitura de Bebedouro, por meio do Departamento de Sa\u00fade na cidade de Bebedouro, lan\u00e7ou, no domingo (14), na Feira Livre, a Campanha de Vacina\u00e7\u00e3o contra a Gripe juntamente com a Campanha de Preven\u00e7\u00e3o ao C\u00e2ncer Bucal, que, neste ano, vai ser realizada at\u00e9 26 de abril, sendo o dia 20, da mobiliza\u00e7\u00e3o nacional. Na\" \/>\n\t<meta name=\"robots\" content=\"max-image-preview:large\" \/>\n\t<meta name=\"author\" content=\"Encontra Bebedouro\"\/>\n\t<link rel=\"canonical\" href=\"https:\/\/www.encontrabebedouro.com.br\/sobre\/saude-de-bebedouro-lanca-campanha-de-vacinacao-contra-gripe\/\" \/>\n\t<meta name=\"generator\" content=\"All in One SEO (AIOSEO) 5.0.0.1\" \/>\n\t\t<meta property=\"og:locale\" content=\"pt_BR\" \/>\n\t\t<meta property=\"og:site_name\" content=\"Encontra Bebedouro | Not\u00edcias, eventos, informa\u00e7\u00f5es e dicas na cidade de Bebedouro e regi\u00e3o\" \/>\n\t\t<meta property=\"og:type\" content=\"article\" \/>\n\t\t<meta property=\"og:title\" content=\"Sa\u00fade de Bebedouro lan\u00e7a Campanha de Vacina\u00e7\u00e3o contra Gripe | Encontra Bebedouro\" \/>\n\t\t<meta property=\"og:description\" content=\"A Prefeitura de Bebedouro, por meio do Departamento de Sa\u00fade na cidade de Bebedouro, lan\u00e7ou, no domingo (14), na Feira Livre, a Campanha de Vacina\u00e7\u00e3o contra a Gripe juntamente com a Campanha de Preven\u00e7\u00e3o ao C\u00e2ncer Bucal, que, neste ano, vai ser realizada at\u00e9 26 de abril, sendo o dia 20, da mobiliza\u00e7\u00e3o nacional. Na\" \/>\n\t\t<meta property=\"og:url\" content=\"https:\/\/www.encontrabebedouro.com.br\/sobre\/saude-de-bebedouro-lanca-campanha-de-vacinacao-contra-gripe\/\" \/>\n\t\t<meta property=\"article:published_time\" content=\"2013-04-16T18:00:21+00:00\" \/>\n\t\t<meta property=\"article:modified_time\" content=\"2019-04-29T20:11:39+00:00\" \/>\n\t\t<meta name=\"twitter:card\" content=\"summary_large_image\" \/>\n\t\t<meta name=\"twitter:title\" content=\"Sa\u00fade de Bebedouro lan\u00e7a Campanha de Vacina\u00e7\u00e3o contra Gripe | Encontra Bebedouro\" \/>\n\t\t<meta name=\"twitter:description\" content=\"A Prefeitura de Bebedouro, por meio do Departamento de Sa\u00fade na cidade de Bebedouro, lan\u00e7ou, no domingo (14), na Feira Livre, a Campanha de Vacina\u00e7\u00e3o contra a Gripe juntamente com a Campanha de Preven\u00e7\u00e3o ao C\u00e2ncer Bucal, que, neste ano, vai ser realizada at\u00e9 26 de abril, sendo o dia 20, da mobiliza\u00e7\u00e3o nacional. Na\" \/>\n\t\t<script type=\"application\/ld+json\" class=\"aioseo-schema\">\n\t\t\t{\"@context\":\"https:\\\/\\\/schema.org\",\"@graph\":[{\"@type\":\"Article\",\"@id\":\"https:\\\/\\\/www.encontrabebedouro.com.br\\\/sobre\\\/saude-de-bebedouro-lanca-campanha-de-vacinacao-contra-gripe\\\/#article\",\"name\":\"Sa\\u00fade de Bebedouro lan\\u00e7a Campanha de Vacina\\u00e7\\u00e3o contra Gripe | Encontra Bebedouro\",\"headline\":\"Sa\\u00fade de Bebedouro lan\\u00e7a Campanha de Vacina\\u00e7\\u00e3o contra Gripe\",\"author\":{\"@id\":\"https:\\\/\\\/www.encontrabebedouro.com.br\\\/sobre\\\/author\\\/ebebedouro\\\/#author\"},\"publisher\":{\"@id\":\"https:\\\/\\\/www.encontrabebedouro.com.br\\\/sobre\\\/#organization\"},\"datePublished\":\"2013-04-16T16:00:21-03:00\",\"dateModified\":\"2019-04-29T17:11:39-03:00\",\"inLanguage\":\"pt-BR\",\"mainEntityOfPage\":{\"@id\":\"https:\\\/\\\/www.encontrabebedouro.com.br\\\/sobre\\\/saude-de-bebedouro-lanca-campanha-de-vacinacao-contra-gripe\\\/#webpage\"},\"isPartOf\":{\"@id\":\"https:\\\/\\\/www.encontrabebedouro.com.br\\\/sobre\\\/saude-de-bebedouro-lanca-campanha-de-vacinacao-contra-gripe\\\/#webpage\"},\"articleSection\":\"Not\\u00edcias Bebedouro\"},{\"@type\":\"BreadcrumbList\",\"@id\":\"https:\\\/\\\/www.encontrabebedouro.com.br\\\/sobre\\\/saude-de-bebedouro-lanca-campanha-de-vacinacao-contra-gripe\\\/#breadcrumblist\",\"itemListElement\":[{\"@type\":\"ListItem\",\"@id\":\"https:\\\/\\\/www.encontrabebedouro.com.br\\\/sobre#listItem\",\"position\":1,\"name\":\"Dom\\u00e9stica\",\"item\":\"https:\\\/\\\/www.encontrabebedouro.com.br\\\/sobre\",\"nextItem\":{\"@type\":\"ListItem\",\"@id\":\"https:\\\/\\\/www.encontrabebedouro.com.br\\\/sobre\\\/noticias-bebedouro\\\/#listItem\",\"name\":\"Not\\u00edcias Bebedouro\"}},{\"@type\":\"ListItem\",\"@id\":\"https:\\\/\\\/www.encontrabebedouro.com.br\\\/sobre\\\/noticias-bebedouro\\\/#listItem\",\"position\":2,\"name\":\"Not\\u00edcias Bebedouro\",\"item\":\"https:\\\/\\\/www.encontrabebedouro.com.br\\\/sobre\\\/noticias-bebedouro\\\/\",\"nextItem\":{\"@type\":\"ListItem\",\"@id\":\"https:\\\/\\\/www.encontrabebedouro.com.br\\\/sobre\\\/saude-de-bebedouro-lanca-campanha-de-vacinacao-contra-gripe\\\/#listItem\",\"name\":\"Sa\\u00fade de Bebedouro lan\\u00e7a Campanha de Vacina\\u00e7\\u00e3o contra Gripe\"},\"previousItem\":{\"@type\":\"ListItem\",\"@id\":\"https:\\\/\\\/www.encontrabebedouro.com.br\\\/sobre#listItem\",\"name\":\"Dom\\u00e9stica\"}},{\"@type\":\"ListItem\",\"@id\":\"https:\\\/\\\/www.encontrabebedouro.com.br\\\/sobre\\\/saude-de-bebedouro-lanca-campanha-de-vacinacao-contra-gripe\\\/#listItem\",\"position\":3,\"name\":\"Sa\\u00fade de Bebedouro lan\\u00e7a Campanha de Vacina\\u00e7\\u00e3o contra Gripe\",\"previousItem\":{\"@type\":\"ListItem\",\"@id\":\"https:\\\/\\\/www.encontrabebedouro.com.br\\\/sobre\\\/noticias-bebedouro\\\/#listItem\",\"name\":\"Not\\u00edcias Bebedouro\"}}]},{\"@type\":\"Organization\",\"@id\":\"https:\\\/\\\/www.encontrabebedouro.com.br\\\/sobre\\\/#organization\",\"name\":\"Encontra Bebedouro\",\"description\":\"Not\\u00edcias, eventos, informa\\u00e7\\u00f5es e dicas na cidade de Bebedouro e regi\\u00e3o\",\"url\":\"https:\\\/\\\/www.encontrabebedouro.com.br\\\/sobre\\\/\"},{\"@type\":\"Person\",\"@id\":\"https:\\\/\\\/www.encontrabebedouro.com.br\\\/sobre\\\/author\\\/ebebedouro\\\/#author\",\"url\":\"https:\\\/\\\/www.encontrabebedouro.com.br\\\/sobre\\\/author\\\/ebebedouro\\\/\",\"name\":\"Encontra Bebedouro\",\"image\":{\"@type\":\"ImageObject\",\"@id\":\"https:\\\/\\\/www.encontrabebedouro.com.br\\\/sobre\\\/saude-de-bebedouro-lanca-campanha-de-vacinacao-contra-gripe\\\/#authorImage\",\"url\":\"https:\\\/\\\/secure.gravatar.com\\\/avatar\\\/507340682b8270222e1f208e23198b6ae7e2c6a1033ae84e99bc6bce4f82a387?s=96&d=mm&r=g\",\"width\":96,\"height\":96,\"caption\":\"Encontra Bebedouro\"}},{\"@type\":\"WebPage\",\"@id\":\"https:\\\/\\\/www.encontrabebedouro.com.br\\\/sobre\\\/saude-de-bebedouro-lanca-campanha-de-vacinacao-contra-gripe\\\/#webpage\",\"url\":\"https:\\\/\\\/www.encontrabebedouro.com.br\\\/sobre\\\/saude-de-bebedouro-lanca-campanha-de-vacinacao-contra-gripe\\\/\",\"name\":\"Sa\\u00fade de Bebedouro lan\\u00e7a Campanha de Vacina\\u00e7\\u00e3o contra Gripe | Encontra Bebedouro\",\"description\":\"A Prefeitura de Bebedouro, por meio do Departamento de Sa\\u00fade na cidade de Bebedouro, lan\\u00e7ou, no domingo (14), na Feira Livre, a Campanha de Vacina\\u00e7\\u00e3o contra a Gripe juntamente com a Campanha de Preven\\u00e7\\u00e3o ao C\\u00e2ncer Bucal, que, neste ano, vai ser realizada at\\u00e9 26 de abril, sendo o dia 20, da mobiliza\\u00e7\\u00e3o nacional. Na\",\"inLanguage\":\"pt-BR\",\"isPartOf\":{\"@id\":\"https:\\\/\\\/www.encontrabebedouro.com.br\\\/sobre\\\/#website\"},\"breadcrumb\":{\"@id\":\"https:\\\/\\\/www.encontrabebedouro.com.br\\\/sobre\\\/saude-de-bebedouro-lanca-campanha-de-vacinacao-contra-gripe\\\/#breadcrumblist\"},\"author\":{\"@id\":\"https:\\\/\\\/www.encontrabebedouro.com.br\\\/sobre\\\/author\\\/ebebedouro\\\/#author\"},\"creator\":{\"@id\":\"https:\\\/\\\/www.encontrabebedouro.com.br\\\/sobre\\\/author\\\/ebebedouro\\\/#author\"},\"datePublished\":\"2013-04-16T16:00:21-03:00\",\"dateModified\":\"2019-04-29T17:11:39-03:00\"},{\"@type\":\"WebSite\",\"@id\":\"https:\\\/\\\/www.encontrabebedouro.com.br\\\/sobre\\\/#website\",\"url\":\"https:\\\/\\\/www.encontrabebedouro.com.br\\\/sobre\\\/\",\"name\":\"Encontra Bebedouro\",\"description\":\"Not\\u00edcias, eventos, informa\\u00e7\\u00f5es e dicas na cidade de Bebedouro e regi\\u00e3o\",\"inLanguage\":\"pt-BR\",\"publisher\":{\"@id\":\"https:\\\/\\\/www.encontrabebedouro.com.br\\\/sobre\\\/#organization\"}}]}\n\t\t<\/script>\n\t\t<!-- All in One SEO -->\n\n","aioseo_head_json":{"title":"Sa\u00fade de Bebedouro lan\u00e7a Campanha de Vacina\u00e7\u00e3o contra Gripe | Encontra Bebedouro","description":"A Prefeitura de Bebedouro, por meio do Departamento de Sa\u00fade na cidade de Bebedouro, lan\u00e7ou, no domingo (14), na Feira Livre, a Campanha de Vacina\u00e7\u00e3o contra a Gripe juntamente com a Campanha de Preven\u00e7\u00e3o ao C\u00e2ncer Bucal, que, neste ano, vai ser realizada at\u00e9 26 de abril, sendo o dia 20, da mobiliza\u00e7\u00e3o nacional. Na","canonical_url":"https:\/\/www.encontrabebedouro.com.br\/sobre\/saude-de-bebedouro-lanca-campanha-de-vacinacao-contra-gripe\/","robots":"max-image-preview:large","keywords":"","webmasterTools":{"miscellaneous":""},"schema":{"@context":"https:\/\/schema.org","@graph":[{"@type":"Article","@id":"https:\/\/www.encontrabebedouro.com.br\/sobre\/saude-de-bebedouro-lanca-campanha-de-vacinacao-contra-gripe\/#article","name":"Sa\u00fade de Bebedouro lan\u00e7a Campanha de Vacina\u00e7\u00e3o contra Gripe | Encontra Bebedouro","headline":"Sa\u00fade de Bebedouro lan\u00e7a Campanha de Vacina\u00e7\u00e3o contra Gripe","author":{"@id":"https:\/\/www.encontrabebedouro.com.br\/sobre\/author\/ebebedouro\/#author"},"publisher":{"@id":"https:\/\/www.encontrabebedouro.com.br\/sobre\/#organization"},"datePublished":"2013-04-16T16:00:21-03:00","dateModified":"2019-04-29T17:11:39-03:00","inLanguage":"pt-BR","mainEntityOfPage":{"@id":"https:\/\/www.encontrabebedouro.com.br\/sobre\/saude-de-bebedouro-lanca-campanha-de-vacinacao-contra-gripe\/#webpage"},"isPartOf":{"@id":"https:\/\/www.encontrabebedouro.com.br\/sobre\/saude-de-bebedouro-lanca-campanha-de-vacinacao-contra-gripe\/#webpage"},"articleSection":"Not\u00edcias Bebedouro"},{"@type":"BreadcrumbList","@id":"https:\/\/www.encontrabebedouro.com.br\/sobre\/saude-de-bebedouro-lanca-campanha-de-vacinacao-contra-gripe\/#breadcrumblist","itemListElement":[{"@type":"ListItem","@id":"https:\/\/www.encontrabebedouro.com.br\/sobre#listItem","position":1,"name":"Dom\u00e9stica","item":"https:\/\/www.encontrabebedouro.com.br\/sobre","nextItem":{"@type":"ListItem","@id":"https:\/\/www.encontrabebedouro.com.br\/sobre\/noticias-bebedouro\/#listItem","name":"Not\u00edcias Bebedouro"}},{"@type":"ListItem","@id":"https:\/\/www.encontrabebedouro.com.br\/sobre\/noticias-bebedouro\/#listItem","position":2,"name":"Not\u00edcias Bebedouro","item":"https:\/\/www.encontrabebedouro.com.br\/sobre\/noticias-bebedouro\/","nextItem":{"@type":"ListItem","@id":"https:\/\/www.encontrabebedouro.com.br\/sobre\/saude-de-bebedouro-lanca-campanha-de-vacinacao-contra-gripe\/#listItem","name":"Sa\u00fade de Bebedouro lan\u00e7a Campanha de Vacina\u00e7\u00e3o contra Gripe"},"previousItem":{"@type":"ListItem","@id":"https:\/\/www.encontrabebedouro.com.br\/sobre#listItem","name":"Dom\u00e9stica"}},{"@type":"ListItem","@id":"https:\/\/www.encontrabebedouro.com.br\/sobre\/saude-de-bebedouro-lanca-campanha-de-vacinacao-contra-gripe\/#listItem","position":3,"name":"Sa\u00fade de Bebedouro lan\u00e7a Campanha de Vacina\u00e7\u00e3o contra Gripe","previousItem":{"@type":"ListItem","@id":"https:\/\/www.encontrabebedouro.com.br\/sobre\/noticias-bebedouro\/#listItem","name":"Not\u00edcias Bebedouro"}}]},{"@type":"Organization","@id":"https:\/\/www.encontrabebedouro.com.br\/sobre\/#organization","name":"Encontra Bebedouro","description":"Not\u00edcias, eventos, informa\u00e7\u00f5es e dicas na cidade de Bebedouro e regi\u00e3o","url":"https:\/\/www.encontrabebedouro.com.br\/sobre\/"},{"@type":"Person","@id":"https:\/\/www.encontrabebedouro.com.br\/sobre\/author\/ebebedouro\/#author","url":"https:\/\/www.encontrabebedouro.com.br\/sobre\/author\/ebebedouro\/","name":"Encontra Bebedouro","image":{"@type":"ImageObject","@id":"https:\/\/www.encontrabebedouro.com.br\/sobre\/saude-de-bebedouro-lanca-campanha-de-vacinacao-contra-gripe\/#authorImage","url":"https:\/\/secure.gravatar.com\/avatar\/507340682b8270222e1f208e23198b6ae7e2c6a1033ae84e99bc6bce4f82a387?s=96&d=mm&r=g","width":96,"height":96,"caption":"Encontra Bebedouro"}},{"@type":"WebPage","@id":"https:\/\/www.encontrabebedouro.com.br\/sobre\/saude-de-bebedouro-lanca-campanha-de-vacinacao-contra-gripe\/#webpage","url":"https:\/\/www.encontrabebedouro.com.br\/sobre\/saude-de-bebedouro-lanca-campanha-de-vacinacao-contra-gripe\/","name":"Sa\u00fade de Bebedouro lan\u00e7a Campanha de Vacina\u00e7\u00e3o contra Gripe | Encontra Bebedouro","description":"A Prefeitura de Bebedouro, por meio do Departamento de Sa\u00fade na cidade de Bebedouro, lan\u00e7ou, no domingo (14), na Feira Livre, a Campanha de Vacina\u00e7\u00e3o contra a Gripe juntamente com a Campanha de Preven\u00e7\u00e3o ao C\u00e2ncer Bucal, que, neste ano, vai ser realizada at\u00e9 26 de abril, sendo o dia 20, da mobiliza\u00e7\u00e3o nacional. Na","inLanguage":"pt-BR","isPartOf":{"@id":"https:\/\/www.encontrabebedouro.com.br\/sobre\/#website"},"breadcrumb":{"@id":"https:\/\/www.encontrabebedouro.com.br\/sobre\/saude-de-bebedouro-lanca-campanha-de-vacinacao-contra-gripe\/#breadcrumblist"},"author":{"@id":"https:\/\/www.encontrabebedouro.com.br\/sobre\/author\/ebebedouro\/#author"},"creator":{"@id":"https:\/\/www.encontrabebedouro.com.br\/sobre\/author\/ebebedouro\/#author"},"datePublished":"2013-04-16T16:00:21-03:00","dateModified":"2019-04-29T17:11:39-03:00"},{"@type":"WebSite","@id":"https:\/\/www.encontrabebedouro.com.br\/sobre\/#website","url":"https:\/\/www.encontrabebedouro.com.br\/sobre\/","name":"Encontra Bebedouro","description":"Not\u00edcias, eventos, informa\u00e7\u00f5es e dicas na cidade de Bebedouro e regi\u00e3o","inLanguage":"pt-BR","publisher":{"@id":"https:\/\/www.encontrabebedouro.com.br\/sobre\/#organization"}}]},"og:locale":"pt_BR","og:site_name":"Encontra Bebedouro | Not\u00edcias, eventos, informa\u00e7\u00f5es e dicas na cidade de Bebedouro e regi\u00e3o","og:type":"article","og:title":"Sa\u00fade de Bebedouro lan\u00e7a Campanha de Vacina\u00e7\u00e3o contra Gripe | Encontra Bebedouro","og:description":"A Prefeitura de Bebedouro, por meio do Departamento de Sa\u00fade na cidade de Bebedouro, lan\u00e7ou, no domingo (14), na Feira Livre, a Campanha de Vacina\u00e7\u00e3o contra a Gripe juntamente com a Campanha de Preven\u00e7\u00e3o ao C\u00e2ncer Bucal, que, neste ano, vai ser realizada at\u00e9 26 de abril, sendo o dia 20, da mobiliza\u00e7\u00e3o nacional. Na","og:url":"https:\/\/www.encontrabebedouro.com.br\/sobre\/saude-de-bebedouro-lanca-campanha-de-vacinacao-contra-gripe\/","article:published_time":"2013-04-16T18:00:21+00:00","article:modified_time":"2019-04-29T20:11:39+00:00","twitter:card":"summary_large_image","twitter:title":"Sa\u00fade de Bebedouro lan\u00e7a Campanha de Vacina\u00e7\u00e3o contra Gripe | Encontra Bebedouro","twitter:description":"A Prefeitura de Bebedouro, por meio do Departamento de Sa\u00fade na cidade de Bebedouro, lan\u00e7ou, no domingo (14), na Feira Livre, a Campanha de Vacina\u00e7\u00e3o contra a Gripe juntamente com a Campanha de Preven\u00e7\u00e3o ao C\u00e2ncer Bucal, que, neste ano, vai ser realizada at\u00e9 26 de abril, sendo o dia 20, da mobiliza\u00e7\u00e3o nacional. Na"},"aioseo_meta_data":{"post_id":"603","title":null,"description":null,"keywords":null,"keyphrases":null,"primary_term":null,"canonical_url":null,"og_title":null,"og_description":null,"og_object_type":"default","og_image_type":"default","og_image_url":null,"og_image_width":null,"og_image_height":null,"og_image_custom_url":null,"og_image_custom_fields":null,"og_video":null,"og_custom_url":null,"og_article_section":null,"og_article_tags":null,"twitter_use_og":false,"twitter_card":"default","twitter_image_type":"default","twitter_image_url":null,"twitter_image_custom_url":null,"twitter_image_custom_fields":null,"twitter_title":null,"twitter_description":null,"schema":{"blockGraphs":[],"customGraphs":[],"default":{"data":{"Article":[],"Course":[],"Dataset":[],"FAQPage":[],"Movie":[],"Person":[],"Product":[],"ProductReview":[],"Car":[],"Recipe":[],"Service":[],"SoftwareApplication":[],"WebPage":[]},"graphName":"","isEnabled":true},"graphs":[]},"schema_type":"default","schema_type_options":null,"pillar_content":false,"robots_default":true,"robots_noindex":false,"robots_noarchive":false,"robots_nosnippet":false,"robots_nofollow":false,"robots_noimageindex":false,"robots_noodp":false,"robots_notranslate":false,"robots_max_snippet":null,"robots_max_videopreview":null,"robots_max_imagepreview":"large","priority":null,"frequency":null,"local_seo":null,"limit_modified_date":false,"created":"2023-09-27 19:30:11","updated":"2026-08-05 20:18:01","focus_keyword":null,"additional_keywords":null,"truseo_locale":null,"ai":null,"breadcrumb_settings":null,"seo_analyzer_scan_date":null},"aioseo_breadcrumb":"<div class=\"aioseo-breadcrumbs\"><span class=\"aioseo-breadcrumb\">\n\t\t\t<a href=\"https:\/\/www.encontrabebedouro.com.br\/sobre\" title=\"Dom\u00e9stica\">Dom\u00e9stica<\/a>\n\t\t<\/span><span class=\"aioseo-breadcrumb-separator\">&raquo;<\/span><span class=\"aioseo-breadcrumb\">\n\t\t\t<a href=\"https:\/\/www.encontrabebedouro.com.br\/sobre\/noticias-bebedouro\/\" title=\"Not\u00edcias Bebedouro\">Not\u00edcias Bebedouro<\/a>\n\t\t<\/span><span class=\"aioseo-breadcrumb-separator\">&raquo;<\/span><span class=\"aioseo-breadcrumb\">\n\t\t\tSa\u00fade de Bebedouro lan\u00e7a Campanha de Vacina\u00e7\u00e3o contra Gripe\n\t\t<\/span><\/div>","aioseo_breadcrumb_json":[{"label":"Dom\u00e9stica","link":"https:\/\/www.encontrabebedouro.com.br\/sobre"},{"label":"Not\u00edcias Bebedouro","link":"https:\/\/www.encontrabebedouro.com.br\/sobre\/noticias-bebedouro\/"},{"label":"Sa\u00fade de Bebedouro lan\u00e7a Campanha de Vacina\u00e7\u00e3o contra Gripe","link":"https:\/\/www.encontrabebedouro.com.br\/sobre\/saude-de-bebedouro-lanca-campanha-de-vacinacao-contra-gripe\/"}],"_links":{"self":[{"href":"https:\/\/www.encontrabebedouro.com.br\/sobre\/wp-json\/wp\/v2\/posts\/603","targetHints":{"allow":["GET"]}}],"collection":[{"href":"https:\/\/www.encontrabebedouro.com.br\/sobre\/wp-json\/wp\/v2\/posts"}],"about":[{"href":"https:\/\/www.encontrabebedouro.com.br\/sobre\/wp-json\/wp\/v2\/types\/post"}],"author":[{"embeddable":true,"href":"https:\/\/www.encontrabebedouro.com.br\/sobre\/wp-json\/wp\/v2\/users\/1"}],"replies":[{"embeddable":true,"href":"https:\/\/www.encontrabebedouro.com.br\/sobre\/wp-json\/wp\/v2\/comments?post=603"}],"version-history":[{"count":0,"href":"https:\/\/www.encontrabebedouro.com.br\/sobre\/wp-json\/wp\/v2\/posts\/603\/revisions"}],"wp:attachment":[{"href":"https:\/\/www.encontrabebedouro.com.br\/sobre\/wp-json\/wp\/v2\/media?parent=603"}],"wp:term":[{"taxonomy":"category","embeddable":true,"href":"https:\/\/www.encontrabebedouro.com.br\/sobre\/wp-json\/wp\/v2\/categories?post=603"},{"taxonomy":"post_tag","embeddable":true,"href":"https:\/\/www.encontrabebedouro.com.br\/sobre\/wp-json\/wp\/v2\/tags?post=603"}],"curies":[{"name":"wp","href":"https:\/\/api.w.org\/{rel}","templated":true}]}}