{"id":601,"date":"2013-04-16T15:57:55","date_gmt":"2013-04-16T17:57:55","guid":{"rendered":"http:\/\/www.encontrabebedouro.com.br\/noticias\/?p=601"},"modified":"2019-04-29T17:11:39","modified_gmt":"2019-04-29T20:11:39","slug":"bebedouro-participa-do-projeto-eptv-na-escola","status":"publish","type":"post","link":"https:\/\/www.encontrabebedouro.com.br\/sobre\/bebedouro-participa-do-projeto-eptv-na-escola\/","title":{"rendered":"Bebedouro participa do Projeto EPTV na Escola"},"content":{"rendered":"<div class=\"e7593ce1d9603c7e10386aa266b728a9\" data-index=\"1\" style=\"float: left; margin: 15px 15px 15px 0;\">\n<!-- EBR \/Novo-Bairro\/ 300x250 - pub-85 -->\r\n<ins class=\"adsbygoogle\"\r\n     style=\"display:inline-block;width:300px;height:250px\"\r\n     data-ad-client=\"ca-pub-8585364105181520\"\r\n     data-ad-slot=\"4691134188\"><\/ins>\r\n<script>\r\n(adsbygoogle = window.adsbygoogle || []).push({});\r\n<\/script>\r\n\n<\/div>\n<p>A nova edi\u00e7\u00e3o do Projeto EPTV na Escola foi lan\u00e7ado na sexta-feira (12), e os alunos j\u00e1 podem pensar em suas reda\u00e7\u00f5es que neste ano ter\u00e1 como tema: \u201cViver. Voc\u00ea tem medo do qu\u00ea?\u201d.<\/p>\n<p>O assunto \u00e9 uma reflex\u00e3o a ser debatida em sala de aula e que dever\u00e1 levar o jovem a perceber e refletir sobre os medos enfrentados diariamente ao longo da vida. H\u00e1 o medo do futuro, o de que algo n\u00e3o d\u00ea certo, o de escolher a profiss\u00e3o correta e o da rejei\u00e7\u00e3o, apenas para citar alguns exemplos.<\/p>\n<p>Poder\u00e3o participar do projeto todos os alunos do 9\u00ba ano do ensino fundamental da rede municipal, estadual, particular e supletivo.\u00a0 Em Bebedouro, segundo a diretora do Depto. de Educa\u00e7\u00e3o e Cultura (DEMEC), Ana Silvia B. Miguel, cerca de\u00a0 1,2 mil alunos estar\u00e3o envolvidos, destes, os autores das 35 reda\u00e7\u00f5es selecionadas ir\u00e3o concorrer em n\u00edvel regional.<\/p>\n<p>Os classificados ter\u00e3o oportunidade de realizar uma visita \u00e0s depend\u00eancias da <em>EPTV<\/em> e passear por uns dos Shoppings de Ribeir\u00e3o Preto, No final, ser\u00e3o escolhidos os dez melhores trabalhos da regi\u00e3o, onde os autores ganham pr\u00eamios e produzem uma s\u00e9rie de reportagens, baseadas no texto das reda\u00e7\u00f5es finalistas que ser\u00e1 exibida no <em>Jornal da EPTV<\/em>.<\/p>\n<p>Para a diretora pedag\u00f3gica do DEMEC, Renata Lima Gallo, os alunos ser\u00e3o preparados e instru\u00eddos pelos professores, embora o trabalho j\u00e1 fa\u00e7a parte do contexto da sala de aula. \u201cEstas crian\u00e7as j\u00e1 estar\u00e3o muito mais motivadas para participar dessa disputa que s\u00f3 tem a acrescentar\u201d, explica Renata.<\/p>\n<p>No evento na cidade de Bebedouro de lan\u00e7amento participaram os representantes da EMEB Alfredo Naime, EMEB Prof. Lellis do Amaral Campos, EE Ab\u00edlio Manoel, EE Gustavo Fernando Kuhlmann, EE jardim Souza Lima, EE Jo\u00e3o Domingos Madeira, EE Para\u00edso Calvalcanti, CEEJA Prof. Hernani Nobre,\u00a0 Educand\u00e1rio Santo Ant\u00f4nio, Sesi, Instituto Nova Gera\u00e7\u00e3o e IBC.<\/p>\n<p><em>Fonte: Prefeitura Bebedouro<\/em><\/p>\n\n<div style=\"font-size: 0px; height: 0px; line-height: 0px; margin: 0; padding: 0; clear: both;\"><\/div>","protected":false},"excerpt":{"rendered":"<p>A nova edi\u00e7\u00e3o do Projeto EPTV na Escola foi lan\u00e7ado na sexta-feira (12), e os alunos j\u00e1 podem pensar em suas reda\u00e7\u00f5es que neste ano ter\u00e1 como tema: \u201cViver. Voc\u00ea tem medo do qu\u00ea?\u201d. O assunto \u00e9 uma reflex\u00e3o a ser debatida em sala de aula e que dever\u00e1 levar o jovem a perceber e refletir sobre os medos enfrentados diariamente ao longo da vida. H\u00e1 o medo do futuro, o de que algo n\u00e3o d\u00ea certo, o de escolher a profiss\u00e3o correta e o da rejei\u00e7\u00e3o, apenas para citar alguns exemplos. Poder\u00e3o participar do projeto todos os alunos do <\/p>\n","protected":false},"author":1,"featured_media":0,"comment_status":"open","ping_status":"closed","sticky":false,"template":"","format":"standard","meta":{"footnotes":""},"categories":[6],"tags":[],"class_list":["post-601","post","type-post","status-publish","format-standard","hentry","category-noticias-bebedouro"],"aioseo_notices":[],"aioseo_head":"\n\t\t<!-- All in One SEO 5.0.0.1 - aioseo.com -->\n\t<meta name=\"description\" content=\"A nova edi\u00e7\u00e3o do Projeto EPTV na Escola foi lan\u00e7ado na sexta-feira (12), e os alunos j\u00e1 podem pensar em suas reda\u00e7\u00f5es que neste ano ter\u00e1 como tema: \u201cViver. Voc\u00ea tem medo do qu\u00ea?\u201d. O assunto \u00e9 uma reflex\u00e3o a ser debatida em sala de aula e que dever\u00e1 levar o jovem a perceber e\" \/>\n\t<meta name=\"robots\" content=\"max-image-preview:large\" \/>\n\t<meta name=\"author\" content=\"Encontra Bebedouro\"\/>\n\t<link rel=\"canonical\" href=\"https:\/\/www.encontrabebedouro.com.br\/sobre\/bebedouro-participa-do-projeto-eptv-na-escola\/\" \/>\n\t<meta name=\"generator\" content=\"All in One SEO (AIOSEO) 5.0.0.1\" \/>\n\t\t<meta property=\"og:locale\" content=\"pt_BR\" \/>\n\t\t<meta property=\"og:site_name\" content=\"Encontra Bebedouro | Not\u00edcias, eventos, informa\u00e7\u00f5es e dicas na cidade de Bebedouro e regi\u00e3o\" \/>\n\t\t<meta property=\"og:type\" content=\"article\" \/>\n\t\t<meta property=\"og:title\" content=\"Bebedouro participa do Projeto EPTV na Escola | Encontra Bebedouro\" \/>\n\t\t<meta property=\"og:description\" content=\"A nova edi\u00e7\u00e3o do Projeto EPTV na Escola foi lan\u00e7ado na sexta-feira (12), e os alunos j\u00e1 podem pensar em suas reda\u00e7\u00f5es que neste ano ter\u00e1 como tema: \u201cViver. Voc\u00ea tem medo do qu\u00ea?\u201d. O assunto \u00e9 uma reflex\u00e3o a ser debatida em sala de aula e que dever\u00e1 levar o jovem a perceber e\" \/>\n\t\t<meta property=\"og:url\" content=\"https:\/\/www.encontrabebedouro.com.br\/sobre\/bebedouro-participa-do-projeto-eptv-na-escola\/\" \/>\n\t\t<meta property=\"article:published_time\" content=\"2013-04-16T17:57:55+00:00\" \/>\n\t\t<meta property=\"article:modified_time\" content=\"2019-04-29T20:11:39+00:00\" \/>\n\t\t<meta name=\"twitter:card\" content=\"summary_large_image\" \/>\n\t\t<meta name=\"twitter:title\" content=\"Bebedouro participa do Projeto EPTV na Escola | Encontra Bebedouro\" \/>\n\t\t<meta name=\"twitter:description\" content=\"A nova edi\u00e7\u00e3o do Projeto EPTV na Escola foi lan\u00e7ado na sexta-feira (12), e os alunos j\u00e1 podem pensar em suas reda\u00e7\u00f5es que neste ano ter\u00e1 como tema: \u201cViver. Voc\u00ea tem medo do qu\u00ea?\u201d. O assunto \u00e9 uma reflex\u00e3o a ser debatida em sala de aula e que dever\u00e1 levar o jovem a perceber e\" \/>\n\t\t<script type=\"application\/ld+json\" class=\"aioseo-schema\">\n\t\t\t{\"@context\":\"https:\\\/\\\/schema.org\",\"@graph\":[{\"@type\":\"Article\",\"@id\":\"https:\\\/\\\/www.encontrabebedouro.com.br\\\/sobre\\\/bebedouro-participa-do-projeto-eptv-na-escola\\\/#article\",\"name\":\"Bebedouro participa do Projeto EPTV na Escola | Encontra Bebedouro\",\"headline\":\"Bebedouro participa do Projeto EPTV na Escola\",\"author\":{\"@id\":\"https:\\\/\\\/www.encontrabebedouro.com.br\\\/sobre\\\/author\\\/ebebedouro\\\/#author\"},\"publisher\":{\"@id\":\"https:\\\/\\\/www.encontrabebedouro.com.br\\\/sobre\\\/#organization\"},\"datePublished\":\"2013-04-16T15:57:55-03:00\",\"dateModified\":\"2019-04-29T17:11:39-03:00\",\"inLanguage\":\"pt-BR\",\"mainEntityOfPage\":{\"@id\":\"https:\\\/\\\/www.encontrabebedouro.com.br\\\/sobre\\\/bebedouro-participa-do-projeto-eptv-na-escola\\\/#webpage\"},\"isPartOf\":{\"@id\":\"https:\\\/\\\/www.encontrabebedouro.com.br\\\/sobre\\\/bebedouro-participa-do-projeto-eptv-na-escola\\\/#webpage\"},\"articleSection\":\"Not\\u00edcias Bebedouro\"},{\"@type\":\"BreadcrumbList\",\"@id\":\"https:\\\/\\\/www.encontrabebedouro.com.br\\\/sobre\\\/bebedouro-participa-do-projeto-eptv-na-escola\\\/#breadcrumblist\",\"itemListElement\":[{\"@type\":\"ListItem\",\"@id\":\"https:\\\/\\\/www.encontrabebedouro.com.br\\\/sobre#listItem\",\"position\":1,\"name\":\"Dom\\u00e9stica\",\"item\":\"https:\\\/\\\/www.encontrabebedouro.com.br\\\/sobre\",\"nextItem\":{\"@type\":\"ListItem\",\"@id\":\"https:\\\/\\\/www.encontrabebedouro.com.br\\\/sobre\\\/noticias-bebedouro\\\/#listItem\",\"name\":\"Not\\u00edcias Bebedouro\"}},{\"@type\":\"ListItem\",\"@id\":\"https:\\\/\\\/www.encontrabebedouro.com.br\\\/sobre\\\/noticias-bebedouro\\\/#listItem\",\"position\":2,\"name\":\"Not\\u00edcias Bebedouro\",\"item\":\"https:\\\/\\\/www.encontrabebedouro.com.br\\\/sobre\\\/noticias-bebedouro\\\/\",\"nextItem\":{\"@type\":\"ListItem\",\"@id\":\"https:\\\/\\\/www.encontrabebedouro.com.br\\\/sobre\\\/bebedouro-participa-do-projeto-eptv-na-escola\\\/#listItem\",\"name\":\"Bebedouro participa do Projeto EPTV na Escola\"},\"previousItem\":{\"@type\":\"ListItem\",\"@id\":\"https:\\\/\\\/www.encontrabebedouro.com.br\\\/sobre#listItem\",\"name\":\"Dom\\u00e9stica\"}},{\"@type\":\"ListItem\",\"@id\":\"https:\\\/\\\/www.encontrabebedouro.com.br\\\/sobre\\\/bebedouro-participa-do-projeto-eptv-na-escola\\\/#listItem\",\"position\":3,\"name\":\"Bebedouro participa do Projeto EPTV na Escola\",\"previousItem\":{\"@type\":\"ListItem\",\"@id\":\"https:\\\/\\\/www.encontrabebedouro.com.br\\\/sobre\\\/noticias-bebedouro\\\/#listItem\",\"name\":\"Not\\u00edcias Bebedouro\"}}]},{\"@type\":\"Organization\",\"@id\":\"https:\\\/\\\/www.encontrabebedouro.com.br\\\/sobre\\\/#organization\",\"name\":\"Encontra Bebedouro\",\"description\":\"Not\\u00edcias, eventos, informa\\u00e7\\u00f5es e dicas na cidade de Bebedouro e regi\\u00e3o\",\"url\":\"https:\\\/\\\/www.encontrabebedouro.com.br\\\/sobre\\\/\"},{\"@type\":\"Person\",\"@id\":\"https:\\\/\\\/www.encontrabebedouro.com.br\\\/sobre\\\/author\\\/ebebedouro\\\/#author\",\"url\":\"https:\\\/\\\/www.encontrabebedouro.com.br\\\/sobre\\\/author\\\/ebebedouro\\\/\",\"name\":\"Encontra Bebedouro\",\"image\":{\"@type\":\"ImageObject\",\"@id\":\"https:\\\/\\\/www.encontrabebedouro.com.br\\\/sobre\\\/bebedouro-participa-do-projeto-eptv-na-escola\\\/#authorImage\",\"url\":\"https:\\\/\\\/secure.gravatar.com\\\/avatar\\\/507340682b8270222e1f208e23198b6ae7e2c6a1033ae84e99bc6bce4f82a387?s=96&d=mm&r=g\",\"width\":96,\"height\":96,\"caption\":\"Encontra Bebedouro\"}},{\"@type\":\"WebPage\",\"@id\":\"https:\\\/\\\/www.encontrabebedouro.com.br\\\/sobre\\\/bebedouro-participa-do-projeto-eptv-na-escola\\\/#webpage\",\"url\":\"https:\\\/\\\/www.encontrabebedouro.com.br\\\/sobre\\\/bebedouro-participa-do-projeto-eptv-na-escola\\\/\",\"name\":\"Bebedouro participa do Projeto EPTV na Escola | Encontra Bebedouro\",\"description\":\"A nova edi\\u00e7\\u00e3o do Projeto EPTV na Escola foi lan\\u00e7ado na sexta-feira (12), e os alunos j\\u00e1 podem pensar em suas reda\\u00e7\\u00f5es que neste ano ter\\u00e1 como tema: \\u201cViver. Voc\\u00ea tem medo do qu\\u00ea?\\u201d. O assunto \\u00e9 uma reflex\\u00e3o a ser debatida em sala de aula e que dever\\u00e1 levar o jovem a perceber e\",\"inLanguage\":\"pt-BR\",\"isPartOf\":{\"@id\":\"https:\\\/\\\/www.encontrabebedouro.com.br\\\/sobre\\\/#website\"},\"breadcrumb\":{\"@id\":\"https:\\\/\\\/www.encontrabebedouro.com.br\\\/sobre\\\/bebedouro-participa-do-projeto-eptv-na-escola\\\/#breadcrumblist\"},\"author\":{\"@id\":\"https:\\\/\\\/www.encontrabebedouro.com.br\\\/sobre\\\/author\\\/ebebedouro\\\/#author\"},\"creator\":{\"@id\":\"https:\\\/\\\/www.encontrabebedouro.com.br\\\/sobre\\\/author\\\/ebebedouro\\\/#author\"},\"datePublished\":\"2013-04-16T15:57:55-03:00\",\"dateModified\":\"2019-04-29T17:11:39-03:00\"},{\"@type\":\"WebSite\",\"@id\":\"https:\\\/\\\/www.encontrabebedouro.com.br\\\/sobre\\\/#website\",\"url\":\"https:\\\/\\\/www.encontrabebedouro.com.br\\\/sobre\\\/\",\"name\":\"Encontra Bebedouro\",\"description\":\"Not\\u00edcias, eventos, informa\\u00e7\\u00f5es e dicas na cidade de Bebedouro e regi\\u00e3o\",\"inLanguage\":\"pt-BR\",\"publisher\":{\"@id\":\"https:\\\/\\\/www.encontrabebedouro.com.br\\\/sobre\\\/#organization\"}}]}\n\t\t<\/script>\n\t\t<!-- All in One SEO -->\n\n","aioseo_head_json":{"title":"Bebedouro participa do Projeto EPTV na Escola | Encontra Bebedouro","description":"A nova edi\u00e7\u00e3o do Projeto EPTV na Escola foi lan\u00e7ado na sexta-feira (12), e os alunos j\u00e1 podem pensar em suas reda\u00e7\u00f5es que neste ano ter\u00e1 como tema: \u201cViver. Voc\u00ea tem medo do qu\u00ea?\u201d. O assunto \u00e9 uma reflex\u00e3o a ser debatida em sala de aula e que dever\u00e1 levar o jovem a perceber e","canonical_url":"https:\/\/www.encontrabebedouro.com.br\/sobre\/bebedouro-participa-do-projeto-eptv-na-escola\/","robots":"max-image-preview:large","keywords":"","webmasterTools":{"miscellaneous":""},"schema":{"@context":"https:\/\/schema.org","@graph":[{"@type":"Article","@id":"https:\/\/www.encontrabebedouro.com.br\/sobre\/bebedouro-participa-do-projeto-eptv-na-escola\/#article","name":"Bebedouro participa do Projeto EPTV na Escola | Encontra Bebedouro","headline":"Bebedouro participa do Projeto EPTV na Escola","author":{"@id":"https:\/\/www.encontrabebedouro.com.br\/sobre\/author\/ebebedouro\/#author"},"publisher":{"@id":"https:\/\/www.encontrabebedouro.com.br\/sobre\/#organization"},"datePublished":"2013-04-16T15:57:55-03:00","dateModified":"2019-04-29T17:11:39-03:00","inLanguage":"pt-BR","mainEntityOfPage":{"@id":"https:\/\/www.encontrabebedouro.com.br\/sobre\/bebedouro-participa-do-projeto-eptv-na-escola\/#webpage"},"isPartOf":{"@id":"https:\/\/www.encontrabebedouro.com.br\/sobre\/bebedouro-participa-do-projeto-eptv-na-escola\/#webpage"},"articleSection":"Not\u00edcias Bebedouro"},{"@type":"BreadcrumbList","@id":"https:\/\/www.encontrabebedouro.com.br\/sobre\/bebedouro-participa-do-projeto-eptv-na-escola\/#breadcrumblist","itemListElement":[{"@type":"ListItem","@id":"https:\/\/www.encontrabebedouro.com.br\/sobre#listItem","position":1,"name":"Dom\u00e9stica","item":"https:\/\/www.encontrabebedouro.com.br\/sobre","nextItem":{"@type":"ListItem","@id":"https:\/\/www.encontrabebedouro.com.br\/sobre\/noticias-bebedouro\/#listItem","name":"Not\u00edcias Bebedouro"}},{"@type":"ListItem","@id":"https:\/\/www.encontrabebedouro.com.br\/sobre\/noticias-bebedouro\/#listItem","position":2,"name":"Not\u00edcias Bebedouro","item":"https:\/\/www.encontrabebedouro.com.br\/sobre\/noticias-bebedouro\/","nextItem":{"@type":"ListItem","@id":"https:\/\/www.encontrabebedouro.com.br\/sobre\/bebedouro-participa-do-projeto-eptv-na-escola\/#listItem","name":"Bebedouro participa do Projeto EPTV na Escola"},"previousItem":{"@type":"ListItem","@id":"https:\/\/www.encontrabebedouro.com.br\/sobre#listItem","name":"Dom\u00e9stica"}},{"@type":"ListItem","@id":"https:\/\/www.encontrabebedouro.com.br\/sobre\/bebedouro-participa-do-projeto-eptv-na-escola\/#listItem","position":3,"name":"Bebedouro participa do Projeto EPTV na Escola","previousItem":{"@type":"ListItem","@id":"https:\/\/www.encontrabebedouro.com.br\/sobre\/noticias-bebedouro\/#listItem","name":"Not\u00edcias Bebedouro"}}]},{"@type":"Organization","@id":"https:\/\/www.encontrabebedouro.com.br\/sobre\/#organization","name":"Encontra Bebedouro","description":"Not\u00edcias, eventos, informa\u00e7\u00f5es e dicas na cidade de Bebedouro e regi\u00e3o","url":"https:\/\/www.encontrabebedouro.com.br\/sobre\/"},{"@type":"Person","@id":"https:\/\/www.encontrabebedouro.com.br\/sobre\/author\/ebebedouro\/#author","url":"https:\/\/www.encontrabebedouro.com.br\/sobre\/author\/ebebedouro\/","name":"Encontra Bebedouro","image":{"@type":"ImageObject","@id":"https:\/\/www.encontrabebedouro.com.br\/sobre\/bebedouro-participa-do-projeto-eptv-na-escola\/#authorImage","url":"https:\/\/secure.gravatar.com\/avatar\/507340682b8270222e1f208e23198b6ae7e2c6a1033ae84e99bc6bce4f82a387?s=96&d=mm&r=g","width":96,"height":96,"caption":"Encontra Bebedouro"}},{"@type":"WebPage","@id":"https:\/\/www.encontrabebedouro.com.br\/sobre\/bebedouro-participa-do-projeto-eptv-na-escola\/#webpage","url":"https:\/\/www.encontrabebedouro.com.br\/sobre\/bebedouro-participa-do-projeto-eptv-na-escola\/","name":"Bebedouro participa do Projeto EPTV na Escola | Encontra Bebedouro","description":"A nova edi\u00e7\u00e3o do Projeto EPTV na Escola foi lan\u00e7ado na sexta-feira (12), e os alunos j\u00e1 podem pensar em suas reda\u00e7\u00f5es que neste ano ter\u00e1 como tema: \u201cViver. Voc\u00ea tem medo do qu\u00ea?\u201d. O assunto \u00e9 uma reflex\u00e3o a ser debatida em sala de aula e que dever\u00e1 levar o jovem a perceber e","inLanguage":"pt-BR","isPartOf":{"@id":"https:\/\/www.encontrabebedouro.com.br\/sobre\/#website"},"breadcrumb":{"@id":"https:\/\/www.encontrabebedouro.com.br\/sobre\/bebedouro-participa-do-projeto-eptv-na-escola\/#breadcrumblist"},"author":{"@id":"https:\/\/www.encontrabebedouro.com.br\/sobre\/author\/ebebedouro\/#author"},"creator":{"@id":"https:\/\/www.encontrabebedouro.com.br\/sobre\/author\/ebebedouro\/#author"},"datePublished":"2013-04-16T15:57:55-03:00","dateModified":"2019-04-29T17:11:39-03:00"},{"@type":"WebSite","@id":"https:\/\/www.encontrabebedouro.com.br\/sobre\/#website","url":"https:\/\/www.encontrabebedouro.com.br\/sobre\/","name":"Encontra Bebedouro","description":"Not\u00edcias, eventos, informa\u00e7\u00f5es e dicas na cidade de Bebedouro e regi\u00e3o","inLanguage":"pt-BR","publisher":{"@id":"https:\/\/www.encontrabebedouro.com.br\/sobre\/#organization"}}]},"og:locale":"pt_BR","og:site_name":"Encontra Bebedouro | Not\u00edcias, eventos, informa\u00e7\u00f5es e dicas na cidade de Bebedouro e regi\u00e3o","og:type":"article","og:title":"Bebedouro participa do Projeto EPTV na Escola | Encontra Bebedouro","og:description":"A nova edi\u00e7\u00e3o do Projeto EPTV na Escola foi lan\u00e7ado na sexta-feira (12), e os alunos j\u00e1 podem pensar em suas reda\u00e7\u00f5es que neste ano ter\u00e1 como tema: \u201cViver. Voc\u00ea tem medo do qu\u00ea?\u201d. O assunto \u00e9 uma reflex\u00e3o a ser debatida em sala de aula e que dever\u00e1 levar o jovem a perceber e","og:url":"https:\/\/www.encontrabebedouro.com.br\/sobre\/bebedouro-participa-do-projeto-eptv-na-escola\/","article:published_time":"2013-04-16T17:57:55+00:00","article:modified_time":"2019-04-29T20:11:39+00:00","twitter:card":"summary_large_image","twitter:title":"Bebedouro participa do Projeto EPTV na Escola | Encontra Bebedouro","twitter:description":"A nova edi\u00e7\u00e3o do Projeto EPTV na Escola foi lan\u00e7ado na sexta-feira (12), e os alunos j\u00e1 podem pensar em suas reda\u00e7\u00f5es que neste ano ter\u00e1 como tema: \u201cViver. Voc\u00ea tem medo do qu\u00ea?\u201d. O assunto \u00e9 uma reflex\u00e3o a ser debatida em sala de aula e que dever\u00e1 levar o jovem a perceber e"},"aioseo_meta_data":{"post_id":"601","title":null,"description":null,"keywords":null,"keyphrases":null,"primary_term":null,"canonical_url":null,"og_title":null,"og_description":null,"og_object_type":"default","og_image_type":"default","og_image_url":null,"og_image_width":null,"og_image_height":null,"og_image_custom_url":null,"og_image_custom_fields":null,"og_video":null,"og_custom_url":null,"og_article_section":null,"og_article_tags":null,"twitter_use_og":false,"twitter_card":"default","twitter_image_type":"default","twitter_image_url":null,"twitter_image_custom_url":null,"twitter_image_custom_fields":null,"twitter_title":null,"twitter_description":null,"schema":{"blockGraphs":[],"customGraphs":[],"default":{"data":{"Article":[],"Course":[],"Dataset":[],"FAQPage":[],"Movie":[],"Person":[],"Product":[],"ProductReview":[],"Car":[],"Recipe":[],"Service":[],"SoftwareApplication":[],"WebPage":[]},"graphName":"","isEnabled":true},"graphs":[]},"schema_type":"default","schema_type_options":null,"pillar_content":false,"robots_default":true,"robots_noindex":false,"robots_noarchive":false,"robots_nosnippet":false,"robots_nofollow":false,"robots_noimageindex":false,"robots_noodp":false,"robots_notranslate":false,"robots_max_snippet":null,"robots_max_videopreview":null,"robots_max_imagepreview":"large","priority":null,"frequency":null,"local_seo":null,"limit_modified_date":false,"created":"2023-09-27 19:30:11","updated":"2026-08-05 20:07:38","focus_keyword":null,"additional_keywords":null,"truseo_locale":null,"ai":null,"breadcrumb_settings":null,"seo_analyzer_scan_date":null},"aioseo_breadcrumb":"<div class=\"aioseo-breadcrumbs\"><span class=\"aioseo-breadcrumb\">\n\t\t\t<a href=\"https:\/\/www.encontrabebedouro.com.br\/sobre\" title=\"Dom\u00e9stica\">Dom\u00e9stica<\/a>\n\t\t<\/span><span class=\"aioseo-breadcrumb-separator\">&raquo;<\/span><span class=\"aioseo-breadcrumb\">\n\t\t\t<a href=\"https:\/\/www.encontrabebedouro.com.br\/sobre\/noticias-bebedouro\/\" title=\"Not\u00edcias Bebedouro\">Not\u00edcias Bebedouro<\/a>\n\t\t<\/span><span class=\"aioseo-breadcrumb-separator\">&raquo;<\/span><span class=\"aioseo-breadcrumb\">\n\t\t\tBebedouro participa do Projeto EPTV na Escola\n\t\t<\/span><\/div>","aioseo_breadcrumb_json":[{"label":"Dom\u00e9stica","link":"https:\/\/www.encontrabebedouro.com.br\/sobre"},{"label":"Not\u00edcias Bebedouro","link":"https:\/\/www.encontrabebedouro.com.br\/sobre\/noticias-bebedouro\/"},{"label":"Bebedouro participa do Projeto EPTV na Escola","link":"https:\/\/www.encontrabebedouro.com.br\/sobre\/bebedouro-participa-do-projeto-eptv-na-escola\/"}],"_links":{"self":[{"href":"https:\/\/www.encontrabebedouro.com.br\/sobre\/wp-json\/wp\/v2\/posts\/601","targetHints":{"allow":["GET"]}}],"collection":[{"href":"https:\/\/www.encontrabebedouro.com.br\/sobre\/wp-json\/wp\/v2\/posts"}],"about":[{"href":"https:\/\/www.encontrabebedouro.com.br\/sobre\/wp-json\/wp\/v2\/types\/post"}],"author":[{"embeddable":true,"href":"https:\/\/www.encontrabebedouro.com.br\/sobre\/wp-json\/wp\/v2\/users\/1"}],"replies":[{"embeddable":true,"href":"https:\/\/www.encontrabebedouro.com.br\/sobre\/wp-json\/wp\/v2\/comments?post=601"}],"version-history":[{"count":0,"href":"https:\/\/www.encontrabebedouro.com.br\/sobre\/wp-json\/wp\/v2\/posts\/601\/revisions"}],"wp:attachment":[{"href":"https:\/\/www.encontrabebedouro.com.br\/sobre\/wp-json\/wp\/v2\/media?parent=601"}],"wp:term":[{"taxonomy":"category","embeddable":true,"href":"https:\/\/www.encontrabebedouro.com.br\/sobre\/wp-json\/wp\/v2\/categories?post=601"},{"taxonomy":"post_tag","embeddable":true,"href":"https:\/\/www.encontrabebedouro.com.br\/sobre\/wp-json\/wp\/v2\/tags?post=601"}],"curies":[{"name":"wp","href":"https:\/\/api.w.org\/{rel}","templated":true}]}}