{"id":537,"date":"2013-02-15T11:06:49","date_gmt":"2013-02-15T13:06:49","guid":{"rendered":"http:\/\/www.encontrabebedouro.com.br\/noticias\/?p=537"},"modified":"2019-04-29T17:11:40","modified_gmt":"2019-04-29T20:11:40","slug":"bebedouro-oferece-curso-gratuito-de-empreendedorismo","status":"publish","type":"post","link":"https:\/\/www.encontrabebedouro.com.br\/sobre\/bebedouro-oferece-curso-gratuito-de-empreendedorismo\/","title":{"rendered":"Bebedouro oferece curso gratuito de Empreendedorismo"},"content":{"rendered":"<div class=\"e7593ce1d9603c7e10386aa266b728a9\" data-index=\"1\" style=\"float: left; margin: 15px 15px 15px 0;\">\n<!-- EBR \/Novo-Bairro\/ 300x250 - pub-85 -->\r\n<ins class=\"adsbygoogle\"\r\n     style=\"display:inline-block;width:300px;height:250px\"\r\n     data-ad-client=\"ca-pub-8585364105181520\"\r\n     data-ad-slot=\"4691134188\"><\/ins>\r\n<script>\r\n(adsbygoogle = window.adsbygoogle || []).push({});\r\n<\/script>\r\n\n<\/div>\n<p>O Fundo Social de Solidariedade, em parceria com o Senac Bebedouro, est\u00e1\u00a0 recebendo inscri\u00e7\u00f5es\u00a0 para o curso &#8216;Livre Empreendedor de Pequenos Neg\u00f3cios&#8217;. A atividade \u00e9 gratuita e ser\u00e1 desenvolvida de segunda a sexta-feira, das 19 \u00e0s 22 horas, no per\u00edodo noturno, de 4 de mar\u00e7o a 22 de maio, na Escola Municipal de Ensino Fundamental Stelio Machado Loureiro, no Centro. Ser\u00e3o disponibilizadas 30 vagas para a popula\u00e7\u00e3o da cidade e regi\u00e3o.<\/p>\n<p>Para participar, \u00e9 preciso ter, no m\u00ednimo, 17 anos e o ensino fundamental incompleto. As inscri\u00e7\u00f5es para o curso j\u00e1 est\u00e3o abertas e sendo realizadas na sede do Fundo Social de Solidariedade, no pr\u00e9dio da Prefeitura de Bebedouro, \u00e0 P\u00e7a. Jos\u00e9 Stamato Sobrinho, n\u00ba 45.<\/p>\n<p><strong>Servi\u00e7o na cidade de Bebedouro:<\/strong><\/p>\n<p>Empreendedor de Pequenos Neg\u00f3cios<br \/>\nData: de 4 de mar\u00e7o a 22 de maio de 2013<br \/>\nHor\u00e1rio: de segunda a sexta-feira, das 19 \u00e0s 22 horas<br \/>\nInscri\u00e7\u00f5es: Fundo Social de Solidariedade<br \/>\nEndere\u00e7o: P\u00e7a. Jos\u00e9 Stamato Sobrinho, n\u00ba 45 \u2013 Centro<br \/>\nInforma\u00e7\u00f5es: (17) 3345-9170 \u2013 tratar com Talita Ferrari<\/p>\n\n<div style=\"font-size: 0px; height: 0px; line-height: 0px; margin: 0; padding: 0; clear: both;\"><\/div>","protected":false},"excerpt":{"rendered":"<p>O Fundo Social de Solidariedade, em parceria com o Senac Bebedouro, est\u00e1\u00a0 recebendo inscri\u00e7\u00f5es\u00a0 para o curso &#8216;Livre Empreendedor de Pequenos Neg\u00f3cios&#8217;. A atividade \u00e9 gratuita e ser\u00e1 desenvolvida de segunda a sexta-feira, das 19 \u00e0s 22 horas, no per\u00edodo noturno, de 4 de mar\u00e7o a 22 de maio, na Escola Municipal de Ensino Fundamental Stelio Machado Loureiro, no Centro. Ser\u00e3o disponibilizadas 30 vagas para a popula\u00e7\u00e3o da cidade e regi\u00e3o. Para participar, \u00e9 preciso ter, no m\u00ednimo, 17 anos e o ensino fundamental incompleto. As inscri\u00e7\u00f5es para o curso j\u00e1 est\u00e3o abertas e sendo realizadas na sede do Fundo <\/p>\n","protected":false},"author":1,"featured_media":0,"comment_status":"open","ping_status":"closed","sticky":false,"template":"","format":"standard","meta":{"footnotes":""},"categories":[3],"tags":[],"aioseo_notices":[],"_links":{"self":[{"href":"https:\/\/www.encontrabebedouro.com.br\/sobre\/wp-json\/wp\/v2\/posts\/537"}],"collection":[{"href":"https:\/\/www.encontrabebedouro.com.br\/sobre\/wp-json\/wp\/v2\/posts"}],"about":[{"href":"https:\/\/www.encontrabebedouro.com.br\/sobre\/wp-json\/wp\/v2\/types\/post"}],"author":[{"embeddable":true,"href":"https:\/\/www.encontrabebedouro.com.br\/sobre\/wp-json\/wp\/v2\/users\/1"}],"replies":[{"embeddable":true,"href":"https:\/\/www.encontrabebedouro.com.br\/sobre\/wp-json\/wp\/v2\/comments?post=537"}],"version-history":[{"count":0,"href":"https:\/\/www.encontrabebedouro.com.br\/sobre\/wp-json\/wp\/v2\/posts\/537\/revisions"}],"wp:attachment":[{"href":"https:\/\/www.encontrabebedouro.com.br\/sobre\/wp-json\/wp\/v2\/media?parent=537"}],"wp:term":[{"taxonomy":"category","embeddable":true,"href":"https:\/\/www.encontrabebedouro.com.br\/sobre\/wp-json\/wp\/v2\/categories?post=537"},{"taxonomy":"post_tag","embeddable":true,"href":"https:\/\/www.encontrabebedouro.com.br\/sobre\/wp-json\/wp\/v2\/tags?post=537"}],"curies":[{"name":"wp","href":"https:\/\/api.w.org\/{rel}","templated":true}]}}