{"id":486,"date":"2012-12-25T01:08:40","date_gmt":"2012-12-25T03:08:40","guid":{"rendered":"http:\/\/www.encontrabebedouro.com.br\/noticias\/?p=486"},"modified":"2019-04-29T17:12:15","modified_gmt":"2019-04-29T20:12:15","slug":"bebedouro-no-congresso-nacional-das-guardas-municipais","status":"publish","type":"post","link":"https:\/\/www.encontrabebedouro.com.br\/sobre\/bebedouro-no-congresso-nacional-das-guardas-municipais\/","title":{"rendered":"Bebedouro no Congresso Nacional das Guardas Municipais"},"content":{"rendered":"<div class=\"e7593ce1d9603c7e10386aa266b728a9\" data-index=\"1\" style=\"float: left; margin: 15px 15px 15px 0;\">\n<!-- EBR \/Novo-Bairro\/ 300x250 - pub-85 -->\r\n<ins class=\"adsbygoogle\"\r\n     style=\"display:inline-block;width:300px;height:250px\"\r\n     data-ad-client=\"ca-pub-8585364105181520\"\r\n     data-ad-slot=\"4691134188\"><\/ins>\r\n<script>\r\n(adsbygoogle = window.adsbygoogle || []).push({});\r\n<\/script>\r\n\n<\/div>\n<p>Bebedouro participou do 22\u00aa Congresso Nacional das Guardas Municipais, realizado na cidade de S\u00e3o Paulo. O Congresso que reuniu dirigentes, integrantes de organiza\u00e7\u00f5es de todo o Brasil, autoridades, especialistas em seguran\u00e7a p\u00fablica, empresas e prestadoras de servi\u00e7os que atuam no segmento exibindo seus produtos e solu\u00e7\u00f5es, todos discutindo aspectos relevantes da atua\u00e7\u00e3o das Guardas Municipais.<\/p>\n<p>De 12 a 14 de dezembro, no Audit\u00f3rio Elis Regina e Halls Nobres, do Parque Anhembi, foram discutidos v\u00e1rios temas como o papel das Guardas Municipais no contexto da Seguran\u00e7a P\u00fablica como bra\u00e7o auxiliar, trabalhando na preven\u00e7\u00e3o de forma comunit\u00e1ria; e a aprova\u00e7\u00e3o do Marco Regulat\u00f3rio PL 1332.<\/p>\n<p>Tamb\u00e9m palestra sobre o Conv\u00eanio com a Pol\u00edcia Federal, onde foi exposto o cumprimento da Lei 10.826, de 22 de dezembro de 2003; e com o ministro da Justi\u00e7a, Jos\u00e9 Eduardo Martins Cardoso, que exp\u00f4s sobre a import\u00e2ncia da atua\u00e7\u00e3o dos munic\u00edpios na Seguran\u00e7a P\u00fablica.<\/p>\n<p><em>Fonte: Prefeitura Bebedouro<\/em><\/p>\n\n<div style=\"font-size: 0px; height: 0px; line-height: 0px; margin: 0; padding: 0; clear: both;\"><\/div>","protected":false},"excerpt":{"rendered":"<p>Bebedouro participou do 22\u00aa Congresso Nacional das Guardas Municipais, realizado na cidade de S\u00e3o Paulo. O Congresso que reuniu dirigentes, integrantes de organiza\u00e7\u00f5es de todo o Brasil, autoridades, especialistas em seguran\u00e7a p\u00fablica, empresas e prestadoras de servi\u00e7os que atuam no segmento exibindo seus produtos e solu\u00e7\u00f5es, todos discutindo aspectos relevantes da atua\u00e7\u00e3o das Guardas Municipais. De 12 a 14 de dezembro, no Audit\u00f3rio Elis Regina e Halls Nobres, do Parque Anhembi, foram discutidos v\u00e1rios temas como o papel das Guardas Municipais no contexto da Seguran\u00e7a P\u00fablica como bra\u00e7o auxiliar, trabalhando na preven\u00e7\u00e3o de forma comunit\u00e1ria; e a aprova\u00e7\u00e3o do Marco <\/p>\n","protected":false},"author":1,"featured_media":0,"comment_status":"open","ping_status":"closed","sticky":false,"template":"","format":"standard","meta":{"footnotes":""},"categories":[6],"tags":[],"class_list":["post-486","post","type-post","status-publish","format-standard","hentry","category-noticias-bebedouro"],"aioseo_notices":[],"aioseo_head":"\n\t\t<!-- All in One SEO 5.0.0.1 - aioseo.com -->\n\t<meta name=\"description\" content=\"Bebedouro participou do 22\u00aa Congresso Nacional das Guardas Municipais, realizado na cidade de S\u00e3o Paulo. O Congresso que reuniu dirigentes, integrantes de organiza\u00e7\u00f5es de todo o Brasil, autoridades, especialistas em seguran\u00e7a p\u00fablica, empresas e prestadoras de servi\u00e7os que atuam no segmento exibindo seus produtos e solu\u00e7\u00f5es, todos discutindo aspectos relevantes da atua\u00e7\u00e3o das Guardas Municipais.\" \/>\n\t<meta name=\"robots\" content=\"max-image-preview:large\" \/>\n\t<meta name=\"author\" content=\"Encontra Bebedouro\"\/>\n\t<link rel=\"canonical\" href=\"https:\/\/www.encontrabebedouro.com.br\/sobre\/bebedouro-no-congresso-nacional-das-guardas-municipais\/\" \/>\n\t<meta name=\"generator\" content=\"All in One SEO (AIOSEO) 5.0.0.1\" \/>\n\t\t<meta property=\"og:locale\" content=\"pt_BR\" \/>\n\t\t<meta property=\"og:site_name\" content=\"Encontra Bebedouro | Not\u00edcias, eventos, informa\u00e7\u00f5es e dicas na cidade de Bebedouro e regi\u00e3o\" \/>\n\t\t<meta property=\"og:type\" content=\"article\" \/>\n\t\t<meta property=\"og:title\" content=\"Bebedouro no Congresso Nacional das Guardas Municipais | Encontra Bebedouro\" \/>\n\t\t<meta property=\"og:description\" content=\"Bebedouro participou do 22\u00aa Congresso Nacional das Guardas Municipais, realizado na cidade de S\u00e3o Paulo. O Congresso que reuniu dirigentes, integrantes de organiza\u00e7\u00f5es de todo o Brasil, autoridades, especialistas em seguran\u00e7a p\u00fablica, empresas e prestadoras de servi\u00e7os que atuam no segmento exibindo seus produtos e solu\u00e7\u00f5es, todos discutindo aspectos relevantes da atua\u00e7\u00e3o das Guardas Municipais.\" \/>\n\t\t<meta property=\"og:url\" content=\"https:\/\/www.encontrabebedouro.com.br\/sobre\/bebedouro-no-congresso-nacional-das-guardas-municipais\/\" \/>\n\t\t<meta property=\"article:published_time\" content=\"2012-12-25T03:08:40+00:00\" \/>\n\t\t<meta property=\"article:modified_time\" content=\"2019-04-29T20:12:15+00:00\" \/>\n\t\t<meta name=\"twitter:card\" content=\"summary_large_image\" \/>\n\t\t<meta name=\"twitter:title\" content=\"Bebedouro no Congresso Nacional das Guardas Municipais | Encontra Bebedouro\" \/>\n\t\t<meta name=\"twitter:description\" content=\"Bebedouro participou do 22\u00aa Congresso Nacional das Guardas Municipais, realizado na cidade de S\u00e3o Paulo. O Congresso que reuniu dirigentes, integrantes de organiza\u00e7\u00f5es de todo o Brasil, autoridades, especialistas em seguran\u00e7a p\u00fablica, empresas e prestadoras de servi\u00e7os que atuam no segmento exibindo seus produtos e solu\u00e7\u00f5es, todos discutindo aspectos relevantes da atua\u00e7\u00e3o das Guardas Municipais.\" \/>\n\t\t<script type=\"application\/ld+json\" class=\"aioseo-schema\">\n\t\t\t{\"@context\":\"https:\\\/\\\/schema.org\",\"@graph\":[{\"@type\":\"Article\",\"@id\":\"https:\\\/\\\/www.encontrabebedouro.com.br\\\/sobre\\\/bebedouro-no-congresso-nacional-das-guardas-municipais\\\/#article\",\"name\":\"Bebedouro no Congresso Nacional das Guardas Municipais | Encontra Bebedouro\",\"headline\":\"Bebedouro no Congresso Nacional das Guardas Municipais\",\"author\":{\"@id\":\"https:\\\/\\\/www.encontrabebedouro.com.br\\\/sobre\\\/author\\\/ebebedouro\\\/#author\"},\"publisher\":{\"@id\":\"https:\\\/\\\/www.encontrabebedouro.com.br\\\/sobre\\\/#organization\"},\"datePublished\":\"2012-12-25T01:08:40-02:00\",\"dateModified\":\"2019-04-29T17:12:15-03:00\",\"inLanguage\":\"pt-BR\",\"mainEntityOfPage\":{\"@id\":\"https:\\\/\\\/www.encontrabebedouro.com.br\\\/sobre\\\/bebedouro-no-congresso-nacional-das-guardas-municipais\\\/#webpage\"},\"isPartOf\":{\"@id\":\"https:\\\/\\\/www.encontrabebedouro.com.br\\\/sobre\\\/bebedouro-no-congresso-nacional-das-guardas-municipais\\\/#webpage\"},\"articleSection\":\"Not\\u00edcias Bebedouro\"},{\"@type\":\"BreadcrumbList\",\"@id\":\"https:\\\/\\\/www.encontrabebedouro.com.br\\\/sobre\\\/bebedouro-no-congresso-nacional-das-guardas-municipais\\\/#breadcrumblist\",\"itemListElement\":[{\"@type\":\"ListItem\",\"@id\":\"https:\\\/\\\/www.encontrabebedouro.com.br\\\/sobre#listItem\",\"position\":1,\"name\":\"Dom\\u00e9stica\",\"item\":\"https:\\\/\\\/www.encontrabebedouro.com.br\\\/sobre\",\"nextItem\":{\"@type\":\"ListItem\",\"@id\":\"https:\\\/\\\/www.encontrabebedouro.com.br\\\/sobre\\\/noticias-bebedouro\\\/#listItem\",\"name\":\"Not\\u00edcias Bebedouro\"}},{\"@type\":\"ListItem\",\"@id\":\"https:\\\/\\\/www.encontrabebedouro.com.br\\\/sobre\\\/noticias-bebedouro\\\/#listItem\",\"position\":2,\"name\":\"Not\\u00edcias Bebedouro\",\"item\":\"https:\\\/\\\/www.encontrabebedouro.com.br\\\/sobre\\\/noticias-bebedouro\\\/\",\"nextItem\":{\"@type\":\"ListItem\",\"@id\":\"https:\\\/\\\/www.encontrabebedouro.com.br\\\/sobre\\\/bebedouro-no-congresso-nacional-das-guardas-municipais\\\/#listItem\",\"name\":\"Bebedouro no Congresso Nacional das Guardas Municipais\"},\"previousItem\":{\"@type\":\"ListItem\",\"@id\":\"https:\\\/\\\/www.encontrabebedouro.com.br\\\/sobre#listItem\",\"name\":\"Dom\\u00e9stica\"}},{\"@type\":\"ListItem\",\"@id\":\"https:\\\/\\\/www.encontrabebedouro.com.br\\\/sobre\\\/bebedouro-no-congresso-nacional-das-guardas-municipais\\\/#listItem\",\"position\":3,\"name\":\"Bebedouro no Congresso Nacional das Guardas Municipais\",\"previousItem\":{\"@type\":\"ListItem\",\"@id\":\"https:\\\/\\\/www.encontrabebedouro.com.br\\\/sobre\\\/noticias-bebedouro\\\/#listItem\",\"name\":\"Not\\u00edcias Bebedouro\"}}]},{\"@type\":\"Organization\",\"@id\":\"https:\\\/\\\/www.encontrabebedouro.com.br\\\/sobre\\\/#organization\",\"name\":\"Encontra Bebedouro\",\"description\":\"Not\\u00edcias, eventos, informa\\u00e7\\u00f5es e dicas na cidade de Bebedouro e regi\\u00e3o\",\"url\":\"https:\\\/\\\/www.encontrabebedouro.com.br\\\/sobre\\\/\"},{\"@type\":\"Person\",\"@id\":\"https:\\\/\\\/www.encontrabebedouro.com.br\\\/sobre\\\/author\\\/ebebedouro\\\/#author\",\"url\":\"https:\\\/\\\/www.encontrabebedouro.com.br\\\/sobre\\\/author\\\/ebebedouro\\\/\",\"name\":\"Encontra Bebedouro\",\"image\":{\"@type\":\"ImageObject\",\"@id\":\"https:\\\/\\\/www.encontrabebedouro.com.br\\\/sobre\\\/bebedouro-no-congresso-nacional-das-guardas-municipais\\\/#authorImage\",\"url\":\"https:\\\/\\\/secure.gravatar.com\\\/avatar\\\/507340682b8270222e1f208e23198b6ae7e2c6a1033ae84e99bc6bce4f82a387?s=96&d=mm&r=g\",\"width\":96,\"height\":96,\"caption\":\"Encontra Bebedouro\"}},{\"@type\":\"WebPage\",\"@id\":\"https:\\\/\\\/www.encontrabebedouro.com.br\\\/sobre\\\/bebedouro-no-congresso-nacional-das-guardas-municipais\\\/#webpage\",\"url\":\"https:\\\/\\\/www.encontrabebedouro.com.br\\\/sobre\\\/bebedouro-no-congresso-nacional-das-guardas-municipais\\\/\",\"name\":\"Bebedouro no Congresso Nacional das Guardas Municipais | Encontra Bebedouro\",\"description\":\"Bebedouro participou do 22\\u00aa Congresso Nacional das Guardas Municipais, realizado na cidade de S\\u00e3o Paulo. O Congresso que reuniu dirigentes, integrantes de organiza\\u00e7\\u00f5es de todo o Brasil, autoridades, especialistas em seguran\\u00e7a p\\u00fablica, empresas e prestadoras de servi\\u00e7os que atuam no segmento exibindo seus produtos e solu\\u00e7\\u00f5es, todos discutindo aspectos relevantes da atua\\u00e7\\u00e3o das Guardas Municipais.\",\"inLanguage\":\"pt-BR\",\"isPartOf\":{\"@id\":\"https:\\\/\\\/www.encontrabebedouro.com.br\\\/sobre\\\/#website\"},\"breadcrumb\":{\"@id\":\"https:\\\/\\\/www.encontrabebedouro.com.br\\\/sobre\\\/bebedouro-no-congresso-nacional-das-guardas-municipais\\\/#breadcrumblist\"},\"author\":{\"@id\":\"https:\\\/\\\/www.encontrabebedouro.com.br\\\/sobre\\\/author\\\/ebebedouro\\\/#author\"},\"creator\":{\"@id\":\"https:\\\/\\\/www.encontrabebedouro.com.br\\\/sobre\\\/author\\\/ebebedouro\\\/#author\"},\"datePublished\":\"2012-12-25T01:08:40-02:00\",\"dateModified\":\"2019-04-29T17:12:15-03:00\"},{\"@type\":\"WebSite\",\"@id\":\"https:\\\/\\\/www.encontrabebedouro.com.br\\\/sobre\\\/#website\",\"url\":\"https:\\\/\\\/www.encontrabebedouro.com.br\\\/sobre\\\/\",\"name\":\"Encontra Bebedouro\",\"description\":\"Not\\u00edcias, eventos, informa\\u00e7\\u00f5es e dicas na cidade de Bebedouro e regi\\u00e3o\",\"inLanguage\":\"pt-BR\",\"publisher\":{\"@id\":\"https:\\\/\\\/www.encontrabebedouro.com.br\\\/sobre\\\/#organization\"}}]}\n\t\t<\/script>\n\t\t<!-- All in One SEO -->\n\n","aioseo_head_json":{"title":"Bebedouro no Congresso Nacional das Guardas Municipais | Encontra Bebedouro","description":"Bebedouro participou do 22\u00aa Congresso Nacional das Guardas Municipais, realizado na cidade de S\u00e3o Paulo. O Congresso que reuniu dirigentes, integrantes de organiza\u00e7\u00f5es de todo o Brasil, autoridades, especialistas em seguran\u00e7a p\u00fablica, empresas e prestadoras de servi\u00e7os que atuam no segmento exibindo seus produtos e solu\u00e7\u00f5es, todos discutindo aspectos relevantes da atua\u00e7\u00e3o das Guardas Municipais.","canonical_url":"https:\/\/www.encontrabebedouro.com.br\/sobre\/bebedouro-no-congresso-nacional-das-guardas-municipais\/","robots":"max-image-preview:large","keywords":"","webmasterTools":{"miscellaneous":""},"schema":{"@context":"https:\/\/schema.org","@graph":[{"@type":"Article","@id":"https:\/\/www.encontrabebedouro.com.br\/sobre\/bebedouro-no-congresso-nacional-das-guardas-municipais\/#article","name":"Bebedouro no Congresso Nacional das Guardas Municipais | Encontra Bebedouro","headline":"Bebedouro no Congresso Nacional das Guardas Municipais","author":{"@id":"https:\/\/www.encontrabebedouro.com.br\/sobre\/author\/ebebedouro\/#author"},"publisher":{"@id":"https:\/\/www.encontrabebedouro.com.br\/sobre\/#organization"},"datePublished":"2012-12-25T01:08:40-02:00","dateModified":"2019-04-29T17:12:15-03:00","inLanguage":"pt-BR","mainEntityOfPage":{"@id":"https:\/\/www.encontrabebedouro.com.br\/sobre\/bebedouro-no-congresso-nacional-das-guardas-municipais\/#webpage"},"isPartOf":{"@id":"https:\/\/www.encontrabebedouro.com.br\/sobre\/bebedouro-no-congresso-nacional-das-guardas-municipais\/#webpage"},"articleSection":"Not\u00edcias Bebedouro"},{"@type":"BreadcrumbList","@id":"https:\/\/www.encontrabebedouro.com.br\/sobre\/bebedouro-no-congresso-nacional-das-guardas-municipais\/#breadcrumblist","itemListElement":[{"@type":"ListItem","@id":"https:\/\/www.encontrabebedouro.com.br\/sobre#listItem","position":1,"name":"Dom\u00e9stica","item":"https:\/\/www.encontrabebedouro.com.br\/sobre","nextItem":{"@type":"ListItem","@id":"https:\/\/www.encontrabebedouro.com.br\/sobre\/noticias-bebedouro\/#listItem","name":"Not\u00edcias Bebedouro"}},{"@type":"ListItem","@id":"https:\/\/www.encontrabebedouro.com.br\/sobre\/noticias-bebedouro\/#listItem","position":2,"name":"Not\u00edcias Bebedouro","item":"https:\/\/www.encontrabebedouro.com.br\/sobre\/noticias-bebedouro\/","nextItem":{"@type":"ListItem","@id":"https:\/\/www.encontrabebedouro.com.br\/sobre\/bebedouro-no-congresso-nacional-das-guardas-municipais\/#listItem","name":"Bebedouro no Congresso Nacional das Guardas Municipais"},"previousItem":{"@type":"ListItem","@id":"https:\/\/www.encontrabebedouro.com.br\/sobre#listItem","name":"Dom\u00e9stica"}},{"@type":"ListItem","@id":"https:\/\/www.encontrabebedouro.com.br\/sobre\/bebedouro-no-congresso-nacional-das-guardas-municipais\/#listItem","position":3,"name":"Bebedouro no Congresso Nacional das Guardas Municipais","previousItem":{"@type":"ListItem","@id":"https:\/\/www.encontrabebedouro.com.br\/sobre\/noticias-bebedouro\/#listItem","name":"Not\u00edcias Bebedouro"}}]},{"@type":"Organization","@id":"https:\/\/www.encontrabebedouro.com.br\/sobre\/#organization","name":"Encontra Bebedouro","description":"Not\u00edcias, eventos, informa\u00e7\u00f5es e dicas na cidade de Bebedouro e regi\u00e3o","url":"https:\/\/www.encontrabebedouro.com.br\/sobre\/"},{"@type":"Person","@id":"https:\/\/www.encontrabebedouro.com.br\/sobre\/author\/ebebedouro\/#author","url":"https:\/\/www.encontrabebedouro.com.br\/sobre\/author\/ebebedouro\/","name":"Encontra Bebedouro","image":{"@type":"ImageObject","@id":"https:\/\/www.encontrabebedouro.com.br\/sobre\/bebedouro-no-congresso-nacional-das-guardas-municipais\/#authorImage","url":"https:\/\/secure.gravatar.com\/avatar\/507340682b8270222e1f208e23198b6ae7e2c6a1033ae84e99bc6bce4f82a387?s=96&d=mm&r=g","width":96,"height":96,"caption":"Encontra Bebedouro"}},{"@type":"WebPage","@id":"https:\/\/www.encontrabebedouro.com.br\/sobre\/bebedouro-no-congresso-nacional-das-guardas-municipais\/#webpage","url":"https:\/\/www.encontrabebedouro.com.br\/sobre\/bebedouro-no-congresso-nacional-das-guardas-municipais\/","name":"Bebedouro no Congresso Nacional das Guardas Municipais | Encontra Bebedouro","description":"Bebedouro participou do 22\u00aa Congresso Nacional das Guardas Municipais, realizado na cidade de S\u00e3o Paulo. O Congresso que reuniu dirigentes, integrantes de organiza\u00e7\u00f5es de todo o Brasil, autoridades, especialistas em seguran\u00e7a p\u00fablica, empresas e prestadoras de servi\u00e7os que atuam no segmento exibindo seus produtos e solu\u00e7\u00f5es, todos discutindo aspectos relevantes da atua\u00e7\u00e3o das Guardas Municipais.","inLanguage":"pt-BR","isPartOf":{"@id":"https:\/\/www.encontrabebedouro.com.br\/sobre\/#website"},"breadcrumb":{"@id":"https:\/\/www.encontrabebedouro.com.br\/sobre\/bebedouro-no-congresso-nacional-das-guardas-municipais\/#breadcrumblist"},"author":{"@id":"https:\/\/www.encontrabebedouro.com.br\/sobre\/author\/ebebedouro\/#author"},"creator":{"@id":"https:\/\/www.encontrabebedouro.com.br\/sobre\/author\/ebebedouro\/#author"},"datePublished":"2012-12-25T01:08:40-02:00","dateModified":"2019-04-29T17:12:15-03:00"},{"@type":"WebSite","@id":"https:\/\/www.encontrabebedouro.com.br\/sobre\/#website","url":"https:\/\/www.encontrabebedouro.com.br\/sobre\/","name":"Encontra Bebedouro","description":"Not\u00edcias, eventos, informa\u00e7\u00f5es e dicas na cidade de Bebedouro e regi\u00e3o","inLanguage":"pt-BR","publisher":{"@id":"https:\/\/www.encontrabebedouro.com.br\/sobre\/#organization"}}]},"og:locale":"pt_BR","og:site_name":"Encontra Bebedouro | Not\u00edcias, eventos, informa\u00e7\u00f5es e dicas na cidade de Bebedouro e regi\u00e3o","og:type":"article","og:title":"Bebedouro no Congresso Nacional das Guardas Municipais | Encontra Bebedouro","og:description":"Bebedouro participou do 22\u00aa Congresso Nacional das Guardas Municipais, realizado na cidade de S\u00e3o Paulo. O Congresso que reuniu dirigentes, integrantes de organiza\u00e7\u00f5es de todo o Brasil, autoridades, especialistas em seguran\u00e7a p\u00fablica, empresas e prestadoras de servi\u00e7os que atuam no segmento exibindo seus produtos e solu\u00e7\u00f5es, todos discutindo aspectos relevantes da atua\u00e7\u00e3o das Guardas Municipais.","og:url":"https:\/\/www.encontrabebedouro.com.br\/sobre\/bebedouro-no-congresso-nacional-das-guardas-municipais\/","article:published_time":"2012-12-25T03:08:40+00:00","article:modified_time":"2019-04-29T20:12:15+00:00","twitter:card":"summary_large_image","twitter:title":"Bebedouro no Congresso Nacional das Guardas Municipais | Encontra Bebedouro","twitter:description":"Bebedouro participou do 22\u00aa Congresso Nacional das Guardas Municipais, realizado na cidade de S\u00e3o Paulo. O Congresso que reuniu dirigentes, integrantes de organiza\u00e7\u00f5es de todo o Brasil, autoridades, especialistas em seguran\u00e7a p\u00fablica, empresas e prestadoras de servi\u00e7os que atuam no segmento exibindo seus produtos e solu\u00e7\u00f5es, todos discutindo aspectos relevantes da atua\u00e7\u00e3o das Guardas Municipais."},"aioseo_meta_data":{"post_id":"486","title":null,"description":null,"keywords":null,"keyphrases":null,"primary_term":null,"canonical_url":null,"og_title":null,"og_description":null,"og_object_type":"default","og_image_type":"default","og_image_url":null,"og_image_width":null,"og_image_height":null,"og_image_custom_url":null,"og_image_custom_fields":null,"og_video":null,"og_custom_url":null,"og_article_section":null,"og_article_tags":null,"twitter_use_og":false,"twitter_card":"default","twitter_image_type":"default","twitter_image_url":null,"twitter_image_custom_url":null,"twitter_image_custom_fields":null,"twitter_title":null,"twitter_description":null,"schema":{"blockGraphs":[],"customGraphs":[],"default":{"data":{"Article":[],"Course":[],"Dataset":[],"FAQPage":[],"Movie":[],"Person":[],"Product":[],"ProductReview":[],"Car":[],"Recipe":[],"Service":[],"SoftwareApplication":[],"WebPage":[]},"graphName":"","isEnabled":true},"graphs":[]},"schema_type":"default","schema_type_options":null,"pillar_content":false,"robots_default":true,"robots_noindex":false,"robots_noarchive":false,"robots_nosnippet":false,"robots_nofollow":false,"robots_noimageindex":false,"robots_noodp":false,"robots_notranslate":false,"robots_max_snippet":null,"robots_max_videopreview":null,"robots_max_imagepreview":"large","priority":null,"frequency":null,"local_seo":null,"limit_modified_date":false,"created":"2023-09-27 19:32:01","updated":"2026-08-05 19:01:46","focus_keyword":null,"additional_keywords":null,"truseo_locale":null,"ai":null,"breadcrumb_settings":null,"seo_analyzer_scan_date":null},"aioseo_breadcrumb":"<div class=\"aioseo-breadcrumbs\"><span class=\"aioseo-breadcrumb\">\n\t\t\t<a href=\"https:\/\/www.encontrabebedouro.com.br\/sobre\" title=\"Dom\u00e9stica\">Dom\u00e9stica<\/a>\n\t\t<\/span><span class=\"aioseo-breadcrumb-separator\">&raquo;<\/span><span class=\"aioseo-breadcrumb\">\n\t\t\t<a href=\"https:\/\/www.encontrabebedouro.com.br\/sobre\/noticias-bebedouro\/\" title=\"Not\u00edcias Bebedouro\">Not\u00edcias Bebedouro<\/a>\n\t\t<\/span><span class=\"aioseo-breadcrumb-separator\">&raquo;<\/span><span class=\"aioseo-breadcrumb\">\n\t\t\tBebedouro no Congresso Nacional das Guardas Municipais\n\t\t<\/span><\/div>","aioseo_breadcrumb_json":[{"label":"Dom\u00e9stica","link":"https:\/\/www.encontrabebedouro.com.br\/sobre"},{"label":"Not\u00edcias Bebedouro","link":"https:\/\/www.encontrabebedouro.com.br\/sobre\/noticias-bebedouro\/"},{"label":"Bebedouro no Congresso Nacional das Guardas Municipais","link":"https:\/\/www.encontrabebedouro.com.br\/sobre\/bebedouro-no-congresso-nacional-das-guardas-municipais\/"}],"_links":{"self":[{"href":"https:\/\/www.encontrabebedouro.com.br\/sobre\/wp-json\/wp\/v2\/posts\/486","targetHints":{"allow":["GET"]}}],"collection":[{"href":"https:\/\/www.encontrabebedouro.com.br\/sobre\/wp-json\/wp\/v2\/posts"}],"about":[{"href":"https:\/\/www.encontrabebedouro.com.br\/sobre\/wp-json\/wp\/v2\/types\/post"}],"author":[{"embeddable":true,"href":"https:\/\/www.encontrabebedouro.com.br\/sobre\/wp-json\/wp\/v2\/users\/1"}],"replies":[{"embeddable":true,"href":"https:\/\/www.encontrabebedouro.com.br\/sobre\/wp-json\/wp\/v2\/comments?post=486"}],"version-history":[{"count":0,"href":"https:\/\/www.encontrabebedouro.com.br\/sobre\/wp-json\/wp\/v2\/posts\/486\/revisions"}],"wp:attachment":[{"href":"https:\/\/www.encontrabebedouro.com.br\/sobre\/wp-json\/wp\/v2\/media?parent=486"}],"wp:term":[{"taxonomy":"category","embeddable":true,"href":"https:\/\/www.encontrabebedouro.com.br\/sobre\/wp-json\/wp\/v2\/categories?post=486"},{"taxonomy":"post_tag","embeddable":true,"href":"https:\/\/www.encontrabebedouro.com.br\/sobre\/wp-json\/wp\/v2\/tags?post=486"}],"curies":[{"name":"wp","href":"https:\/\/api.w.org\/{rel}","templated":true}]}}