{"id":433,"date":"2012-11-14T15:11:48","date_gmt":"2012-11-14T17:11:48","guid":{"rendered":"http:\/\/www.encontrabebedouro.com.br\/noticias\/?p=433"},"modified":"2019-04-29T17:12:16","modified_gmt":"2019-04-29T20:12:16","slug":"confira-o-que-abre-e-o-que-fecha-em-bebedouro-no-feriado","status":"publish","type":"post","link":"https:\/\/www.encontrabebedouro.com.br\/sobre\/confira-o-que-abre-e-o-que-fecha-em-bebedouro-no-feriado\/","title":{"rendered":"Confira o que abre e o que fecha em Bebedouro no feriado"},"content":{"rendered":"<div class=\"e7593ce1d9603c7e10386aa266b728a9\" data-index=\"1\" style=\"float: left; margin: 15px 15px 15px 0;\">\n<!-- EBR \/Novo-Bairro\/ 300x250 - pub-85 -->\r\n<ins class=\"adsbygoogle\"\r\n     style=\"display:inline-block;width:300px;height:250px\"\r\n     data-ad-client=\"ca-pub-8585364105181520\"\r\n     data-ad-slot=\"4691134188\"><\/ins>\r\n<script>\r\n(adsbygoogle = window.adsbygoogle || []).push({});\r\n<\/script>\r\n\n<\/div>\n<p>De quinta a ter\u00e7a-feira (15 a 20\/11), o Pronto-Socorro e os servi\u00e7os de ambul\u00e2ncia do Hospital Municipal funcionam 24h.<\/p>\n<p>Estar\u00e3o fechados os postinhos m\u00e9dicos, a Farm\u00e1cia Municipal e as outras reparti\u00e7\u00f5es do Depto. de Sa\u00fade, que retornar\u00e3o \u00e0s atividades na quarta-feira (21\/11).<\/p>\n<p>A coleta de lixo domiciliar ser\u00e1 realizada normalmente, com exce\u00e7\u00e3o do feriado de quinta-feira (15\/11) e ter\u00e7a-feira dia da Consci\u00eancia Negra. Os outros servi\u00e7os da Garagem Municipal terminam na quarta-feira (14\/11) e voltam na quarta-feira (21\/11).<\/p>\n<p>Os mercados \u2013 o Velho e o Novo \u2013 funcionam normalmente, s\u00f3 na quinta-feira (15\/11), feriado de Proclama\u00e7\u00e3o da Rep\u00fablica, o funcionamento \u00e9 at\u00e9 \u00e0s 12h.<\/p>\n<p>J\u00e1 os trabalhos da Zona Azul funcionam normalmente.<\/p>\n<p>Nos dias 16, 19 e 20 de novembro (sexta, segunda e ter\u00e7a-feira), o ponto ser\u00e1 facultativo nas reparti\u00e7\u00f5es p\u00fablicas municipais. O decreto nesse sentido tamb\u00e9m vale para as tr\u00eas autarquias: Saaeb, Sasemb e Imesb e a Farm\u00e1cia Municipal. Nesses dias, somente v\u00e3o funcionar os servi\u00e7os essenciais, dos quais a cidade n\u00e3o pode prescindir.<\/p>\n<p><em>Fonte: Prefeitura Bebedouro<\/em><\/p>\n\n<div style=\"font-size: 0px; height: 0px; line-height: 0px; margin: 0; padding: 0; clear: both;\"><\/div>","protected":false},"excerpt":{"rendered":"<p>De quinta a ter\u00e7a-feira (15 a 20\/11), o Pronto-Socorro e os servi\u00e7os de ambul\u00e2ncia do Hospital Municipal funcionam 24h. Estar\u00e3o fechados os postinhos m\u00e9dicos, a Farm\u00e1cia Municipal e as outras reparti\u00e7\u00f5es do Depto. de Sa\u00fade, que retornar\u00e3o \u00e0s atividades na quarta-feira (21\/11). A coleta de lixo domiciliar ser\u00e1 realizada normalmente, com exce\u00e7\u00e3o do feriado de quinta-feira (15\/11) e ter\u00e7a-feira dia da Consci\u00eancia Negra. Os outros servi\u00e7os da Garagem Municipal terminam na quarta-feira (14\/11) e voltam na quarta-feira (21\/11). Os mercados \u2013 o Velho e o Novo \u2013 funcionam normalmente, s\u00f3 na quinta-feira (15\/11), feriado de Proclama\u00e7\u00e3o da Rep\u00fablica, o funcionamento <\/p>\n","protected":false},"author":1,"featured_media":0,"comment_status":"open","ping_status":"closed","sticky":false,"template":"","format":"standard","meta":{"footnotes":""},"categories":[6],"tags":[],"class_list":["post-433","post","type-post","status-publish","format-standard","hentry","category-noticias-bebedouro"],"aioseo_notices":[],"aioseo_head":"\n\t\t<!-- All in One SEO 5.0.0.1 - aioseo.com -->\n\t<meta name=\"description\" content=\"De quinta a ter\u00e7a-feira (15 a 20\/11), o Pronto-Socorro e os servi\u00e7os de ambul\u00e2ncia do Hospital Municipal funcionam 24h. Estar\u00e3o fechados os postinhos m\u00e9dicos, a Farm\u00e1cia Municipal e as outras reparti\u00e7\u00f5es do Depto. de Sa\u00fade, que retornar\u00e3o \u00e0s atividades na quarta-feira (21\/11). A coleta de lixo domiciliar ser\u00e1 realizada normalmente, com exce\u00e7\u00e3o do feriado de\" \/>\n\t<meta name=\"robots\" content=\"max-image-preview:large\" \/>\n\t<meta name=\"author\" content=\"Encontra Bebedouro\"\/>\n\t<link rel=\"canonical\" href=\"https:\/\/www.encontrabebedouro.com.br\/sobre\/confira-o-que-abre-e-o-que-fecha-em-bebedouro-no-feriado\/\" \/>\n\t<meta name=\"generator\" content=\"All in One SEO (AIOSEO) 5.0.0.1\" \/>\n\t\t<meta property=\"og:locale\" content=\"pt_BR\" \/>\n\t\t<meta property=\"og:site_name\" content=\"Encontra Bebedouro | Not\u00edcias, eventos, informa\u00e7\u00f5es e dicas na cidade de Bebedouro e regi\u00e3o\" \/>\n\t\t<meta property=\"og:type\" content=\"article\" \/>\n\t\t<meta property=\"og:title\" content=\"Confira o que abre e o que fecha em Bebedouro no feriado | Encontra Bebedouro\" \/>\n\t\t<meta property=\"og:description\" content=\"De quinta a ter\u00e7a-feira (15 a 20\/11), o Pronto-Socorro e os servi\u00e7os de ambul\u00e2ncia do Hospital Municipal funcionam 24h. Estar\u00e3o fechados os postinhos m\u00e9dicos, a Farm\u00e1cia Municipal e as outras reparti\u00e7\u00f5es do Depto. de Sa\u00fade, que retornar\u00e3o \u00e0s atividades na quarta-feira (21\/11). A coleta de lixo domiciliar ser\u00e1 realizada normalmente, com exce\u00e7\u00e3o do feriado de\" \/>\n\t\t<meta property=\"og:url\" content=\"https:\/\/www.encontrabebedouro.com.br\/sobre\/confira-o-que-abre-e-o-que-fecha-em-bebedouro-no-feriado\/\" \/>\n\t\t<meta property=\"article:published_time\" content=\"2012-11-14T17:11:48+00:00\" \/>\n\t\t<meta property=\"article:modified_time\" content=\"2019-04-29T20:12:16+00:00\" \/>\n\t\t<meta name=\"twitter:card\" content=\"summary_large_image\" \/>\n\t\t<meta name=\"twitter:title\" content=\"Confira o que abre e o que fecha em Bebedouro no feriado | Encontra Bebedouro\" \/>\n\t\t<meta name=\"twitter:description\" content=\"De quinta a ter\u00e7a-feira (15 a 20\/11), o Pronto-Socorro e os servi\u00e7os de ambul\u00e2ncia do Hospital Municipal funcionam 24h. Estar\u00e3o fechados os postinhos m\u00e9dicos, a Farm\u00e1cia Municipal e as outras reparti\u00e7\u00f5es do Depto. de Sa\u00fade, que retornar\u00e3o \u00e0s atividades na quarta-feira (21\/11). A coleta de lixo domiciliar ser\u00e1 realizada normalmente, com exce\u00e7\u00e3o do feriado de\" \/>\n\t\t<script type=\"application\/ld+json\" class=\"aioseo-schema\">\n\t\t\t{\"@context\":\"https:\\\/\\\/schema.org\",\"@graph\":[{\"@type\":\"Article\",\"@id\":\"https:\\\/\\\/www.encontrabebedouro.com.br\\\/sobre\\\/confira-o-que-abre-e-o-que-fecha-em-bebedouro-no-feriado\\\/#article\",\"name\":\"Confira o que abre e o que fecha em Bebedouro no feriado | Encontra Bebedouro\",\"headline\":\"Confira o que abre e o que fecha em Bebedouro no feriado\",\"author\":{\"@id\":\"https:\\\/\\\/www.encontrabebedouro.com.br\\\/sobre\\\/author\\\/ebebedouro\\\/#author\"},\"publisher\":{\"@id\":\"https:\\\/\\\/www.encontrabebedouro.com.br\\\/sobre\\\/#organization\"},\"datePublished\":\"2012-11-14T15:11:48-02:00\",\"dateModified\":\"2019-04-29T17:12:16-03:00\",\"inLanguage\":\"pt-BR\",\"mainEntityOfPage\":{\"@id\":\"https:\\\/\\\/www.encontrabebedouro.com.br\\\/sobre\\\/confira-o-que-abre-e-o-que-fecha-em-bebedouro-no-feriado\\\/#webpage\"},\"isPartOf\":{\"@id\":\"https:\\\/\\\/www.encontrabebedouro.com.br\\\/sobre\\\/confira-o-que-abre-e-o-que-fecha-em-bebedouro-no-feriado\\\/#webpage\"},\"articleSection\":\"Not\\u00edcias Bebedouro\"},{\"@type\":\"BreadcrumbList\",\"@id\":\"https:\\\/\\\/www.encontrabebedouro.com.br\\\/sobre\\\/confira-o-que-abre-e-o-que-fecha-em-bebedouro-no-feriado\\\/#breadcrumblist\",\"itemListElement\":[{\"@type\":\"ListItem\",\"@id\":\"https:\\\/\\\/www.encontrabebedouro.com.br\\\/sobre#listItem\",\"position\":1,\"name\":\"Dom\\u00e9stica\",\"item\":\"https:\\\/\\\/www.encontrabebedouro.com.br\\\/sobre\",\"nextItem\":{\"@type\":\"ListItem\",\"@id\":\"https:\\\/\\\/www.encontrabebedouro.com.br\\\/sobre\\\/noticias-bebedouro\\\/#listItem\",\"name\":\"Not\\u00edcias Bebedouro\"}},{\"@type\":\"ListItem\",\"@id\":\"https:\\\/\\\/www.encontrabebedouro.com.br\\\/sobre\\\/noticias-bebedouro\\\/#listItem\",\"position\":2,\"name\":\"Not\\u00edcias Bebedouro\",\"item\":\"https:\\\/\\\/www.encontrabebedouro.com.br\\\/sobre\\\/noticias-bebedouro\\\/\",\"nextItem\":{\"@type\":\"ListItem\",\"@id\":\"https:\\\/\\\/www.encontrabebedouro.com.br\\\/sobre\\\/confira-o-que-abre-e-o-que-fecha-em-bebedouro-no-feriado\\\/#listItem\",\"name\":\"Confira o que abre e o que fecha em Bebedouro no feriado\"},\"previousItem\":{\"@type\":\"ListItem\",\"@id\":\"https:\\\/\\\/www.encontrabebedouro.com.br\\\/sobre#listItem\",\"name\":\"Dom\\u00e9stica\"}},{\"@type\":\"ListItem\",\"@id\":\"https:\\\/\\\/www.encontrabebedouro.com.br\\\/sobre\\\/confira-o-que-abre-e-o-que-fecha-em-bebedouro-no-feriado\\\/#listItem\",\"position\":3,\"name\":\"Confira o que abre e o que fecha em Bebedouro no feriado\",\"previousItem\":{\"@type\":\"ListItem\",\"@id\":\"https:\\\/\\\/www.encontrabebedouro.com.br\\\/sobre\\\/noticias-bebedouro\\\/#listItem\",\"name\":\"Not\\u00edcias Bebedouro\"}}]},{\"@type\":\"Organization\",\"@id\":\"https:\\\/\\\/www.encontrabebedouro.com.br\\\/sobre\\\/#organization\",\"name\":\"Encontra Bebedouro\",\"description\":\"Not\\u00edcias, eventos, informa\\u00e7\\u00f5es e dicas na cidade de Bebedouro e regi\\u00e3o\",\"url\":\"https:\\\/\\\/www.encontrabebedouro.com.br\\\/sobre\\\/\"},{\"@type\":\"Person\",\"@id\":\"https:\\\/\\\/www.encontrabebedouro.com.br\\\/sobre\\\/author\\\/ebebedouro\\\/#author\",\"url\":\"https:\\\/\\\/www.encontrabebedouro.com.br\\\/sobre\\\/author\\\/ebebedouro\\\/\",\"name\":\"Encontra Bebedouro\",\"image\":{\"@type\":\"ImageObject\",\"@id\":\"https:\\\/\\\/www.encontrabebedouro.com.br\\\/sobre\\\/confira-o-que-abre-e-o-que-fecha-em-bebedouro-no-feriado\\\/#authorImage\",\"url\":\"https:\\\/\\\/secure.gravatar.com\\\/avatar\\\/507340682b8270222e1f208e23198b6ae7e2c6a1033ae84e99bc6bce4f82a387?s=96&d=mm&r=g\",\"width\":96,\"height\":96,\"caption\":\"Encontra Bebedouro\"}},{\"@type\":\"WebPage\",\"@id\":\"https:\\\/\\\/www.encontrabebedouro.com.br\\\/sobre\\\/confira-o-que-abre-e-o-que-fecha-em-bebedouro-no-feriado\\\/#webpage\",\"url\":\"https:\\\/\\\/www.encontrabebedouro.com.br\\\/sobre\\\/confira-o-que-abre-e-o-que-fecha-em-bebedouro-no-feriado\\\/\",\"name\":\"Confira o que abre e o que fecha em Bebedouro no feriado | Encontra Bebedouro\",\"description\":\"De quinta a ter\\u00e7a-feira (15 a 20\\\/11), o Pronto-Socorro e os servi\\u00e7os de ambul\\u00e2ncia do Hospital Municipal funcionam 24h. Estar\\u00e3o fechados os postinhos m\\u00e9dicos, a Farm\\u00e1cia Municipal e as outras reparti\\u00e7\\u00f5es do Depto. de Sa\\u00fade, que retornar\\u00e3o \\u00e0s atividades na quarta-feira (21\\\/11). A coleta de lixo domiciliar ser\\u00e1 realizada normalmente, com exce\\u00e7\\u00e3o do feriado de\",\"inLanguage\":\"pt-BR\",\"isPartOf\":{\"@id\":\"https:\\\/\\\/www.encontrabebedouro.com.br\\\/sobre\\\/#website\"},\"breadcrumb\":{\"@id\":\"https:\\\/\\\/www.encontrabebedouro.com.br\\\/sobre\\\/confira-o-que-abre-e-o-que-fecha-em-bebedouro-no-feriado\\\/#breadcrumblist\"},\"author\":{\"@id\":\"https:\\\/\\\/www.encontrabebedouro.com.br\\\/sobre\\\/author\\\/ebebedouro\\\/#author\"},\"creator\":{\"@id\":\"https:\\\/\\\/www.encontrabebedouro.com.br\\\/sobre\\\/author\\\/ebebedouro\\\/#author\"},\"datePublished\":\"2012-11-14T15:11:48-02:00\",\"dateModified\":\"2019-04-29T17:12:16-03:00\"},{\"@type\":\"WebSite\",\"@id\":\"https:\\\/\\\/www.encontrabebedouro.com.br\\\/sobre\\\/#website\",\"url\":\"https:\\\/\\\/www.encontrabebedouro.com.br\\\/sobre\\\/\",\"name\":\"Encontra Bebedouro\",\"description\":\"Not\\u00edcias, eventos, informa\\u00e7\\u00f5es e dicas na cidade de Bebedouro e regi\\u00e3o\",\"inLanguage\":\"pt-BR\",\"publisher\":{\"@id\":\"https:\\\/\\\/www.encontrabebedouro.com.br\\\/sobre\\\/#organization\"}}]}\n\t\t<\/script>\n\t\t<!-- All in One SEO -->\n\n","aioseo_head_json":{"title":"Confira o que abre e o que fecha em Bebedouro no feriado | Encontra Bebedouro","description":"De quinta a ter\u00e7a-feira (15 a 20\/11), o Pronto-Socorro e os servi\u00e7os de ambul\u00e2ncia do Hospital Municipal funcionam 24h. Estar\u00e3o fechados os postinhos m\u00e9dicos, a Farm\u00e1cia Municipal e as outras reparti\u00e7\u00f5es do Depto. de Sa\u00fade, que retornar\u00e3o \u00e0s atividades na quarta-feira (21\/11). A coleta de lixo domiciliar ser\u00e1 realizada normalmente, com exce\u00e7\u00e3o do feriado de","canonical_url":"https:\/\/www.encontrabebedouro.com.br\/sobre\/confira-o-que-abre-e-o-que-fecha-em-bebedouro-no-feriado\/","robots":"max-image-preview:large","keywords":"","webmasterTools":{"miscellaneous":""},"schema":{"@context":"https:\/\/schema.org","@graph":[{"@type":"Article","@id":"https:\/\/www.encontrabebedouro.com.br\/sobre\/confira-o-que-abre-e-o-que-fecha-em-bebedouro-no-feriado\/#article","name":"Confira o que abre e o que fecha em Bebedouro no feriado | Encontra Bebedouro","headline":"Confira o que abre e o que fecha em Bebedouro no feriado","author":{"@id":"https:\/\/www.encontrabebedouro.com.br\/sobre\/author\/ebebedouro\/#author"},"publisher":{"@id":"https:\/\/www.encontrabebedouro.com.br\/sobre\/#organization"},"datePublished":"2012-11-14T15:11:48-02:00","dateModified":"2019-04-29T17:12:16-03:00","inLanguage":"pt-BR","mainEntityOfPage":{"@id":"https:\/\/www.encontrabebedouro.com.br\/sobre\/confira-o-que-abre-e-o-que-fecha-em-bebedouro-no-feriado\/#webpage"},"isPartOf":{"@id":"https:\/\/www.encontrabebedouro.com.br\/sobre\/confira-o-que-abre-e-o-que-fecha-em-bebedouro-no-feriado\/#webpage"},"articleSection":"Not\u00edcias Bebedouro"},{"@type":"BreadcrumbList","@id":"https:\/\/www.encontrabebedouro.com.br\/sobre\/confira-o-que-abre-e-o-que-fecha-em-bebedouro-no-feriado\/#breadcrumblist","itemListElement":[{"@type":"ListItem","@id":"https:\/\/www.encontrabebedouro.com.br\/sobre#listItem","position":1,"name":"Dom\u00e9stica","item":"https:\/\/www.encontrabebedouro.com.br\/sobre","nextItem":{"@type":"ListItem","@id":"https:\/\/www.encontrabebedouro.com.br\/sobre\/noticias-bebedouro\/#listItem","name":"Not\u00edcias Bebedouro"}},{"@type":"ListItem","@id":"https:\/\/www.encontrabebedouro.com.br\/sobre\/noticias-bebedouro\/#listItem","position":2,"name":"Not\u00edcias Bebedouro","item":"https:\/\/www.encontrabebedouro.com.br\/sobre\/noticias-bebedouro\/","nextItem":{"@type":"ListItem","@id":"https:\/\/www.encontrabebedouro.com.br\/sobre\/confira-o-que-abre-e-o-que-fecha-em-bebedouro-no-feriado\/#listItem","name":"Confira o que abre e o que fecha em Bebedouro no feriado"},"previousItem":{"@type":"ListItem","@id":"https:\/\/www.encontrabebedouro.com.br\/sobre#listItem","name":"Dom\u00e9stica"}},{"@type":"ListItem","@id":"https:\/\/www.encontrabebedouro.com.br\/sobre\/confira-o-que-abre-e-o-que-fecha-em-bebedouro-no-feriado\/#listItem","position":3,"name":"Confira o que abre e o que fecha em Bebedouro no feriado","previousItem":{"@type":"ListItem","@id":"https:\/\/www.encontrabebedouro.com.br\/sobre\/noticias-bebedouro\/#listItem","name":"Not\u00edcias Bebedouro"}}]},{"@type":"Organization","@id":"https:\/\/www.encontrabebedouro.com.br\/sobre\/#organization","name":"Encontra Bebedouro","description":"Not\u00edcias, eventos, informa\u00e7\u00f5es e dicas na cidade de Bebedouro e regi\u00e3o","url":"https:\/\/www.encontrabebedouro.com.br\/sobre\/"},{"@type":"Person","@id":"https:\/\/www.encontrabebedouro.com.br\/sobre\/author\/ebebedouro\/#author","url":"https:\/\/www.encontrabebedouro.com.br\/sobre\/author\/ebebedouro\/","name":"Encontra Bebedouro","image":{"@type":"ImageObject","@id":"https:\/\/www.encontrabebedouro.com.br\/sobre\/confira-o-que-abre-e-o-que-fecha-em-bebedouro-no-feriado\/#authorImage","url":"https:\/\/secure.gravatar.com\/avatar\/507340682b8270222e1f208e23198b6ae7e2c6a1033ae84e99bc6bce4f82a387?s=96&d=mm&r=g","width":96,"height":96,"caption":"Encontra Bebedouro"}},{"@type":"WebPage","@id":"https:\/\/www.encontrabebedouro.com.br\/sobre\/confira-o-que-abre-e-o-que-fecha-em-bebedouro-no-feriado\/#webpage","url":"https:\/\/www.encontrabebedouro.com.br\/sobre\/confira-o-que-abre-e-o-que-fecha-em-bebedouro-no-feriado\/","name":"Confira o que abre e o que fecha em Bebedouro no feriado | Encontra Bebedouro","description":"De quinta a ter\u00e7a-feira (15 a 20\/11), o Pronto-Socorro e os servi\u00e7os de ambul\u00e2ncia do Hospital Municipal funcionam 24h. Estar\u00e3o fechados os postinhos m\u00e9dicos, a Farm\u00e1cia Municipal e as outras reparti\u00e7\u00f5es do Depto. de Sa\u00fade, que retornar\u00e3o \u00e0s atividades na quarta-feira (21\/11). A coleta de lixo domiciliar ser\u00e1 realizada normalmente, com exce\u00e7\u00e3o do feriado de","inLanguage":"pt-BR","isPartOf":{"@id":"https:\/\/www.encontrabebedouro.com.br\/sobre\/#website"},"breadcrumb":{"@id":"https:\/\/www.encontrabebedouro.com.br\/sobre\/confira-o-que-abre-e-o-que-fecha-em-bebedouro-no-feriado\/#breadcrumblist"},"author":{"@id":"https:\/\/www.encontrabebedouro.com.br\/sobre\/author\/ebebedouro\/#author"},"creator":{"@id":"https:\/\/www.encontrabebedouro.com.br\/sobre\/author\/ebebedouro\/#author"},"datePublished":"2012-11-14T15:11:48-02:00","dateModified":"2019-04-29T17:12:16-03:00"},{"@type":"WebSite","@id":"https:\/\/www.encontrabebedouro.com.br\/sobre\/#website","url":"https:\/\/www.encontrabebedouro.com.br\/sobre\/","name":"Encontra Bebedouro","description":"Not\u00edcias, eventos, informa\u00e7\u00f5es e dicas na cidade de Bebedouro e regi\u00e3o","inLanguage":"pt-BR","publisher":{"@id":"https:\/\/www.encontrabebedouro.com.br\/sobre\/#organization"}}]},"og:locale":"pt_BR","og:site_name":"Encontra Bebedouro | Not\u00edcias, eventos, informa\u00e7\u00f5es e dicas na cidade de Bebedouro e regi\u00e3o","og:type":"article","og:title":"Confira o que abre e o que fecha em Bebedouro no feriado | Encontra Bebedouro","og:description":"De quinta a ter\u00e7a-feira (15 a 20\/11), o Pronto-Socorro e os servi\u00e7os de ambul\u00e2ncia do Hospital Municipal funcionam 24h. Estar\u00e3o fechados os postinhos m\u00e9dicos, a Farm\u00e1cia Municipal e as outras reparti\u00e7\u00f5es do Depto. de Sa\u00fade, que retornar\u00e3o \u00e0s atividades na quarta-feira (21\/11). A coleta de lixo domiciliar ser\u00e1 realizada normalmente, com exce\u00e7\u00e3o do feriado de","og:url":"https:\/\/www.encontrabebedouro.com.br\/sobre\/confira-o-que-abre-e-o-que-fecha-em-bebedouro-no-feriado\/","article:published_time":"2012-11-14T17:11:48+00:00","article:modified_time":"2019-04-29T20:12:16+00:00","twitter:card":"summary_large_image","twitter:title":"Confira o que abre e o que fecha em Bebedouro no feriado | Encontra Bebedouro","twitter:description":"De quinta a ter\u00e7a-feira (15 a 20\/11), o Pronto-Socorro e os servi\u00e7os de ambul\u00e2ncia do Hospital Municipal funcionam 24h. Estar\u00e3o fechados os postinhos m\u00e9dicos, a Farm\u00e1cia Municipal e as outras reparti\u00e7\u00f5es do Depto. de Sa\u00fade, que retornar\u00e3o \u00e0s atividades na quarta-feira (21\/11). A coleta de lixo domiciliar ser\u00e1 realizada normalmente, com exce\u00e7\u00e3o do feriado de"},"aioseo_meta_data":{"post_id":"433","title":null,"description":null,"keywords":null,"keyphrases":null,"primary_term":null,"canonical_url":null,"og_title":null,"og_description":null,"og_object_type":"default","og_image_type":"default","og_image_url":null,"og_image_width":null,"og_image_height":null,"og_image_custom_url":null,"og_image_custom_fields":null,"og_video":null,"og_custom_url":null,"og_article_section":null,"og_article_tags":null,"twitter_use_og":false,"twitter_card":"default","twitter_image_type":"default","twitter_image_url":null,"twitter_image_custom_url":null,"twitter_image_custom_fields":null,"twitter_title":null,"twitter_description":null,"schema":{"blockGraphs":[],"customGraphs":[],"default":{"data":{"Article":[],"Course":[],"Dataset":[],"FAQPage":[],"Movie":[],"Person":[],"Product":[],"ProductReview":[],"Car":[],"Recipe":[],"Service":[],"SoftwareApplication":[],"WebPage":[]},"graphName":"","isEnabled":true},"graphs":[]},"schema_type":"default","schema_type_options":null,"pillar_content":false,"robots_default":true,"robots_noindex":false,"robots_noarchive":false,"robots_nosnippet":false,"robots_nofollow":false,"robots_noimageindex":false,"robots_noodp":false,"robots_notranslate":false,"robots_max_snippet":null,"robots_max_videopreview":null,"robots_max_imagepreview":"large","priority":null,"frequency":null,"local_seo":null,"limit_modified_date":false,"created":"2023-09-27 19:32:01","updated":"2026-08-05 18:51:45","focus_keyword":null,"additional_keywords":null,"truseo_locale":null,"ai":null,"breadcrumb_settings":null,"seo_analyzer_scan_date":null},"aioseo_breadcrumb":"<div class=\"aioseo-breadcrumbs\"><span class=\"aioseo-breadcrumb\">\n\t\t\t<a href=\"https:\/\/www.encontrabebedouro.com.br\/sobre\" title=\"Dom\u00e9stica\">Dom\u00e9stica<\/a>\n\t\t<\/span><span class=\"aioseo-breadcrumb-separator\">&raquo;<\/span><span class=\"aioseo-breadcrumb\">\n\t\t\t<a href=\"https:\/\/www.encontrabebedouro.com.br\/sobre\/noticias-bebedouro\/\" title=\"Not\u00edcias Bebedouro\">Not\u00edcias Bebedouro<\/a>\n\t\t<\/span><span class=\"aioseo-breadcrumb-separator\">&raquo;<\/span><span class=\"aioseo-breadcrumb\">\n\t\t\tConfira o que abre e o que fecha em Bebedouro no feriado\n\t\t<\/span><\/div>","aioseo_breadcrumb_json":[{"label":"Dom\u00e9stica","link":"https:\/\/www.encontrabebedouro.com.br\/sobre"},{"label":"Not\u00edcias Bebedouro","link":"https:\/\/www.encontrabebedouro.com.br\/sobre\/noticias-bebedouro\/"},{"label":"Confira o que abre e o que fecha em Bebedouro no feriado","link":"https:\/\/www.encontrabebedouro.com.br\/sobre\/confira-o-que-abre-e-o-que-fecha-em-bebedouro-no-feriado\/"}],"_links":{"self":[{"href":"https:\/\/www.encontrabebedouro.com.br\/sobre\/wp-json\/wp\/v2\/posts\/433","targetHints":{"allow":["GET"]}}],"collection":[{"href":"https:\/\/www.encontrabebedouro.com.br\/sobre\/wp-json\/wp\/v2\/posts"}],"about":[{"href":"https:\/\/www.encontrabebedouro.com.br\/sobre\/wp-json\/wp\/v2\/types\/post"}],"author":[{"embeddable":true,"href":"https:\/\/www.encontrabebedouro.com.br\/sobre\/wp-json\/wp\/v2\/users\/1"}],"replies":[{"embeddable":true,"href":"https:\/\/www.encontrabebedouro.com.br\/sobre\/wp-json\/wp\/v2\/comments?post=433"}],"version-history":[{"count":0,"href":"https:\/\/www.encontrabebedouro.com.br\/sobre\/wp-json\/wp\/v2\/posts\/433\/revisions"}],"wp:attachment":[{"href":"https:\/\/www.encontrabebedouro.com.br\/sobre\/wp-json\/wp\/v2\/media?parent=433"}],"wp:term":[{"taxonomy":"category","embeddable":true,"href":"https:\/\/www.encontrabebedouro.com.br\/sobre\/wp-json\/wp\/v2\/categories?post=433"},{"taxonomy":"post_tag","embeddable":true,"href":"https:\/\/www.encontrabebedouro.com.br\/sobre\/wp-json\/wp\/v2\/tags?post=433"}],"curies":[{"name":"wp","href":"https:\/\/api.w.org\/{rel}","templated":true}]}}