{"id":431,"date":"2012-11-16T00:09:32","date_gmt":"2012-11-16T02:09:32","guid":{"rendered":"http:\/\/www.encontrabebedouro.com.br\/noticias\/?p=431"},"modified":"2019-04-29T17:12:16","modified_gmt":"2019-04-29T20:12:16","slug":"bebedouro-participa-de-encontro-de-guardas-municipais-em-leme","status":"publish","type":"post","link":"https:\/\/www.encontrabebedouro.com.br\/sobre\/bebedouro-participa-de-encontro-de-guardas-municipais-em-leme\/","title":{"rendered":"Bebedouro participa de encontro de Guardas Municipais em Leme"},"content":{"rendered":"<div class=\"e7593ce1d9603c7e10386aa266b728a9\" data-index=\"1\" style=\"float: left; margin: 15px 15px 15px 0;\">\n<!-- EBR \/Novo-Bairro\/ 300x250 - pub-85 -->\r\n<ins class=\"adsbygoogle\"\r\n     style=\"display:inline-block;width:300px;height:250px\"\r\n     data-ad-client=\"ca-pub-8585364105181520\"\r\n     data-ad-slot=\"4691134188\"><\/ins>\r\n<script>\r\n(adsbygoogle = window.adsbygoogle || []).push({});\r\n<\/script>\r\n\n<\/div>\n<p>O comandante da Guarda Civil Municipal, Luiz Roberto Cardoso, junto com o corregedor, Sergio Roberto Gon\u00e7alves e os GCMs Jos\u00e9 Ant\u00f4nio Gomes e J\u00falio Marques Madeira Neto, representaram a corpora\u00e7\u00e3o de Bebedouro no 6\u00ba Encontro de Guardas Civis Municipais do Interior Paulista, realizado sexta-feira (9\/11), na Associa\u00e7\u00e3o Comercial da Cidade de Leme.<\/p>\n<p>O evento reuniu representantes de vinte e cinco cidades, e foi promovido pela Associa\u00e7\u00e3o dos Guardas Civis Municipais do Interior de S\u00e3o Paulo. Destaque no evento para a presen\u00e7a de agentes das Guardas Municipais de Goi\u00e2nia (GO), Maca\u00e9, Maric\u00e1 e Mangaratiba (RJ).<\/p>\n<p>Realizadas v\u00e1rias palestras com profissionais da \u00e1rea de seguran\u00e7a, v\u00e1rios assuntos foram debatidos, como os estudos em seguran\u00e7a p\u00fablica e direitos humanos.<\/p>\n<p>Um dos palestrantes foi o comandante da Guarda Civil Metropolitana de S\u00e3o Paulo, Joel Malta de S\u00e1, atual presidente do Conselho Nacional das GCMs, que falou sobre a\u00e7\u00f5es do Conselho Nacional das GCMs junto ao Minist\u00e9rio da Justi\u00e7a.<\/p>\n<p><em>Fonte: Prefeitura Bebedouro<\/em><\/p>\n\n<div style=\"font-size: 0px; height: 0px; line-height: 0px; margin: 0; padding: 0; clear: both;\"><\/div>","protected":false},"excerpt":{"rendered":"<p>O comandante da Guarda Civil Municipal, Luiz Roberto Cardoso, junto com o corregedor, Sergio Roberto Gon\u00e7alves e os GCMs Jos\u00e9 Ant\u00f4nio Gomes e J\u00falio Marques Madeira Neto, representaram a corpora\u00e7\u00e3o de Bebedouro no 6\u00ba Encontro de Guardas Civis Municipais do Interior Paulista, realizado sexta-feira (9\/11), na Associa\u00e7\u00e3o Comercial da Cidade de Leme. O evento reuniu representantes de vinte e cinco cidades, e foi promovido pela Associa\u00e7\u00e3o dos Guardas Civis Municipais do Interior de S\u00e3o Paulo. Destaque no evento para a presen\u00e7a de agentes das Guardas Municipais de Goi\u00e2nia (GO), Maca\u00e9, Maric\u00e1 e Mangaratiba (RJ). Realizadas v\u00e1rias palestras com profissionais da <\/p>\n","protected":false},"author":1,"featured_media":0,"comment_status":"open","ping_status":"closed","sticky":false,"template":"","format":"standard","meta":{"footnotes":""},"categories":[6],"tags":[],"class_list":["post-431","post","type-post","status-publish","format-standard","hentry","category-noticias-bebedouro"],"aioseo_notices":[],"aioseo_head":"\n\t\t<!-- All in One SEO 5.0.0.1 - aioseo.com -->\n\t<meta name=\"description\" content=\"O comandante da Guarda Civil Municipal, Luiz Roberto Cardoso, junto com o corregedor, Sergio Roberto Gon\u00e7alves e os GCMs Jos\u00e9 Ant\u00f4nio Gomes e J\u00falio Marques Madeira Neto, representaram a corpora\u00e7\u00e3o de Bebedouro no 6\u00ba Encontro de Guardas Civis Municipais do Interior Paulista, realizado sexta-feira (9\/11), na Associa\u00e7\u00e3o Comercial da Cidade de Leme. O evento reuniu\" \/>\n\t<meta name=\"robots\" content=\"max-image-preview:large\" \/>\n\t<meta name=\"author\" content=\"Encontra Bebedouro\"\/>\n\t<link rel=\"canonical\" href=\"https:\/\/www.encontrabebedouro.com.br\/sobre\/bebedouro-participa-de-encontro-de-guardas-municipais-em-leme\/\" \/>\n\t<meta name=\"generator\" content=\"All in One SEO (AIOSEO) 5.0.0.1\" \/>\n\t\t<meta property=\"og:locale\" content=\"pt_BR\" \/>\n\t\t<meta property=\"og:site_name\" content=\"Encontra Bebedouro | Not\u00edcias, eventos, informa\u00e7\u00f5es e dicas na cidade de Bebedouro e regi\u00e3o\" \/>\n\t\t<meta property=\"og:type\" content=\"article\" \/>\n\t\t<meta property=\"og:title\" content=\"Bebedouro participa de encontro de Guardas Municipais em Leme | Encontra Bebedouro\" \/>\n\t\t<meta property=\"og:description\" content=\"O comandante da Guarda Civil Municipal, Luiz Roberto Cardoso, junto com o corregedor, Sergio Roberto Gon\u00e7alves e os GCMs Jos\u00e9 Ant\u00f4nio Gomes e J\u00falio Marques Madeira Neto, representaram a corpora\u00e7\u00e3o de Bebedouro no 6\u00ba Encontro de Guardas Civis Municipais do Interior Paulista, realizado sexta-feira (9\/11), na Associa\u00e7\u00e3o Comercial da Cidade de Leme. O evento reuniu\" \/>\n\t\t<meta property=\"og:url\" content=\"https:\/\/www.encontrabebedouro.com.br\/sobre\/bebedouro-participa-de-encontro-de-guardas-municipais-em-leme\/\" \/>\n\t\t<meta property=\"article:published_time\" content=\"2012-11-16T02:09:32+00:00\" \/>\n\t\t<meta property=\"article:modified_time\" content=\"2019-04-29T20:12:16+00:00\" \/>\n\t\t<meta name=\"twitter:card\" content=\"summary_large_image\" \/>\n\t\t<meta name=\"twitter:title\" content=\"Bebedouro participa de encontro de Guardas Municipais em Leme | Encontra Bebedouro\" \/>\n\t\t<meta name=\"twitter:description\" content=\"O comandante da Guarda Civil Municipal, Luiz Roberto Cardoso, junto com o corregedor, Sergio Roberto Gon\u00e7alves e os GCMs Jos\u00e9 Ant\u00f4nio Gomes e J\u00falio Marques Madeira Neto, representaram a corpora\u00e7\u00e3o de Bebedouro no 6\u00ba Encontro de Guardas Civis Municipais do Interior Paulista, realizado sexta-feira (9\/11), na Associa\u00e7\u00e3o Comercial da Cidade de Leme. O evento reuniu\" \/>\n\t\t<script type=\"application\/ld+json\" class=\"aioseo-schema\">\n\t\t\t{\"@context\":\"https:\\\/\\\/schema.org\",\"@graph\":[{\"@type\":\"Article\",\"@id\":\"https:\\\/\\\/www.encontrabebedouro.com.br\\\/sobre\\\/bebedouro-participa-de-encontro-de-guardas-municipais-em-leme\\\/#article\",\"name\":\"Bebedouro participa de encontro de Guardas Municipais em Leme | Encontra Bebedouro\",\"headline\":\"Bebedouro participa de encontro de Guardas Municipais em Leme\",\"author\":{\"@id\":\"https:\\\/\\\/www.encontrabebedouro.com.br\\\/sobre\\\/author\\\/ebebedouro\\\/#author\"},\"publisher\":{\"@id\":\"https:\\\/\\\/www.encontrabebedouro.com.br\\\/sobre\\\/#organization\"},\"datePublished\":\"2012-11-16T00:09:32-02:00\",\"dateModified\":\"2019-04-29T17:12:16-03:00\",\"inLanguage\":\"pt-BR\",\"mainEntityOfPage\":{\"@id\":\"https:\\\/\\\/www.encontrabebedouro.com.br\\\/sobre\\\/bebedouro-participa-de-encontro-de-guardas-municipais-em-leme\\\/#webpage\"},\"isPartOf\":{\"@id\":\"https:\\\/\\\/www.encontrabebedouro.com.br\\\/sobre\\\/bebedouro-participa-de-encontro-de-guardas-municipais-em-leme\\\/#webpage\"},\"articleSection\":\"Not\\u00edcias Bebedouro\"},{\"@type\":\"BreadcrumbList\",\"@id\":\"https:\\\/\\\/www.encontrabebedouro.com.br\\\/sobre\\\/bebedouro-participa-de-encontro-de-guardas-municipais-em-leme\\\/#breadcrumblist\",\"itemListElement\":[{\"@type\":\"ListItem\",\"@id\":\"https:\\\/\\\/www.encontrabebedouro.com.br\\\/sobre#listItem\",\"position\":1,\"name\":\"Dom\\u00e9stica\",\"item\":\"https:\\\/\\\/www.encontrabebedouro.com.br\\\/sobre\",\"nextItem\":{\"@type\":\"ListItem\",\"@id\":\"https:\\\/\\\/www.encontrabebedouro.com.br\\\/sobre\\\/noticias-bebedouro\\\/#listItem\",\"name\":\"Not\\u00edcias Bebedouro\"}},{\"@type\":\"ListItem\",\"@id\":\"https:\\\/\\\/www.encontrabebedouro.com.br\\\/sobre\\\/noticias-bebedouro\\\/#listItem\",\"position\":2,\"name\":\"Not\\u00edcias Bebedouro\",\"item\":\"https:\\\/\\\/www.encontrabebedouro.com.br\\\/sobre\\\/noticias-bebedouro\\\/\",\"nextItem\":{\"@type\":\"ListItem\",\"@id\":\"https:\\\/\\\/www.encontrabebedouro.com.br\\\/sobre\\\/bebedouro-participa-de-encontro-de-guardas-municipais-em-leme\\\/#listItem\",\"name\":\"Bebedouro participa de encontro de Guardas Municipais em Leme\"},\"previousItem\":{\"@type\":\"ListItem\",\"@id\":\"https:\\\/\\\/www.encontrabebedouro.com.br\\\/sobre#listItem\",\"name\":\"Dom\\u00e9stica\"}},{\"@type\":\"ListItem\",\"@id\":\"https:\\\/\\\/www.encontrabebedouro.com.br\\\/sobre\\\/bebedouro-participa-de-encontro-de-guardas-municipais-em-leme\\\/#listItem\",\"position\":3,\"name\":\"Bebedouro participa de encontro de Guardas Municipais em Leme\",\"previousItem\":{\"@type\":\"ListItem\",\"@id\":\"https:\\\/\\\/www.encontrabebedouro.com.br\\\/sobre\\\/noticias-bebedouro\\\/#listItem\",\"name\":\"Not\\u00edcias Bebedouro\"}}]},{\"@type\":\"Organization\",\"@id\":\"https:\\\/\\\/www.encontrabebedouro.com.br\\\/sobre\\\/#organization\",\"name\":\"Encontra Bebedouro\",\"description\":\"Not\\u00edcias, eventos, informa\\u00e7\\u00f5es e dicas na cidade de Bebedouro e regi\\u00e3o\",\"url\":\"https:\\\/\\\/www.encontrabebedouro.com.br\\\/sobre\\\/\"},{\"@type\":\"Person\",\"@id\":\"https:\\\/\\\/www.encontrabebedouro.com.br\\\/sobre\\\/author\\\/ebebedouro\\\/#author\",\"url\":\"https:\\\/\\\/www.encontrabebedouro.com.br\\\/sobre\\\/author\\\/ebebedouro\\\/\",\"name\":\"Encontra Bebedouro\",\"image\":{\"@type\":\"ImageObject\",\"@id\":\"https:\\\/\\\/www.encontrabebedouro.com.br\\\/sobre\\\/bebedouro-participa-de-encontro-de-guardas-municipais-em-leme\\\/#authorImage\",\"url\":\"https:\\\/\\\/secure.gravatar.com\\\/avatar\\\/507340682b8270222e1f208e23198b6ae7e2c6a1033ae84e99bc6bce4f82a387?s=96&d=mm&r=g\",\"width\":96,\"height\":96,\"caption\":\"Encontra Bebedouro\"}},{\"@type\":\"WebPage\",\"@id\":\"https:\\\/\\\/www.encontrabebedouro.com.br\\\/sobre\\\/bebedouro-participa-de-encontro-de-guardas-municipais-em-leme\\\/#webpage\",\"url\":\"https:\\\/\\\/www.encontrabebedouro.com.br\\\/sobre\\\/bebedouro-participa-de-encontro-de-guardas-municipais-em-leme\\\/\",\"name\":\"Bebedouro participa de encontro de Guardas Municipais em Leme | Encontra Bebedouro\",\"description\":\"O comandante da Guarda Civil Municipal, Luiz Roberto Cardoso, junto com o corregedor, Sergio Roberto Gon\\u00e7alves e os GCMs Jos\\u00e9 Ant\\u00f4nio Gomes e J\\u00falio Marques Madeira Neto, representaram a corpora\\u00e7\\u00e3o de Bebedouro no 6\\u00ba Encontro de Guardas Civis Municipais do Interior Paulista, realizado sexta-feira (9\\\/11), na Associa\\u00e7\\u00e3o Comercial da Cidade de Leme. O evento reuniu\",\"inLanguage\":\"pt-BR\",\"isPartOf\":{\"@id\":\"https:\\\/\\\/www.encontrabebedouro.com.br\\\/sobre\\\/#website\"},\"breadcrumb\":{\"@id\":\"https:\\\/\\\/www.encontrabebedouro.com.br\\\/sobre\\\/bebedouro-participa-de-encontro-de-guardas-municipais-em-leme\\\/#breadcrumblist\"},\"author\":{\"@id\":\"https:\\\/\\\/www.encontrabebedouro.com.br\\\/sobre\\\/author\\\/ebebedouro\\\/#author\"},\"creator\":{\"@id\":\"https:\\\/\\\/www.encontrabebedouro.com.br\\\/sobre\\\/author\\\/ebebedouro\\\/#author\"},\"datePublished\":\"2012-11-16T00:09:32-02:00\",\"dateModified\":\"2019-04-29T17:12:16-03:00\"},{\"@type\":\"WebSite\",\"@id\":\"https:\\\/\\\/www.encontrabebedouro.com.br\\\/sobre\\\/#website\",\"url\":\"https:\\\/\\\/www.encontrabebedouro.com.br\\\/sobre\\\/\",\"name\":\"Encontra Bebedouro\",\"description\":\"Not\\u00edcias, eventos, informa\\u00e7\\u00f5es e dicas na cidade de Bebedouro e regi\\u00e3o\",\"inLanguage\":\"pt-BR\",\"publisher\":{\"@id\":\"https:\\\/\\\/www.encontrabebedouro.com.br\\\/sobre\\\/#organization\"}}]}\n\t\t<\/script>\n\t\t<!-- All in One SEO -->\n\n","aioseo_head_json":{"title":"Bebedouro participa de encontro de Guardas Municipais em Leme | Encontra Bebedouro","description":"O comandante da Guarda Civil Municipal, Luiz Roberto Cardoso, junto com o corregedor, Sergio Roberto Gon\u00e7alves e os GCMs Jos\u00e9 Ant\u00f4nio Gomes e J\u00falio Marques Madeira Neto, representaram a corpora\u00e7\u00e3o de Bebedouro no 6\u00ba Encontro de Guardas Civis Municipais do Interior Paulista, realizado sexta-feira (9\/11), na Associa\u00e7\u00e3o Comercial da Cidade de Leme. O evento reuniu","canonical_url":"https:\/\/www.encontrabebedouro.com.br\/sobre\/bebedouro-participa-de-encontro-de-guardas-municipais-em-leme\/","robots":"max-image-preview:large","keywords":"","webmasterTools":{"miscellaneous":""},"schema":{"@context":"https:\/\/schema.org","@graph":[{"@type":"Article","@id":"https:\/\/www.encontrabebedouro.com.br\/sobre\/bebedouro-participa-de-encontro-de-guardas-municipais-em-leme\/#article","name":"Bebedouro participa de encontro de Guardas Municipais em Leme | Encontra Bebedouro","headline":"Bebedouro participa de encontro de Guardas Municipais em Leme","author":{"@id":"https:\/\/www.encontrabebedouro.com.br\/sobre\/author\/ebebedouro\/#author"},"publisher":{"@id":"https:\/\/www.encontrabebedouro.com.br\/sobre\/#organization"},"datePublished":"2012-11-16T00:09:32-02:00","dateModified":"2019-04-29T17:12:16-03:00","inLanguage":"pt-BR","mainEntityOfPage":{"@id":"https:\/\/www.encontrabebedouro.com.br\/sobre\/bebedouro-participa-de-encontro-de-guardas-municipais-em-leme\/#webpage"},"isPartOf":{"@id":"https:\/\/www.encontrabebedouro.com.br\/sobre\/bebedouro-participa-de-encontro-de-guardas-municipais-em-leme\/#webpage"},"articleSection":"Not\u00edcias Bebedouro"},{"@type":"BreadcrumbList","@id":"https:\/\/www.encontrabebedouro.com.br\/sobre\/bebedouro-participa-de-encontro-de-guardas-municipais-em-leme\/#breadcrumblist","itemListElement":[{"@type":"ListItem","@id":"https:\/\/www.encontrabebedouro.com.br\/sobre#listItem","position":1,"name":"Dom\u00e9stica","item":"https:\/\/www.encontrabebedouro.com.br\/sobre","nextItem":{"@type":"ListItem","@id":"https:\/\/www.encontrabebedouro.com.br\/sobre\/noticias-bebedouro\/#listItem","name":"Not\u00edcias Bebedouro"}},{"@type":"ListItem","@id":"https:\/\/www.encontrabebedouro.com.br\/sobre\/noticias-bebedouro\/#listItem","position":2,"name":"Not\u00edcias Bebedouro","item":"https:\/\/www.encontrabebedouro.com.br\/sobre\/noticias-bebedouro\/","nextItem":{"@type":"ListItem","@id":"https:\/\/www.encontrabebedouro.com.br\/sobre\/bebedouro-participa-de-encontro-de-guardas-municipais-em-leme\/#listItem","name":"Bebedouro participa de encontro de Guardas Municipais em Leme"},"previousItem":{"@type":"ListItem","@id":"https:\/\/www.encontrabebedouro.com.br\/sobre#listItem","name":"Dom\u00e9stica"}},{"@type":"ListItem","@id":"https:\/\/www.encontrabebedouro.com.br\/sobre\/bebedouro-participa-de-encontro-de-guardas-municipais-em-leme\/#listItem","position":3,"name":"Bebedouro participa de encontro de Guardas Municipais em Leme","previousItem":{"@type":"ListItem","@id":"https:\/\/www.encontrabebedouro.com.br\/sobre\/noticias-bebedouro\/#listItem","name":"Not\u00edcias Bebedouro"}}]},{"@type":"Organization","@id":"https:\/\/www.encontrabebedouro.com.br\/sobre\/#organization","name":"Encontra Bebedouro","description":"Not\u00edcias, eventos, informa\u00e7\u00f5es e dicas na cidade de Bebedouro e regi\u00e3o","url":"https:\/\/www.encontrabebedouro.com.br\/sobre\/"},{"@type":"Person","@id":"https:\/\/www.encontrabebedouro.com.br\/sobre\/author\/ebebedouro\/#author","url":"https:\/\/www.encontrabebedouro.com.br\/sobre\/author\/ebebedouro\/","name":"Encontra Bebedouro","image":{"@type":"ImageObject","@id":"https:\/\/www.encontrabebedouro.com.br\/sobre\/bebedouro-participa-de-encontro-de-guardas-municipais-em-leme\/#authorImage","url":"https:\/\/secure.gravatar.com\/avatar\/507340682b8270222e1f208e23198b6ae7e2c6a1033ae84e99bc6bce4f82a387?s=96&d=mm&r=g","width":96,"height":96,"caption":"Encontra Bebedouro"}},{"@type":"WebPage","@id":"https:\/\/www.encontrabebedouro.com.br\/sobre\/bebedouro-participa-de-encontro-de-guardas-municipais-em-leme\/#webpage","url":"https:\/\/www.encontrabebedouro.com.br\/sobre\/bebedouro-participa-de-encontro-de-guardas-municipais-em-leme\/","name":"Bebedouro participa de encontro de Guardas Municipais em Leme | Encontra Bebedouro","description":"O comandante da Guarda Civil Municipal, Luiz Roberto Cardoso, junto com o corregedor, Sergio Roberto Gon\u00e7alves e os GCMs Jos\u00e9 Ant\u00f4nio Gomes e J\u00falio Marques Madeira Neto, representaram a corpora\u00e7\u00e3o de Bebedouro no 6\u00ba Encontro de Guardas Civis Municipais do Interior Paulista, realizado sexta-feira (9\/11), na Associa\u00e7\u00e3o Comercial da Cidade de Leme. O evento reuniu","inLanguage":"pt-BR","isPartOf":{"@id":"https:\/\/www.encontrabebedouro.com.br\/sobre\/#website"},"breadcrumb":{"@id":"https:\/\/www.encontrabebedouro.com.br\/sobre\/bebedouro-participa-de-encontro-de-guardas-municipais-em-leme\/#breadcrumblist"},"author":{"@id":"https:\/\/www.encontrabebedouro.com.br\/sobre\/author\/ebebedouro\/#author"},"creator":{"@id":"https:\/\/www.encontrabebedouro.com.br\/sobre\/author\/ebebedouro\/#author"},"datePublished":"2012-11-16T00:09:32-02:00","dateModified":"2019-04-29T17:12:16-03:00"},{"@type":"WebSite","@id":"https:\/\/www.encontrabebedouro.com.br\/sobre\/#website","url":"https:\/\/www.encontrabebedouro.com.br\/sobre\/","name":"Encontra Bebedouro","description":"Not\u00edcias, eventos, informa\u00e7\u00f5es e dicas na cidade de Bebedouro e regi\u00e3o","inLanguage":"pt-BR","publisher":{"@id":"https:\/\/www.encontrabebedouro.com.br\/sobre\/#organization"}}]},"og:locale":"pt_BR","og:site_name":"Encontra Bebedouro | Not\u00edcias, eventos, informa\u00e7\u00f5es e dicas na cidade de Bebedouro e regi\u00e3o","og:type":"article","og:title":"Bebedouro participa de encontro de Guardas Municipais em Leme | Encontra Bebedouro","og:description":"O comandante da Guarda Civil Municipal, Luiz Roberto Cardoso, junto com o corregedor, Sergio Roberto Gon\u00e7alves e os GCMs Jos\u00e9 Ant\u00f4nio Gomes e J\u00falio Marques Madeira Neto, representaram a corpora\u00e7\u00e3o de Bebedouro no 6\u00ba Encontro de Guardas Civis Municipais do Interior Paulista, realizado sexta-feira (9\/11), na Associa\u00e7\u00e3o Comercial da Cidade de Leme. O evento reuniu","og:url":"https:\/\/www.encontrabebedouro.com.br\/sobre\/bebedouro-participa-de-encontro-de-guardas-municipais-em-leme\/","article:published_time":"2012-11-16T02:09:32+00:00","article:modified_time":"2019-04-29T20:12:16+00:00","twitter:card":"summary_large_image","twitter:title":"Bebedouro participa de encontro de Guardas Municipais em Leme | Encontra Bebedouro","twitter:description":"O comandante da Guarda Civil Municipal, Luiz Roberto Cardoso, junto com o corregedor, Sergio Roberto Gon\u00e7alves e os GCMs Jos\u00e9 Ant\u00f4nio Gomes e J\u00falio Marques Madeira Neto, representaram a corpora\u00e7\u00e3o de Bebedouro no 6\u00ba Encontro de Guardas Civis Municipais do Interior Paulista, realizado sexta-feira (9\/11), na Associa\u00e7\u00e3o Comercial da Cidade de Leme. O evento reuniu"},"aioseo_meta_data":{"post_id":"431","title":null,"description":null,"keywords":null,"keyphrases":null,"primary_term":null,"canonical_url":null,"og_title":null,"og_description":null,"og_object_type":"default","og_image_type":"default","og_image_url":null,"og_image_width":null,"og_image_height":null,"og_image_custom_url":null,"og_image_custom_fields":null,"og_video":null,"og_custom_url":null,"og_article_section":null,"og_article_tags":null,"twitter_use_og":false,"twitter_card":"default","twitter_image_type":"default","twitter_image_url":null,"twitter_image_custom_url":null,"twitter_image_custom_fields":null,"twitter_title":null,"twitter_description":null,"schema":{"blockGraphs":[],"customGraphs":[],"default":{"data":{"Article":[],"Course":[],"Dataset":[],"FAQPage":[],"Movie":[],"Person":[],"Product":[],"ProductReview":[],"Car":[],"Recipe":[],"Service":[],"SoftwareApplication":[],"WebPage":[]},"graphName":"","isEnabled":true},"graphs":[]},"schema_type":"default","schema_type_options":null,"pillar_content":false,"robots_default":true,"robots_noindex":false,"robots_noarchive":false,"robots_nosnippet":false,"robots_nofollow":false,"robots_noimageindex":false,"robots_noodp":false,"robots_notranslate":false,"robots_max_snippet":null,"robots_max_videopreview":null,"robots_max_imagepreview":"large","priority":null,"frequency":null,"local_seo":null,"limit_modified_date":false,"created":"2023-09-27 19:32:01","updated":"2026-08-05 18:51:45","focus_keyword":null,"additional_keywords":null,"truseo_locale":null,"ai":null,"breadcrumb_settings":null,"seo_analyzer_scan_date":null},"aioseo_breadcrumb":"<div class=\"aioseo-breadcrumbs\"><span class=\"aioseo-breadcrumb\">\n\t\t\t<a href=\"https:\/\/www.encontrabebedouro.com.br\/sobre\" title=\"Dom\u00e9stica\">Dom\u00e9stica<\/a>\n\t\t<\/span><span class=\"aioseo-breadcrumb-separator\">&raquo;<\/span><span class=\"aioseo-breadcrumb\">\n\t\t\t<a href=\"https:\/\/www.encontrabebedouro.com.br\/sobre\/noticias-bebedouro\/\" title=\"Not\u00edcias Bebedouro\">Not\u00edcias Bebedouro<\/a>\n\t\t<\/span><span class=\"aioseo-breadcrumb-separator\">&raquo;<\/span><span class=\"aioseo-breadcrumb\">\n\t\t\tBebedouro participa de encontro de Guardas Municipais em Leme\n\t\t<\/span><\/div>","aioseo_breadcrumb_json":[{"label":"Dom\u00e9stica","link":"https:\/\/www.encontrabebedouro.com.br\/sobre"},{"label":"Not\u00edcias Bebedouro","link":"https:\/\/www.encontrabebedouro.com.br\/sobre\/noticias-bebedouro\/"},{"label":"Bebedouro participa de encontro de Guardas Municipais em Leme","link":"https:\/\/www.encontrabebedouro.com.br\/sobre\/bebedouro-participa-de-encontro-de-guardas-municipais-em-leme\/"}],"_links":{"self":[{"href":"https:\/\/www.encontrabebedouro.com.br\/sobre\/wp-json\/wp\/v2\/posts\/431","targetHints":{"allow":["GET"]}}],"collection":[{"href":"https:\/\/www.encontrabebedouro.com.br\/sobre\/wp-json\/wp\/v2\/posts"}],"about":[{"href":"https:\/\/www.encontrabebedouro.com.br\/sobre\/wp-json\/wp\/v2\/types\/post"}],"author":[{"embeddable":true,"href":"https:\/\/www.encontrabebedouro.com.br\/sobre\/wp-json\/wp\/v2\/users\/1"}],"replies":[{"embeddable":true,"href":"https:\/\/www.encontrabebedouro.com.br\/sobre\/wp-json\/wp\/v2\/comments?post=431"}],"version-history":[{"count":0,"href":"https:\/\/www.encontrabebedouro.com.br\/sobre\/wp-json\/wp\/v2\/posts\/431\/revisions"}],"wp:attachment":[{"href":"https:\/\/www.encontrabebedouro.com.br\/sobre\/wp-json\/wp\/v2\/media?parent=431"}],"wp:term":[{"taxonomy":"category","embeddable":true,"href":"https:\/\/www.encontrabebedouro.com.br\/sobre\/wp-json\/wp\/v2\/categories?post=431"},{"taxonomy":"post_tag","embeddable":true,"href":"https:\/\/www.encontrabebedouro.com.br\/sobre\/wp-json\/wp\/v2\/tags?post=431"}],"curies":[{"name":"wp","href":"https:\/\/api.w.org\/{rel}","templated":true}]}}