{"id":407,"date":"2012-10-18T10:28:23","date_gmt":"2012-10-18T12:28:23","guid":{"rendered":"http:\/\/www.encontrabebedouro.com.br\/noticias\/?p=407"},"modified":"2019-04-29T17:12:17","modified_gmt":"2019-04-29T20:12:17","slug":"padaria-e-assaltada-em-bebedouro","status":"publish","type":"post","link":"https:\/\/www.encontrabebedouro.com.br\/sobre\/padaria-e-assaltada-em-bebedouro\/","title":{"rendered":"Padaria \u00e9 assaltada em Bebedouro"},"content":{"rendered":"<div class=\"e7593ce1d9603c7e10386aa266b728a9\" data-index=\"1\" style=\"float: left; margin: 15px 15px 15px 0;\">\n<!-- EBR \/Novo-Bairro\/ 300x250 - pub-85 -->\r\n<ins class=\"adsbygoogle\"\r\n     style=\"display:inline-block;width:300px;height:250px\"\r\n     data-ad-client=\"ca-pub-8585364105181520\"\r\n     data-ad-slot=\"4691134188\"><\/ins>\r\n<script>\r\n(adsbygoogle = window.adsbygoogle || []).push({});\r\n<\/script>\r\n\n<\/div>\n<p>A c\u00e2mera de seguran\u00e7a de uma padaria em\u00a0Bebedouro\u00a0(SP) registrou a a\u00e7\u00e3o de um suspeito que invadiu e assaltou o local na manh\u00e3 da \u00faltima quarta-feira (10). As imagens mostram o homem usando um capacete e amea\u00e7ando a atendente com um rev\u00f3lver. Ele foge levando todo o dinheiro do caixa, cerca de R$ 1,2 mil.<\/p>\n<p>A propriet\u00e1ria da padaria, Neusa Maria Tortol, de 54 anos, disse que este foi o segundo roubo em oito meses. \u201cEm fevereiro, aconteceu da mesma forma: um deles ficou do lado de fora em cima da moto, enquanto o outro entrou e limpou o caixa. Eles agem muito r\u00e1pido\u201d, contou.<\/p>\n<p>Neusa afirmou que o estabelecimento tamb\u00e9m foi furtado tr\u00eas vezes no \u00faltimo ano e, por isso, instalaram sistema de alarme e circuito interno. Os funcion\u00e1rios tamb\u00e9m foram orientados a n\u00e3o deixar quantias elevadas em caixa.<\/p>\n<p>\u201cTenho essa padaria h\u00e1 15 anos e nunca sofri uma onda de viol\u00eancia como agora. Estamos assustados e n\u00e3o temos mais o que fazer. Agora dependemos da prote\u00e7\u00e3o da pol\u00edcia\u201d, disse Neusa.<\/p>\n<p>Os suspeitos dos \u00faltimos dois roubos \u00e0 padaria n\u00e3o foram encontrados. A Pol\u00edcia Civil investiga uma suposta rela\u00e7\u00e3o entre os casos.<\/p>\n<p><strong>Pol\u00edcia<\/strong><br \/>\nEm nota, a Pol\u00edcia Militar informou que os crimes contra o patrim\u00f4nio &#8211; furto e roubo &#8211; diminuiram 21% entre julho e agosto, passando de 81 ocorr\u00eancias para 64. Ainda segundo a PM, 81 suspeitos foram presos por esses tipos de crime em 2012.<\/p>\n<p>&#8220;Esclarecemos sobre a import\u00e2ncia da transmiss\u00e3o de informa\u00e7\u00f5es desse tipo de crime, de forma imediata, \u00e0 Pol\u00edcia Militar, aumentando a possibilidade de capturar esses criminosos em flagrante delito&#8221;, diz a nota.<\/p>\n<p><em>Fonte: G1<\/em><\/p>\n\n<div style=\"font-size: 0px; height: 0px; line-height: 0px; margin: 0; padding: 0; clear: both;\"><\/div>","protected":false},"excerpt":{"rendered":"<p>A c\u00e2mera de seguran\u00e7a de uma padaria em\u00a0Bebedouro\u00a0(SP) registrou a a\u00e7\u00e3o de um suspeito que invadiu e assaltou o local na manh\u00e3 da \u00faltima quarta-feira (10). As imagens mostram o homem usando um capacete e amea\u00e7ando a atendente com um rev\u00f3lver. Ele foge levando todo o dinheiro do caixa, cerca de R$ 1,2 mil. A propriet\u00e1ria da padaria, Neusa Maria Tortol, de 54 anos, disse que este foi o segundo roubo em oito meses. \u201cEm fevereiro, aconteceu da mesma forma: um deles ficou do lado de fora em cima da moto, enquanto o outro entrou e limpou o caixa. Eles <\/p>\n","protected":false},"author":1,"featured_media":0,"comment_status":"open","ping_status":"closed","sticky":false,"template":"","format":"standard","meta":{"footnotes":""},"categories":[6],"tags":[],"aioseo_notices":[],"_links":{"self":[{"href":"https:\/\/www.encontrabebedouro.com.br\/sobre\/wp-json\/wp\/v2\/posts\/407"}],"collection":[{"href":"https:\/\/www.encontrabebedouro.com.br\/sobre\/wp-json\/wp\/v2\/posts"}],"about":[{"href":"https:\/\/www.encontrabebedouro.com.br\/sobre\/wp-json\/wp\/v2\/types\/post"}],"author":[{"embeddable":true,"href":"https:\/\/www.encontrabebedouro.com.br\/sobre\/wp-json\/wp\/v2\/users\/1"}],"replies":[{"embeddable":true,"href":"https:\/\/www.encontrabebedouro.com.br\/sobre\/wp-json\/wp\/v2\/comments?post=407"}],"version-history":[{"count":0,"href":"https:\/\/www.encontrabebedouro.com.br\/sobre\/wp-json\/wp\/v2\/posts\/407\/revisions"}],"wp:attachment":[{"href":"https:\/\/www.encontrabebedouro.com.br\/sobre\/wp-json\/wp\/v2\/media?parent=407"}],"wp:term":[{"taxonomy":"category","embeddable":true,"href":"https:\/\/www.encontrabebedouro.com.br\/sobre\/wp-json\/wp\/v2\/categories?post=407"},{"taxonomy":"post_tag","embeddable":true,"href":"https:\/\/www.encontrabebedouro.com.br\/sobre\/wp-json\/wp\/v2\/tags?post=407"}],"curies":[{"name":"wp","href":"https:\/\/api.w.org\/{rel}","templated":true}]}}