{"id":368,"date":"2012-09-12T13:23:40","date_gmt":"2012-09-12T15:23:40","guid":{"rendered":"http:\/\/www.encontrabebedouro.com.br\/noticias\/?p=368"},"modified":"2019-04-29T17:12:18","modified_gmt":"2019-04-29T20:12:18","slug":"bebedouro-imesb-anuncia-a-sua-xxi-jornada-de-administracao","status":"publish","type":"post","link":"https:\/\/www.encontrabebedouro.com.br\/sobre\/bebedouro-imesb-anuncia-a-sua-xxi-jornada-de-administracao\/","title":{"rendered":"Bebedouro: Imesb anuncia a sua XXI Jornada de Administra\u00e7\u00e3o"},"content":{"rendered":"<div class=\"e7593ce1d9603c7e10386aa266b728a9\" data-index=\"1\" style=\"float: left; margin: 15px 15px 15px 0;\">\n<!-- EBR \/Novo-Bairro\/ 300x250 - pub-85 -->\r\n<ins class=\"adsbygoogle\"\r\n     style=\"display:inline-block;width:300px;height:250px\"\r\n     data-ad-client=\"ca-pub-8585364105181520\"\r\n     data-ad-slot=\"4691134188\"><\/ins>\r\n<script>\r\n(adsbygoogle = window.adsbygoogle || []).push({});\r\n<\/script>\r\n\n<\/div>\n<p>O Curso de Administra\u00e7\u00e3o do Imesb \u201cVict\u00f3rio Cardassi\u201d, sob a coordena\u00e7\u00e3o da professora-mestra Vanda Marques Burjaili Romeiro, promover\u00e1 em suas depend\u00eancias, de 1\u00ba a 5 de outubro, com in\u00edcio \u00e0s 19h10, a 21\u00aa Jornada de Administra\u00e7\u00e3o.<\/p>\n<p>Da programa\u00e7\u00e3o, constam palestras, apresenta\u00e7\u00e3o cultural com Rafael Valverde (aluno do Curso de Administra\u00e7\u00e3o) e de trabalhos cient\u00edficos, visitas t\u00e9cnicas, mesa-redonda e debates. O evento \u00e9 de gra\u00e7a e aberto ao p\u00fablico.<\/p>\n<p>Os destaques da 21\u00aa Jornada ser\u00e1 a participa\u00e7\u00e3o especial dos ex-alunos do Imesb: professor Luiz Rog\u00e9rio Manfrim, do jornalista Luciano Tavares, da assistente social Neliane Bibo Alves Souza, da advogada Maria Ang\u00e9lica Peti Marques e do frei Fernando Aparecido dos Santos, da Par\u00f3quia Nossa Senhora Aparecida, de Ol\u00edmpia.<\/p>\n<p>Ap\u00f3s a apresenta\u00e7\u00e3o dos ex-alunos, acontecer\u00e1 o \u201cVida de trainee: o caso Grupo Mike\u201d, com Mariana Borsato Marangoni, trainee na SantArena Eventos.<\/p>\n<p>As palestras ir\u00e3o abordar temas, como \u201cDominando o mercado de trabalho\u201d, a cargo de ex-alunos; \u201cO Brasil fugiu da escola: motiva\u00e7\u00e3o, criatividade e sentido para a vida escolar\u201d, pelo professor-doutor S\u00e9rgio Kodato; \u201cEmpreendedorismo: um estilo de vida\u201d, por Bruno Barbosa de Ara\u00fajo, e \u201cPerspectivas futuras para Bebedouro e regi\u00e3o e seus impactos no mercado de trabalho\u201d, por Rinaldo Rodrigues Pereira e Fl\u00e1vio de Carvalho Pinto.<\/p>\n<p>Durante a semana do evento, alunos de administra\u00e7\u00e3o do per\u00edodo diurno far\u00e3o visitas t\u00e9cnicas ao SENAC Jaboticabal, acrescida de um talk show; \u00e0 Granol &#8211; Ind\u00fastria, Com\u00e9rcio e Exporta\u00e7\u00e3o, ao Parque do Pe\u00e3o, onde participar\u00e3o da palestra sobre \u201cEmpreendedorismo: o caso Grupo Independentes\u201d. Eles tamb\u00e9m visitar\u00e3o a empresa de refrigerantes Jaboti, da cidade de Jaboticabal.<\/p>\n<p>A programa\u00e7\u00e3o ser\u00e1 encerrada com uma confraterniza\u00e7\u00e3o, organizada por estudantes de administra\u00e7\u00e3o e a coordena\u00e7\u00e3o de curso.<\/p>\n<p>Informa\u00e7\u00f5es pelo telefone (17) 3345-9366, ramal 222, com Fernando ou Ros\u00e2ngela, ou na faculdade, localizada na Rua Nelson Domingos Madeira, 300, no Parque Eldorado, em Bebedouro.<\/p>\n<p><em>Fonte: Prefeitura Bebedouro\u00a0<\/em><\/p>\n\n<div style=\"font-size: 0px; height: 0px; line-height: 0px; margin: 0; padding: 0; clear: both;\"><\/div>","protected":false},"excerpt":{"rendered":"<p>O Curso de Administra\u00e7\u00e3o do Imesb \u201cVict\u00f3rio Cardassi\u201d, sob a coordena\u00e7\u00e3o da professora-mestra Vanda Marques Burjaili Romeiro, promover\u00e1 em suas depend\u00eancias, de 1\u00ba a 5 de outubro, com in\u00edcio \u00e0s 19h10, a 21\u00aa Jornada de Administra\u00e7\u00e3o. Da programa\u00e7\u00e3o, constam palestras, apresenta\u00e7\u00e3o cultural com Rafael Valverde (aluno do Curso de Administra\u00e7\u00e3o) e de trabalhos cient\u00edficos, visitas t\u00e9cnicas, mesa-redonda e debates. O evento \u00e9 de gra\u00e7a e aberto ao p\u00fablico. Os destaques da 21\u00aa Jornada ser\u00e1 a participa\u00e7\u00e3o especial dos ex-alunos do Imesb: professor Luiz Rog\u00e9rio Manfrim, do jornalista Luciano Tavares, da assistente social Neliane Bibo Alves Souza, da advogada Maria Ang\u00e9lica <\/p>\n","protected":false},"author":1,"featured_media":0,"comment_status":"open","ping_status":"closed","sticky":false,"template":"","format":"standard","meta":{"footnotes":""},"categories":[3],"tags":[],"aioseo_notices":[],"_links":{"self":[{"href":"https:\/\/www.encontrabebedouro.com.br\/sobre\/wp-json\/wp\/v2\/posts\/368"}],"collection":[{"href":"https:\/\/www.encontrabebedouro.com.br\/sobre\/wp-json\/wp\/v2\/posts"}],"about":[{"href":"https:\/\/www.encontrabebedouro.com.br\/sobre\/wp-json\/wp\/v2\/types\/post"}],"author":[{"embeddable":true,"href":"https:\/\/www.encontrabebedouro.com.br\/sobre\/wp-json\/wp\/v2\/users\/1"}],"replies":[{"embeddable":true,"href":"https:\/\/www.encontrabebedouro.com.br\/sobre\/wp-json\/wp\/v2\/comments?post=368"}],"version-history":[{"count":0,"href":"https:\/\/www.encontrabebedouro.com.br\/sobre\/wp-json\/wp\/v2\/posts\/368\/revisions"}],"wp:attachment":[{"href":"https:\/\/www.encontrabebedouro.com.br\/sobre\/wp-json\/wp\/v2\/media?parent=368"}],"wp:term":[{"taxonomy":"category","embeddable":true,"href":"https:\/\/www.encontrabebedouro.com.br\/sobre\/wp-json\/wp\/v2\/categories?post=368"},{"taxonomy":"post_tag","embeddable":true,"href":"https:\/\/www.encontrabebedouro.com.br\/sobre\/wp-json\/wp\/v2\/tags?post=368"}],"curies":[{"name":"wp","href":"https:\/\/api.w.org\/{rel}","templated":true}]}}