{"id":289,"date":"2012-06-28T06:49:00","date_gmt":"2012-06-28T08:49:00","guid":{"rendered":"http:\/\/www.encontrabebedouro.com.br\/noticias\/?p=289"},"modified":"2019-04-29T17:12:20","modified_gmt":"2019-04-29T20:12:20","slug":"apresentado-o-projeto-atletismo-campeao-em-bebedouro","status":"publish","type":"post","link":"https:\/\/www.encontrabebedouro.com.br\/sobre\/apresentado-o-projeto-atletismo-campeao-em-bebedouro\/","title":{"rendered":"Apresentado o Projeto Atletismo Campe\u00e3o em Bebedouro"},"content":{"rendered":"<div class=\"e7593ce1d9603c7e10386aa266b728a9\" data-index=\"1\" style=\"float: left; margin: 15px 15px 15px 0;\">\n<!-- EBR \/Novo-Bairro\/ 300x250 - pub-85 -->\r\n<ins class=\"adsbygoogle\"\r\n     style=\"display:inline-block;width:300px;height:250px\"\r\n     data-ad-client=\"ca-pub-8585364105181520\"\r\n     data-ad-slot=\"4691134188\"><\/ins>\r\n<script>\r\n(adsbygoogle = window.adsbygoogle || []).push({});\r\n<\/script>\r\n\n<\/div>\n<p>No Unifafibe, na \u00faltima ter\u00e7a-feira (26\/6), apresentado \u00e0 comunidade o Projeto Atletismo Campe\u00e3o, que atender\u00e1 100 crian\u00e7as em situa\u00e7\u00e3o de vulnerabilidade social, de 7 a 12 anos, matriculadas nas escolas Jos\u00e9 Francisco Paschoal e Jo\u00e3o Pereira Pinho.<\/p>\n<p>A nova pista de atletismo do Centro Universit\u00e1rio leva o nome de Jadel Greg\u00f3rio, recordista sul-americano no salto triplo, ouro nos Panamericanos de 2007 e, atualmente, em intenso treinamento para as Olimp\u00edadas de Londres. Ele esteve na apresenta\u00e7\u00e3o do projeto, juntamente com o ex-judoca da Sele\u00e7\u00e3o Brasileira, Branco Zanol.<\/p>\n<p>Os assistidos ter\u00e3o aulas de atletismo no contraturno das aulas. Para treinos e competi\u00e7\u00f5es, eles ter\u00e3o uniformes, material esportivo e transporte do bairro onde residem at\u00e9 o Centro de Conviv\u00eancia do Unifafibe. O desempenho escolar de cada participante ser\u00e1 avaliado enquanto integrar o projeto.<\/p>\n<p>A reitora do Unifafibe, In\u00e1 Izabel Faria Soares de Oliveira, disse que \u201co maior objetivo \u00e9 promover, pela pr\u00e1tica esportiva, educa\u00e7\u00e3o, desenvolvimento f\u00edsico, cognitivo e social e contribuir para a melhoria da qualidade de ensino. \u00c9 a pr\u00e1tica do esporte direcionada para o desenvolvimento integral e para a forma\u00e7\u00e3o da cidadania. Agrade\u00e7o a parceria e principalmente aos alunos que v\u00e3o participar desse projeto que vai contribuir muito para a forma\u00e7\u00e3o de crian\u00e7as e jovens\u201d.<\/p>\n<p><strong>Visita<\/strong> \u2013 No Pa\u00e7o Municipal, os atletas ol\u00edmpicos se encontraram com o prefeito Jo\u00e3o Batista Bianchini, diretores da rede municipal e professores de ensino fundamental. Entre os assuntos em pauta, o projeto de jud\u00f4 \u201cSemeando o Futuro Desportivo\u201d, que atende alunos de escolas municipais.<\/p>\n<p><em>Fonte: Prefeitura Bebedouro<\/em><\/p>\n\n<div style=\"font-size: 0px; height: 0px; line-height: 0px; margin: 0; padding: 0; clear: both;\"><\/div>","protected":false},"excerpt":{"rendered":"<p>No Unifafibe, na \u00faltima ter\u00e7a-feira (26\/6), apresentado \u00e0 comunidade o Projeto Atletismo Campe\u00e3o, que atender\u00e1 100 crian\u00e7as em situa\u00e7\u00e3o de vulnerabilidade social, de 7 a 12 anos, matriculadas nas escolas Jos\u00e9 Francisco Paschoal e Jo\u00e3o Pereira Pinho. A nova pista de atletismo do Centro Universit\u00e1rio leva o nome de Jadel Greg\u00f3rio, recordista sul-americano no salto triplo, ouro nos Panamericanos de 2007 e, atualmente, em intenso treinamento para as Olimp\u00edadas de Londres. Ele esteve na apresenta\u00e7\u00e3o do projeto, juntamente com o ex-judoca da Sele\u00e7\u00e3o Brasileira, Branco Zanol. Os assistidos ter\u00e3o aulas de atletismo no contraturno das aulas. Para treinos e competi\u00e7\u00f5es, <\/p>\n","protected":false},"author":1,"featured_media":0,"comment_status":"open","ping_status":"closed","sticky":false,"template":"","format":"standard","meta":{"footnotes":""},"categories":[6],"tags":[],"aioseo_notices":[],"_links":{"self":[{"href":"https:\/\/www.encontrabebedouro.com.br\/sobre\/wp-json\/wp\/v2\/posts\/289"}],"collection":[{"href":"https:\/\/www.encontrabebedouro.com.br\/sobre\/wp-json\/wp\/v2\/posts"}],"about":[{"href":"https:\/\/www.encontrabebedouro.com.br\/sobre\/wp-json\/wp\/v2\/types\/post"}],"author":[{"embeddable":true,"href":"https:\/\/www.encontrabebedouro.com.br\/sobre\/wp-json\/wp\/v2\/users\/1"}],"replies":[{"embeddable":true,"href":"https:\/\/www.encontrabebedouro.com.br\/sobre\/wp-json\/wp\/v2\/comments?post=289"}],"version-history":[{"count":0,"href":"https:\/\/www.encontrabebedouro.com.br\/sobre\/wp-json\/wp\/v2\/posts\/289\/revisions"}],"wp:attachment":[{"href":"https:\/\/www.encontrabebedouro.com.br\/sobre\/wp-json\/wp\/v2\/media?parent=289"}],"wp:term":[{"taxonomy":"category","embeddable":true,"href":"https:\/\/www.encontrabebedouro.com.br\/sobre\/wp-json\/wp\/v2\/categories?post=289"},{"taxonomy":"post_tag","embeddable":true,"href":"https:\/\/www.encontrabebedouro.com.br\/sobre\/wp-json\/wp\/v2\/tags?post=289"}],"curies":[{"name":"wp","href":"https:\/\/api.w.org\/{rel}","templated":true}]}}