{"id":281,"date":"2012-06-25T05:00:28","date_gmt":"2012-06-25T07:00:28","guid":{"rendered":"http:\/\/www.encontrabebedouro.com.br\/noticias\/?p=281"},"modified":"2019-04-29T17:13:29","modified_gmt":"2019-04-29T20:13:29","slug":"palestra-encerra-seminario-em-bebedouro","status":"publish","type":"post","link":"https:\/\/www.encontrabebedouro.com.br\/sobre\/palestra-encerra-seminario-em-bebedouro\/","title":{"rendered":"Palestra encerra semin\u00e1rio em Bebedouro"},"content":{"rendered":"<div class=\"e7593ce1d9603c7e10386aa266b728a9\" data-index=\"1\" style=\"float: left; margin: 15px 15px 15px 0;\">\n<!-- EBR \/Novo-Bairro\/ 300x250 - pub-85 -->\r\n<ins class=\"adsbygoogle\"\r\n     style=\"display:inline-block;width:300px;height:250px\"\r\n     data-ad-client=\"ca-pub-8585364105181520\"\r\n     data-ad-slot=\"4691134188\"><\/ins>\r\n<script>\r\n(adsbygoogle = window.adsbygoogle || []).push({});\r\n<\/script>\r\n\n<\/div>\n<p>O semin\u00e1rio \u201cTrabalho, Comunica\u00e7\u00e3o e Conflitos\u201d, realizado pelo Imesb, em parceria com o F\u00f3rum de Bebedouro, ser\u00e1 encerrado segunda-feira (25\/6), \u00e0 noite, com a palestra &#8220;Pol\u00edtica Judici\u00e1ria Nacional de Tratamento Adequado de Conflitos&#8221;, proferida pelo professor-mestre Angel Tomas Castroviejo, no F\u00f3rum de Bebedouro.<\/p>\n<p>A maioria dos 102 participantes do semin\u00e1rio constitui-se de funcion\u00e1rios do Judici\u00e1rio de Bebedouro, Monte Azul Paulista e Viradouro, al\u00e9m de conciliadores\/mediadores, profissionais da cidade e da Prefeitura de Colina.<\/p>\n<p>Os funcion\u00e1rios dos f\u00f3runs e conciliadores contribu\u00edram apenas com um produto de limpeza ou higiene, e, os demais, com R$ 20,00 mais um produto de limpeza\/higiene. Os materiais arrecadados ser\u00e3o destinados a institui\u00e7\u00f5es filantr\u00f3picas.<\/p>\n<p>O evento foi organizado pela professora-doutora Edm\u00e9ia Corr\u00eaa Netto, coordenadora do Curso de Servi\u00e7o Social do Imesb, e pelo professor-mestre Angel Tomas Castroviejo, juiz de Direito, titular da Vara do Juizado Especial, coordenador do Setor de Concilia\u00e7\u00e3o e diretor do F\u00f3rum de Bebedouro.<\/p>\n<p>Para a coordenadora, o semin\u00e1rio superou as expectativas de p\u00fablico e atingiu o objetivo, que foi refletir sobre a import\u00e2ncia da comunica\u00e7\u00e3o na vida pessoal e profissional, bem como da valoriza\u00e7\u00e3o da cultura do di\u00e1logo como forma de preven\u00e7\u00e3o de muitos males, inclusive do estresse, que \u00e9 considerado pela Organiza\u00e7\u00e3o Mundial de Sa\u00fade um dos grandes desafios a serem enfrentados no s\u00e9culo XXI.<\/p>\n<p><em>Fonte: Prefeitura Bebedouro<\/em><\/p>\n\n<div style=\"font-size: 0px; height: 0px; line-height: 0px; margin: 0; padding: 0; clear: both;\"><\/div>","protected":false},"excerpt":{"rendered":"<p>O semin\u00e1rio \u201cTrabalho, Comunica\u00e7\u00e3o e Conflitos\u201d, realizado pelo Imesb, em parceria com o F\u00f3rum de Bebedouro, ser\u00e1 encerrado segunda-feira (25\/6), \u00e0 noite, com a palestra &#8220;Pol\u00edtica Judici\u00e1ria Nacional de Tratamento Adequado de Conflitos&#8221;, proferida pelo professor-mestre Angel Tomas Castroviejo, no F\u00f3rum de Bebedouro. A maioria dos 102 participantes do semin\u00e1rio constitui-se de funcion\u00e1rios do Judici\u00e1rio de Bebedouro, Monte Azul Paulista e Viradouro, al\u00e9m de conciliadores\/mediadores, profissionais da cidade e da Prefeitura de Colina. Os funcion\u00e1rios dos f\u00f3runs e conciliadores contribu\u00edram apenas com um produto de limpeza ou higiene, e, os demais, com R$ 20,00 mais um produto de limpeza\/higiene. Os <\/p>\n","protected":false},"author":1,"featured_media":0,"comment_status":"open","ping_status":"closed","sticky":false,"template":"","format":"standard","meta":{"footnotes":""},"categories":[6],"tags":[],"aioseo_notices":[],"_links":{"self":[{"href":"https:\/\/www.encontrabebedouro.com.br\/sobre\/wp-json\/wp\/v2\/posts\/281"}],"collection":[{"href":"https:\/\/www.encontrabebedouro.com.br\/sobre\/wp-json\/wp\/v2\/posts"}],"about":[{"href":"https:\/\/www.encontrabebedouro.com.br\/sobre\/wp-json\/wp\/v2\/types\/post"}],"author":[{"embeddable":true,"href":"https:\/\/www.encontrabebedouro.com.br\/sobre\/wp-json\/wp\/v2\/users\/1"}],"replies":[{"embeddable":true,"href":"https:\/\/www.encontrabebedouro.com.br\/sobre\/wp-json\/wp\/v2\/comments?post=281"}],"version-history":[{"count":0,"href":"https:\/\/www.encontrabebedouro.com.br\/sobre\/wp-json\/wp\/v2\/posts\/281\/revisions"}],"wp:attachment":[{"href":"https:\/\/www.encontrabebedouro.com.br\/sobre\/wp-json\/wp\/v2\/media?parent=281"}],"wp:term":[{"taxonomy":"category","embeddable":true,"href":"https:\/\/www.encontrabebedouro.com.br\/sobre\/wp-json\/wp\/v2\/categories?post=281"},{"taxonomy":"post_tag","embeddable":true,"href":"https:\/\/www.encontrabebedouro.com.br\/sobre\/wp-json\/wp\/v2\/tags?post=281"}],"curies":[{"name":"wp","href":"https:\/\/api.w.org\/{rel}","templated":true}]}}