{"id":207,"date":"2012-04-25T07:03:02","date_gmt":"2012-04-25T09:03:02","guid":{"rendered":"http:\/\/www.encontrabebedouro.com.br\/noticias\/?p=207"},"modified":"2019-04-29T17:13:30","modified_gmt":"2019-04-29T20:13:30","slug":"inscricao-para-substituicao-eventual-em-bebedouro","status":"publish","type":"post","link":"https:\/\/www.encontrabebedouro.com.br\/sobre\/inscricao-para-substituicao-eventual-em-bebedouro\/","title":{"rendered":"Inscri\u00e7\u00e3o para Substitui\u00e7\u00e3o Eventual em Bebedouro"},"content":{"rendered":"<div class=\"e7593ce1d9603c7e10386aa266b728a9\" data-index=\"1\" style=\"float: left; margin: 15px 15px 15px 0;\">\n<!-- EBR \/Novo-Bairro\/ 300x250 - pub-85 -->\r\n<ins class=\"adsbygoogle\"\r\n     style=\"display:inline-block;width:300px;height:250px\"\r\n     data-ad-client=\"ca-pub-8585364105181520\"\r\n     data-ad-slot=\"4691134188\"><\/ins>\r\n<script>\r\n(adsbygoogle = window.adsbygoogle || []).push({});\r\n<\/script>\r\n\n<\/div>\n<p>A Prefeitura de Bebedouro e o Depto. Municipal de Educa\u00e7\u00e3o e Cultura de Bebedouro anunciam que, segunda-feira (23\/4), tem in\u00edcio as inscri\u00e7\u00f5es para Substitui\u00e7\u00e3o Eventual de aulas na rede municipal.<\/p>\n<p>As inscri\u00e7\u00f5es ser\u00e3o recebidas at\u00e9 sexta-feira (27\/4), das 8h \u00e0s 11h e das 13h \u00e0s 16h, no Depto. de Educa\u00e7\u00e3o, na Rua Cel. Conrado Caldeira, 470, Centro, Bebedouro.<\/p>\n<p>Documentos necess\u00e1rios: c\u00e9dula de identidade e comprovante de habilita\u00e7\u00e3o (diploma ou certificado de conclus\u00e3o e Hist\u00f3rico Escolar ou declara\u00e7\u00e3o da faculdade de que est\u00e1 cursando o \u00faltimo semestre do Curso de Pedagogia).<\/p>\n<p><strong>Observa\u00e7\u00f5es<\/strong><\/p>\n<p>Somente poder\u00e1 se inscrever o candidato que tenha participado do processo seletivo n\u00ba 011\/2011.<br \/>\nO candidato somente poder\u00e1 fazer a inscri\u00e7\u00e3o para um campo de atua\u00e7\u00e3o.<br \/>\nO candidato n\u00e3o poder\u00e1 exercer outra fun\u00e7\u00e3o p\u00fablica no magist\u00e9rio no munic\u00edpio de Bebedouro.<br \/>\nO candidato que j\u00e1 fez inscri\u00e7\u00e3o para substitui\u00e7\u00e3o eventual no ano de 2012 n\u00e3o precisar\u00e1 faz\u00ea-la novamente.<\/p>\n<p><em>Fonte: Prefeitura Municipal de Bebedouro<\/em><\/p>\n\n<div style=\"font-size: 0px; height: 0px; line-height: 0px; margin: 0; padding: 0; clear: both;\"><\/div>","protected":false},"excerpt":{"rendered":"<p>A Prefeitura de Bebedouro e o Depto. Municipal de Educa\u00e7\u00e3o e Cultura de Bebedouro anunciam que, segunda-feira (23\/4), tem in\u00edcio as inscri\u00e7\u00f5es para Substitui\u00e7\u00e3o Eventual de aulas na rede municipal. As inscri\u00e7\u00f5es ser\u00e3o recebidas at\u00e9 sexta-feira (27\/4), das 8h \u00e0s 11h e das 13h \u00e0s 16h, no Depto. de Educa\u00e7\u00e3o, na Rua Cel. Conrado Caldeira, 470, Centro, Bebedouro. Documentos necess\u00e1rios: c\u00e9dula de identidade e comprovante de habilita\u00e7\u00e3o (diploma ou certificado de conclus\u00e3o e Hist\u00f3rico Escolar ou declara\u00e7\u00e3o da faculdade de que est\u00e1 cursando o \u00faltimo semestre do Curso de Pedagogia). Observa\u00e7\u00f5es Somente poder\u00e1 se inscrever o candidato que tenha participado <\/p>\n","protected":false},"author":1,"featured_media":0,"comment_status":"open","ping_status":"closed","sticky":false,"template":"","format":"standard","meta":{"footnotes":""},"categories":[8],"tags":[],"aioseo_notices":[],"_links":{"self":[{"href":"https:\/\/www.encontrabebedouro.com.br\/sobre\/wp-json\/wp\/v2\/posts\/207"}],"collection":[{"href":"https:\/\/www.encontrabebedouro.com.br\/sobre\/wp-json\/wp\/v2\/posts"}],"about":[{"href":"https:\/\/www.encontrabebedouro.com.br\/sobre\/wp-json\/wp\/v2\/types\/post"}],"author":[{"embeddable":true,"href":"https:\/\/www.encontrabebedouro.com.br\/sobre\/wp-json\/wp\/v2\/users\/1"}],"replies":[{"embeddable":true,"href":"https:\/\/www.encontrabebedouro.com.br\/sobre\/wp-json\/wp\/v2\/comments?post=207"}],"version-history":[{"count":0,"href":"https:\/\/www.encontrabebedouro.com.br\/sobre\/wp-json\/wp\/v2\/posts\/207\/revisions"}],"wp:attachment":[{"href":"https:\/\/www.encontrabebedouro.com.br\/sobre\/wp-json\/wp\/v2\/media?parent=207"}],"wp:term":[{"taxonomy":"category","embeddable":true,"href":"https:\/\/www.encontrabebedouro.com.br\/sobre\/wp-json\/wp\/v2\/categories?post=207"},{"taxonomy":"post_tag","embeddable":true,"href":"https:\/\/www.encontrabebedouro.com.br\/sobre\/wp-json\/wp\/v2\/tags?post=207"}],"curies":[{"name":"wp","href":"https:\/\/api.w.org\/{rel}","templated":true}]}}