{"id":158,"date":"2012-03-13T09:04:18","date_gmt":"2012-03-13T11:04:18","guid":{"rendered":"http:\/\/www.encontrabebedouro.com.br\/noticias\/?p=158"},"modified":"2019-04-29T17:13:31","modified_gmt":"2019-04-29T20:13:31","slug":"toma-posse-o-conselho-tutelar-de-bebedouro","status":"publish","type":"post","link":"https:\/\/www.encontrabebedouro.com.br\/sobre\/toma-posse-o-conselho-tutelar-de-bebedouro\/","title":{"rendered":"Toma posse o Conselho Tutelar de Bebedouro"},"content":{"rendered":"<div class=\"e7593ce1d9603c7e10386aa266b728a9\" data-index=\"1\" style=\"float: left; margin: 15px 15px 15px 0;\">\n<!-- EBR \/Novo-Bairro\/ 300x250 - pub-85 -->\r\n<ins class=\"adsbygoogle\"\r\n     style=\"display:inline-block;width:300px;height:250px\"\r\n     data-ad-client=\"ca-pub-8585364105181520\"\r\n     data-ad-slot=\"4691134188\"><\/ins>\r\n<script>\r\n(adsbygoogle = window.adsbygoogle || []).push({});\r\n<\/script>\r\n\n<\/div>\n<p>Novo grupo comp\u00f5e o Conselho Tutelar 2012\/2014 em guia de Bebedouro. A solenidade de posse, segunda-feira (12\/3), contou na mesa de trabalhos com o presidente da C\u00e2mara, Carlos Renato Serotine; o prefeito Jo\u00e3o Batista Bianchini, o Italiano; a presidente do Fundo Social de Solidariedade, primeira-dama Sueli Bianchini; a presidente do Conselho Municipal dos Direitos da Crian\u00e7a e do Adolescente, Neide Aparecida Rosa; a presidente da Rede Crian\u00e7a, Maria Alice Alves Coelho, e o promotor de Justi\u00e7a, F\u00e1bio Constantini.<\/p>\n<p>Presen\u00e7a tamb\u00e9m dos vereadores Jesus Martins e Sebastiana Camargo; representando a Delegacia de Defesa da Mulher, o investigador Iguatemy Camargo, e outros convidados que ocuparam as cadeiras do Sal\u00e3o Nobre da C\u00e2mara.<\/p>\n<p>Usaram da palavra, a ex-conselheira Patr\u00edcia Seixas, Neide Aparecida Rosa, a conselheira eleita Silmara Ribeiro, F\u00e1bio Constantini, Maria Alice Coelho, Carlos Serotine e Jo\u00e3o Batista Bianchini.<\/p>\n<p>O prefeito Italiano observou que as conselheiras n\u00e3o assumem o posto pelo sal\u00e1rio, mas sim pelo fato de servirem a comunidade no nobre ato de, muitas vezes, terem de substituir a m\u00e3e de determinado menor infrator. \u201cTenho procurado atender aos pedidos do Conselho Tutelar, principalmente atrav\u00e9s das a\u00e7\u00f5es da Guarda Civil Municipal, com o trabalho do comandante Luiz Roberto Cardoso, do sub-comandante Jos\u00e9 de Souza Lima e de sua equipe. A carga da Prefeitura \u00e9 muito grande, por isso \u00e9 preciso o apoio das entidades, da C\u00e2mara, do Minist\u00e9rio P\u00fablico, do Judici\u00e1rio em geral e das conselheiras\u201d. Ele lamentou a falta de aten\u00e7\u00e3o de determinadas fam\u00edlias com suas crian\u00e7as. \u201cVoc\u00eas foram eleitas para tamb\u00e9m fazerem o papel de m\u00e3es desses adolescentes que s\u00e3o atendidos pelo Conselho Tutelar\u201d.<\/p>\n<p>As novas conselheiras titulares s\u00e3o: M\u00e1rcia Maria Pires da Silva, Silmara Ribeiro dos Santos, Jaqueline Cristina de Souza Marques, Eidi Sueli Pereira dos Santos e Josiane Aparecida Lopes da Silva.<\/p>\n<p><em>Fonte: Prefeitura de Bebedouro<\/em><\/p>\n\n<div style=\"font-size: 0px; height: 0px; line-height: 0px; margin: 0; padding: 0; clear: both;\"><\/div>","protected":false},"excerpt":{"rendered":"<p>Novo grupo comp\u00f5e o Conselho Tutelar 2012\/2014 em guia de Bebedouro. A solenidade de posse, segunda-feira (12\/3), contou na mesa de trabalhos com o presidente da C\u00e2mara, Carlos Renato Serotine; o prefeito Jo\u00e3o Batista Bianchini, o Italiano; a presidente do Fundo Social de Solidariedade, primeira-dama Sueli Bianchini; a presidente do Conselho Municipal dos Direitos da Crian\u00e7a e do Adolescente, Neide Aparecida Rosa; a presidente da Rede Crian\u00e7a, Maria Alice Alves Coelho, e o promotor de Justi\u00e7a, F\u00e1bio Constantini. Presen\u00e7a tamb\u00e9m dos vereadores Jesus Martins e Sebastiana Camargo; representando a Delegacia de Defesa da Mulher, o investigador Iguatemy Camargo, e outros <\/p>\n","protected":false},"author":1,"featured_media":0,"comment_status":"open","ping_status":"closed","sticky":false,"template":"","format":"standard","meta":{"footnotes":""},"categories":[8],"tags":[],"aioseo_notices":[],"_links":{"self":[{"href":"https:\/\/www.encontrabebedouro.com.br\/sobre\/wp-json\/wp\/v2\/posts\/158"}],"collection":[{"href":"https:\/\/www.encontrabebedouro.com.br\/sobre\/wp-json\/wp\/v2\/posts"}],"about":[{"href":"https:\/\/www.encontrabebedouro.com.br\/sobre\/wp-json\/wp\/v2\/types\/post"}],"author":[{"embeddable":true,"href":"https:\/\/www.encontrabebedouro.com.br\/sobre\/wp-json\/wp\/v2\/users\/1"}],"replies":[{"embeddable":true,"href":"https:\/\/www.encontrabebedouro.com.br\/sobre\/wp-json\/wp\/v2\/comments?post=158"}],"version-history":[{"count":0,"href":"https:\/\/www.encontrabebedouro.com.br\/sobre\/wp-json\/wp\/v2\/posts\/158\/revisions"}],"wp:attachment":[{"href":"https:\/\/www.encontrabebedouro.com.br\/sobre\/wp-json\/wp\/v2\/media?parent=158"}],"wp:term":[{"taxonomy":"category","embeddable":true,"href":"https:\/\/www.encontrabebedouro.com.br\/sobre\/wp-json\/wp\/v2\/categories?post=158"},{"taxonomy":"post_tag","embeddable":true,"href":"https:\/\/www.encontrabebedouro.com.br\/sobre\/wp-json\/wp\/v2\/tags?post=158"}],"curies":[{"name":"wp","href":"https:\/\/api.w.org\/{rel}","templated":true}]}}