{"id":128,"date":"2012-02-13T00:19:51","date_gmt":"2012-02-13T02:19:51","guid":{"rendered":"http:\/\/www.encontrabebedouro.com.br\/noticias\/?p=128"},"modified":"2019-04-29T17:13:31","modified_gmt":"2019-04-29T20:13:31","slug":"deliberadas-as-atribuicoes-dos-que-vao-trabalhar-no-carnaval-de-bebedouro","status":"publish","type":"post","link":"https:\/\/www.encontrabebedouro.com.br\/sobre\/deliberadas-as-atribuicoes-dos-que-vao-trabalhar-no-carnaval-de-bebedouro\/","title":{"rendered":"Deliberadas as atribui\u00e7\u00f5es dos que v\u00e3o trabalhar no carnaval de Bebedouro"},"content":{"rendered":"<div class=\"e7593ce1d9603c7e10386aa266b728a9\" data-index=\"1\" style=\"float: left; margin: 15px 15px 15px 0;\">\n<!-- EBR \/Novo-Bairro\/ 300x250 - pub-85 -->\r\n<ins class=\"adsbygoogle\"\r\n     style=\"display:inline-block;width:300px;height:250px\"\r\n     data-ad-client=\"ca-pub-8585364105181520\"\r\n     data-ad-slot=\"4691134188\"><\/ins>\r\n<script>\r\n(adsbygoogle = window.adsbygoogle || []).push({});\r\n<\/script>\r\n\n<\/div>\n<p>Diretores e coordenadores de departamentos da Prefeitura da cidade Bebedouro prosseguem com os preparativos para o carnaval 2012, cujas atividades estar\u00e3o concentradas no Samb\u00f3dromo, de 17 a 21 de fevereiro.<\/p>\n<p>Para discutirem assuntos relacionados \u00e0 seguran\u00e7a p\u00fablica, sa\u00fade, assist\u00eancia social e apoio log\u00edstico nas cinco noites do evento, nesta semana, na Prefeitura, reuniram-se representantes da Pol\u00edcia Militar, inclusive do Corpo de Bombeiros, da Guarda Civil, da Brigada de Inc\u00eandio, da Garagem Municipal, da Central de Alimenta\u00e7\u00e3o, do Depto. de Sa\u00fade e das coordenadorias de Cultura, Eventos, Cerimonial e El\u00e9trica. Falou-se tamb\u00e9m da atua\u00e7\u00e3o do Conselho Tutelar e do Depto. de Tr\u00e1fego. Deliberadas as atribui\u00e7\u00f5es de cada setor, sempre com prioridade para o atendimento ao p\u00fablico, de modo a oferecer-lhe as melhores condi\u00e7\u00f5es de bem-estar, ao prestigiar o desfile das escolas de samba e as demais atra\u00e7\u00f5es.<\/p>\n<p>Ser\u00e3o distribu\u00eddas na regi\u00e3o do Samb\u00f3dromo pelo menos cinco mil ventarolas e 10 mil camisinhas, paralelamente a trabalho de orienta\u00e7\u00e3o verbal e por meio de publica\u00e7\u00f5es, inclusive outodoors, para que os foli\u00f5es e os espectadores n\u00e3o tenham sua sa\u00fade comprometida. Ambul\u00e2ncias e equipes de param\u00e9dicos estar\u00e3o a postos para os primeiros socorros e o encaminhamento para o ambulat\u00f3rio no local ou ao hospital.<\/p>\n<p>Os policiais militares ter\u00e3o prioridade de atua\u00e7\u00e3o nas \u00e1reas externas do Samb\u00f3dromo, sobretudo na orienta\u00e7\u00e3o do tr\u00e2nsito de ve\u00edculos e no disciplinamento da locomo\u00e7\u00e3o do p\u00fablico at\u00e9 as arquibancadas. Os guardas municipais e seguran\u00e7as particulares trabalhar\u00e3o na parte interna do recinto. O pessoal da Brigada de Inc\u00eandio e o do Corpo de Bombeiros ficar\u00e1 posicionado em pontos estrat\u00e9gicos para o devido atendimento, caso haja necessidade.<\/p>\n<p>O p\u00fablico n\u00e3o poder\u00e1 adentrar no Samb\u00f3dromo com objetos cortantes, armas de fogo, copos e garrafas de vidro, tanto que haver\u00e1 revista pessoal nos pontos de acesso \u00e0s arquibancadas e em outros de circula\u00e7\u00e3o dos componentes das escolas de samba e das equipes de apoio.<\/p>\n<p>As coordenadorias de Eventos e de Cultura est\u00e3o \u00e0 frente da organiza\u00e7\u00e3o geral do carnaval de rua, tanto que movimentam outros setores da Prefeitura para o apoio log\u00edstico, por exemplo, a Cozinha-Piloto, respons\u00e1vel pela alimenta\u00e7\u00e3o do pessoal escalado para trabalhar no Samb\u00f3dromo.<\/p>\n<p>Aos participantes do tradicional Bloco do Vai-Quem-Quer, a exemplo de anos anteriores, \u00e9 solicitado que n\u00e3o desfilem nem se concentrem no Samb\u00f3dromo, com garrafas de bebidas nas m\u00e3os, para que essas embalagens n\u00e3o se transformem em \u2018armas\u2019 em eventuais brigas e discuss\u00f5es.<\/p>\n<p>S\u00e3o esperados pelo menos 12 mil espectadores por noite no Samb\u00f3dromo que, neste ano, ter\u00e1 180 metros de suas arquibancadas cobertas, com destaque ainda para os refletores decorativos que ser\u00e3o instalados no local.<\/p>\n<p>Com orienta\u00e7\u00e3o do Corpo de Bombeiros, os carros aleg\u00f3ricos das escolas de samba ter\u00e3o aten\u00e7\u00e3o especial do pessoal da Brigada de Inc\u00eandio, principalmente com respeito ao uso de extintores no trajeto do desfile.<\/p>\n<p>Os desfiles ter\u00e3o a presen\u00e7a da rainha Kelly Cristina do Carmo Benedito, da Unidos do Bom Retiro, acompanhada do rei momo Jo\u00e3o Ant\u00f4nio dos Reis Gandra e das princesas Cristiane Cagnoto e Bianca Cristina da Silva Ferreira, ambas da escola Extremo Norte.<\/p>\n<p><strong>Programa\u00e7\u00e3o<\/strong><\/p>\n<p>Sexta-feira (17\/2), \u00e0s 21h, na Esta\u00e7\u00e3o Cultura, sa\u00edda do tradicional Bloco do Vai-Quem-Quer, em dire\u00e7\u00e3o ao Samb\u00f3dromo. \u00c0s 22h, apresenta\u00e7\u00e3o do Grupo Kid+.<\/p>\n<p>S\u00e1bado (18\/2), \u00e0s 21h, desfile das escolas Unidos do Bom Retiro e Mocidade Unida. \u00c0s 23h30, grande show com Neguinho da Beija-Flor.<\/p>\n<p>Domingo (19\/2), \u00e0s 21h, desfile das escolas Alto do Morro e Extremo Norte. \u00c0s 23h30, show com Balu Bacana.<\/p>\n<p>Segunda-feira (20\/2), \u00e0s 21h, show com os grupos Pra-Fi-K\u00e1 e For\u00e7a Vital. \u00c0s 23h, show com Juliana Ramalho.<\/p>\n<p>Ter\u00e7a-feira (21\/2), das 18h \u00e0s 20h, vesperais para crian\u00e7as, com a presen\u00e7a dos palha\u00e7os Patati &amp; Patat\u00e1, do SBT &#8211; no intervalo, DJ Pedro Perez. \u00c0s 22h, show com a banda Bota Pra Ferv\u00ea.<\/p>\n<p><strong>Bloco e escolas<\/strong><\/p>\n<p><strong>\u201cVai-Quem-Quer\u201d<\/strong> \u2013 O bloco desfila na sexta-feira (17\/2), com concentra\u00e7\u00e3o \u00e0s 20h30, em frente \u00e0 Esta\u00e7\u00e3o Cultura, onde estar\u00e1 o trio-el\u00e9trico, para sa\u00edda \u00e0s 22h, com percurso pelas avenidas dos Antunes e do Lago, em dire\u00e7\u00e3o ao Samb\u00f3dromo, onde a festa continuar\u00e1, ao som do DJ Pedro Perez e do Grupo Kid +.<\/p>\n<p><strong>Unidos do Bom Retiro<\/strong> &#8211; Desfila no Samb\u00f3dromo, s\u00e1bado (17\/2), \u00e0s 21h, com o enredo \u201cDo Picadeiro para a Avenida &#8211; Unidos do Bom Retiro faz do Circo um Carnaval\u201d, contando a hist\u00f3ria do circo desde a origem at\u00e9 os dias de hoje.<\/p>\n<p>S\u00e3o 180 integrantes &#8211; 50 da bateria -, distribu\u00eddos em v\u00e1rias alas: Baianas, Palha\u00e7os, Alegria, das Crian\u00e7as (com o tema Patati &amp; Patat\u00e1).<\/p>\n<p>Na comiss\u00e3o-de-frente, 12 destaques, e, ainda, a porta-bandeira Elis\u00e2ngela e o mestre-sala (n\u00e3o definido) e um carro aleg\u00f3rico com oito pessoas.<\/p>\n<p>As cores oficiais da escola s\u00e3o a verde e a rosa. O presidente da escola \u00e9 Claudio Jos\u00e9 de Paula, o Claudi\u00e3o, e, o carnavalesco, Lu\u00eds Costa. Informa\u00e7\u00f5es: (17) 9110-2368.<\/p>\n<p><strong>Mocidade Unida<\/strong> \u2013 Desfila no Samb\u00f3dromo, domingo (19\/2), \u00e0s 21h45, com o enredo \u201cDNA da Alegria\u201d.<\/p>\n<p>S\u00e3o 160 componentes \u2013 50 da bateria -, distribu\u00eddos nas alas das Baianas, do Espa\u00e7o Sideral, Evolu\u00e7\u00e3o dos Homens, Rituais &#8211; Risos e Magias, Sabor de Fruto Proibido, Palha\u00e7os e Doutores da Alegria.<\/p>\n<p>Na comiss\u00e3o-de-frente, 10 destaques, e, ainda o mestre-sala Diego e a porta-bandeira Ana Cl\u00e1udia e um carro aleg\u00f3rico com sete pessoas.<\/p>\n<p>As cores oficiais da escola s\u00e3o a verde e a branca. A presidente \u00e9 \u00c9rika Cristina Viana Ribeiro. Informa\u00e7\u00f5es: (17) 9158-9086.<\/p>\n<p><strong>Alto do Morro <\/strong>\u2013 Desfila no domingo (19\/2), in\u00edcio \u00e0s 21h, com enredo em homenagem ao carnavalesco Fl\u00e1vio Lopes (coordenador do Teatro Municipal).<\/p>\n<p>S\u00e3o 170 componentes \u2013 50 da bateria -, distribu\u00eddos nas alas das Baianas, Show, Com\u00e9dia, Drama, Destaque Social e Amigos do Fl\u00e1vio.<\/p>\n<p>Na comiss\u00e3o-de-frente, 10 integrantes, e, ainda, o mestre-sala e a porta-bandeira Marcos e Aur\u00e9lia e o mestre-sala mirim e a porta-bandeira mirim Dagoberto e Kauny e um carro aleg\u00f3rico com seis pessoas.<\/p>\n<p>As cores oficiais da escola s\u00e3o a vermelha e a branca. A presidente da escola \u00e9 Ana Maria Tim\u00f3teo dos Santos, a Tia Ana, e, o vice-presidente, Wellington Tiago de Lima. Informa\u00e7\u00f5es: (17) 9109-7366 ou (17) 3345-1637.<\/p>\n<p><strong>Extremo Norte <\/strong>\u2013 Desfila no Samb\u00f3dromo, domingo (19\/2), \u00e0s 21h45, com o enredo \u201cEncantos e Desencantos da Noite\u201d, com as op\u00e7\u00f5es que a noite proporciona.<\/p>\n<p>S\u00e3o 160 integrantes \u2013 50 da bateria -, distribu\u00eddos nas alas das Baianas, Festa e Alegria, Os Encantados, Os Desencantados, Os Inocentes e Os Malandros da Noite.<\/p>\n<p>Na comiss\u00e3o-de-frente, 11 destaques. E, ainda, o mestre-sala e a porta-bandeira Eli e Malu e um carro aleg\u00f3rico com tr\u00eas pessoas.<\/p>\n<p>As cores oficiais da escola s\u00e3o a verde e a branca. O presidente da escola \u00e9 Jos\u00e9 Carlos de Andrade, o Chocolate. Informa\u00e7\u00f5es: (17) 9225-6028.<\/p>\n<p><em>Fonte: Prefeitura de Bebedouro<\/em><\/p>\n\n<div style=\"font-size: 0px; height: 0px; line-height: 0px; margin: 0; padding: 0; clear: both;\"><\/div>","protected":false},"excerpt":{"rendered":"<p>Diretores e coordenadores de departamentos da Prefeitura da cidade Bebedouro prosseguem com os preparativos para o carnaval 2012, cujas atividades estar\u00e3o concentradas no Samb\u00f3dromo, de 17 a 21 de fevereiro. Para discutirem assuntos relacionados \u00e0 seguran\u00e7a p\u00fablica, sa\u00fade, assist\u00eancia social e apoio log\u00edstico nas cinco noites do evento, nesta semana, na Prefeitura, reuniram-se representantes da Pol\u00edcia Militar, inclusive do Corpo de Bombeiros, da Guarda Civil, da Brigada de Inc\u00eandio, da Garagem Municipal, da Central de Alimenta\u00e7\u00e3o, do Depto. de Sa\u00fade e das coordenadorias de Cultura, Eventos, Cerimonial e El\u00e9trica. Falou-se tamb\u00e9m da atua\u00e7\u00e3o do Conselho Tutelar e do Depto. de <\/p>\n","protected":false},"author":1,"featured_media":0,"comment_status":"open","ping_status":"closed","sticky":false,"template":"","format":"standard","meta":{"footnotes":""},"categories":[6],"tags":[],"class_list":["post-128","post","type-post","status-publish","format-standard","hentry","category-noticias-bebedouro"],"aioseo_notices":[],"aioseo_head":"\n\t\t<!-- All in One SEO 5.0.0.1 - aioseo.com -->\n\t<meta name=\"description\" content=\"Diretores e coordenadores de departamentos da Prefeitura da cidade Bebedouro prosseguem com os preparativos para o carnaval 2012, cujas atividades estar\u00e3o concentradas no Samb\u00f3dromo, de 17 a 21 de fevereiro. Para discutirem assuntos relacionados \u00e0 seguran\u00e7a p\u00fablica, sa\u00fade, assist\u00eancia social e apoio log\u00edstico nas cinco noites do evento, nesta semana, na Prefeitura, reuniram-se representantes da\" \/>\n\t<meta name=\"robots\" content=\"max-image-preview:large\" \/>\n\t<meta name=\"author\" content=\"Encontra Bebedouro\"\/>\n\t<link rel=\"canonical\" href=\"https:\/\/www.encontrabebedouro.com.br\/sobre\/deliberadas-as-atribuicoes-dos-que-vao-trabalhar-no-carnaval-de-bebedouro\/\" \/>\n\t<meta name=\"generator\" content=\"All in One SEO (AIOSEO) 5.0.0.1\" \/>\n\t\t<meta property=\"og:locale\" content=\"pt_BR\" \/>\n\t\t<meta property=\"og:site_name\" content=\"Encontra Bebedouro | Not\u00edcias, eventos, informa\u00e7\u00f5es e dicas na cidade de Bebedouro e regi\u00e3o\" \/>\n\t\t<meta property=\"og:type\" content=\"article\" \/>\n\t\t<meta property=\"og:title\" content=\"Deliberadas as atribui\u00e7\u00f5es dos que v\u00e3o trabalhar no carnaval de Bebedouro | Encontra Bebedouro\" \/>\n\t\t<meta property=\"og:description\" content=\"Diretores e coordenadores de departamentos da Prefeitura da cidade Bebedouro prosseguem com os preparativos para o carnaval 2012, cujas atividades estar\u00e3o concentradas no Samb\u00f3dromo, de 17 a 21 de fevereiro. Para discutirem assuntos relacionados \u00e0 seguran\u00e7a p\u00fablica, sa\u00fade, assist\u00eancia social e apoio log\u00edstico nas cinco noites do evento, nesta semana, na Prefeitura, reuniram-se representantes da\" \/>\n\t\t<meta property=\"og:url\" content=\"https:\/\/www.encontrabebedouro.com.br\/sobre\/deliberadas-as-atribuicoes-dos-que-vao-trabalhar-no-carnaval-de-bebedouro\/\" \/>\n\t\t<meta property=\"article:published_time\" content=\"2012-02-13T02:19:51+00:00\" \/>\n\t\t<meta property=\"article:modified_time\" content=\"2019-04-29T20:13:31+00:00\" \/>\n\t\t<meta name=\"twitter:card\" content=\"summary_large_image\" \/>\n\t\t<meta name=\"twitter:title\" content=\"Deliberadas as atribui\u00e7\u00f5es dos que v\u00e3o trabalhar no carnaval de Bebedouro | Encontra Bebedouro\" \/>\n\t\t<meta name=\"twitter:description\" content=\"Diretores e coordenadores de departamentos da Prefeitura da cidade Bebedouro prosseguem com os preparativos para o carnaval 2012, cujas atividades estar\u00e3o concentradas no Samb\u00f3dromo, de 17 a 21 de fevereiro. Para discutirem assuntos relacionados \u00e0 seguran\u00e7a p\u00fablica, sa\u00fade, assist\u00eancia social e apoio log\u00edstico nas cinco noites do evento, nesta semana, na Prefeitura, reuniram-se representantes da\" \/>\n\t\t<script type=\"application\/ld+json\" class=\"aioseo-schema\">\n\t\t\t{\"@context\":\"https:\\\/\\\/schema.org\",\"@graph\":[{\"@type\":\"Article\",\"@id\":\"https:\\\/\\\/www.encontrabebedouro.com.br\\\/sobre\\\/deliberadas-as-atribuicoes-dos-que-vao-trabalhar-no-carnaval-de-bebedouro\\\/#article\",\"name\":\"Deliberadas as atribui\\u00e7\\u00f5es dos que v\\u00e3o trabalhar no carnaval de Bebedouro | Encontra Bebedouro\",\"headline\":\"Deliberadas as atribui\\u00e7\\u00f5es dos que v\\u00e3o trabalhar no carnaval de Bebedouro\",\"author\":{\"@id\":\"https:\\\/\\\/www.encontrabebedouro.com.br\\\/sobre\\\/author\\\/ebebedouro\\\/#author\"},\"publisher\":{\"@id\":\"https:\\\/\\\/www.encontrabebedouro.com.br\\\/sobre\\\/#organization\"},\"datePublished\":\"2012-02-13T00:19:51-02:00\",\"dateModified\":\"2019-04-29T17:13:31-03:00\",\"inLanguage\":\"pt-BR\",\"mainEntityOfPage\":{\"@id\":\"https:\\\/\\\/www.encontrabebedouro.com.br\\\/sobre\\\/deliberadas-as-atribuicoes-dos-que-vao-trabalhar-no-carnaval-de-bebedouro\\\/#webpage\"},\"isPartOf\":{\"@id\":\"https:\\\/\\\/www.encontrabebedouro.com.br\\\/sobre\\\/deliberadas-as-atribuicoes-dos-que-vao-trabalhar-no-carnaval-de-bebedouro\\\/#webpage\"},\"articleSection\":\"Not\\u00edcias Bebedouro\"},{\"@type\":\"BreadcrumbList\",\"@id\":\"https:\\\/\\\/www.encontrabebedouro.com.br\\\/sobre\\\/deliberadas-as-atribuicoes-dos-que-vao-trabalhar-no-carnaval-de-bebedouro\\\/#breadcrumblist\",\"itemListElement\":[{\"@type\":\"ListItem\",\"@id\":\"https:\\\/\\\/www.encontrabebedouro.com.br\\\/sobre#listItem\",\"position\":1,\"name\":\"Dom\\u00e9stica\",\"item\":\"https:\\\/\\\/www.encontrabebedouro.com.br\\\/sobre\",\"nextItem\":{\"@type\":\"ListItem\",\"@id\":\"https:\\\/\\\/www.encontrabebedouro.com.br\\\/sobre\\\/noticias-bebedouro\\\/#listItem\",\"name\":\"Not\\u00edcias Bebedouro\"}},{\"@type\":\"ListItem\",\"@id\":\"https:\\\/\\\/www.encontrabebedouro.com.br\\\/sobre\\\/noticias-bebedouro\\\/#listItem\",\"position\":2,\"name\":\"Not\\u00edcias Bebedouro\",\"item\":\"https:\\\/\\\/www.encontrabebedouro.com.br\\\/sobre\\\/noticias-bebedouro\\\/\",\"nextItem\":{\"@type\":\"ListItem\",\"@id\":\"https:\\\/\\\/www.encontrabebedouro.com.br\\\/sobre\\\/deliberadas-as-atribuicoes-dos-que-vao-trabalhar-no-carnaval-de-bebedouro\\\/#listItem\",\"name\":\"Deliberadas as atribui\\u00e7\\u00f5es dos que v\\u00e3o trabalhar no carnaval de Bebedouro\"},\"previousItem\":{\"@type\":\"ListItem\",\"@id\":\"https:\\\/\\\/www.encontrabebedouro.com.br\\\/sobre#listItem\",\"name\":\"Dom\\u00e9stica\"}},{\"@type\":\"ListItem\",\"@id\":\"https:\\\/\\\/www.encontrabebedouro.com.br\\\/sobre\\\/deliberadas-as-atribuicoes-dos-que-vao-trabalhar-no-carnaval-de-bebedouro\\\/#listItem\",\"position\":3,\"name\":\"Deliberadas as atribui\\u00e7\\u00f5es dos que v\\u00e3o trabalhar no carnaval de Bebedouro\",\"previousItem\":{\"@type\":\"ListItem\",\"@id\":\"https:\\\/\\\/www.encontrabebedouro.com.br\\\/sobre\\\/noticias-bebedouro\\\/#listItem\",\"name\":\"Not\\u00edcias Bebedouro\"}}]},{\"@type\":\"Organization\",\"@id\":\"https:\\\/\\\/www.encontrabebedouro.com.br\\\/sobre\\\/#organization\",\"name\":\"Encontra Bebedouro\",\"description\":\"Not\\u00edcias, eventos, informa\\u00e7\\u00f5es e dicas na cidade de Bebedouro e regi\\u00e3o\",\"url\":\"https:\\\/\\\/www.encontrabebedouro.com.br\\\/sobre\\\/\"},{\"@type\":\"Person\",\"@id\":\"https:\\\/\\\/www.encontrabebedouro.com.br\\\/sobre\\\/author\\\/ebebedouro\\\/#author\",\"url\":\"https:\\\/\\\/www.encontrabebedouro.com.br\\\/sobre\\\/author\\\/ebebedouro\\\/\",\"name\":\"Encontra Bebedouro\",\"image\":{\"@type\":\"ImageObject\",\"@id\":\"https:\\\/\\\/www.encontrabebedouro.com.br\\\/sobre\\\/deliberadas-as-atribuicoes-dos-que-vao-trabalhar-no-carnaval-de-bebedouro\\\/#authorImage\",\"url\":\"https:\\\/\\\/secure.gravatar.com\\\/avatar\\\/507340682b8270222e1f208e23198b6ae7e2c6a1033ae84e99bc6bce4f82a387?s=96&d=mm&r=g\",\"width\":96,\"height\":96,\"caption\":\"Encontra Bebedouro\"}},{\"@type\":\"WebPage\",\"@id\":\"https:\\\/\\\/www.encontrabebedouro.com.br\\\/sobre\\\/deliberadas-as-atribuicoes-dos-que-vao-trabalhar-no-carnaval-de-bebedouro\\\/#webpage\",\"url\":\"https:\\\/\\\/www.encontrabebedouro.com.br\\\/sobre\\\/deliberadas-as-atribuicoes-dos-que-vao-trabalhar-no-carnaval-de-bebedouro\\\/\",\"name\":\"Deliberadas as atribui\\u00e7\\u00f5es dos que v\\u00e3o trabalhar no carnaval de Bebedouro | Encontra Bebedouro\",\"description\":\"Diretores e coordenadores de departamentos da Prefeitura da cidade Bebedouro prosseguem com os preparativos para o carnaval 2012, cujas atividades estar\\u00e3o concentradas no Samb\\u00f3dromo, de 17 a 21 de fevereiro. Para discutirem assuntos relacionados \\u00e0 seguran\\u00e7a p\\u00fablica, sa\\u00fade, assist\\u00eancia social e apoio log\\u00edstico nas cinco noites do evento, nesta semana, na Prefeitura, reuniram-se representantes da\",\"inLanguage\":\"pt-BR\",\"isPartOf\":{\"@id\":\"https:\\\/\\\/www.encontrabebedouro.com.br\\\/sobre\\\/#website\"},\"breadcrumb\":{\"@id\":\"https:\\\/\\\/www.encontrabebedouro.com.br\\\/sobre\\\/deliberadas-as-atribuicoes-dos-que-vao-trabalhar-no-carnaval-de-bebedouro\\\/#breadcrumblist\"},\"author\":{\"@id\":\"https:\\\/\\\/www.encontrabebedouro.com.br\\\/sobre\\\/author\\\/ebebedouro\\\/#author\"},\"creator\":{\"@id\":\"https:\\\/\\\/www.encontrabebedouro.com.br\\\/sobre\\\/author\\\/ebebedouro\\\/#author\"},\"datePublished\":\"2012-02-13T00:19:51-02:00\",\"dateModified\":\"2019-04-29T17:13:31-03:00\"},{\"@type\":\"WebSite\",\"@id\":\"https:\\\/\\\/www.encontrabebedouro.com.br\\\/sobre\\\/#website\",\"url\":\"https:\\\/\\\/www.encontrabebedouro.com.br\\\/sobre\\\/\",\"name\":\"Encontra Bebedouro\",\"description\":\"Not\\u00edcias, eventos, informa\\u00e7\\u00f5es e dicas na cidade de Bebedouro e regi\\u00e3o\",\"inLanguage\":\"pt-BR\",\"publisher\":{\"@id\":\"https:\\\/\\\/www.encontrabebedouro.com.br\\\/sobre\\\/#organization\"}}]}\n\t\t<\/script>\n\t\t<!-- All in One SEO -->\n\n","aioseo_head_json":{"title":"Deliberadas as atribui\u00e7\u00f5es dos que v\u00e3o trabalhar no carnaval de Bebedouro | Encontra Bebedouro","description":"Diretores e coordenadores de departamentos da Prefeitura da cidade Bebedouro prosseguem com os preparativos para o carnaval 2012, cujas atividades estar\u00e3o concentradas no Samb\u00f3dromo, de 17 a 21 de fevereiro. Para discutirem assuntos relacionados \u00e0 seguran\u00e7a p\u00fablica, sa\u00fade, assist\u00eancia social e apoio log\u00edstico nas cinco noites do evento, nesta semana, na Prefeitura, reuniram-se representantes da","canonical_url":"https:\/\/www.encontrabebedouro.com.br\/sobre\/deliberadas-as-atribuicoes-dos-que-vao-trabalhar-no-carnaval-de-bebedouro\/","robots":"max-image-preview:large","keywords":"","webmasterTools":{"miscellaneous":""},"schema":{"@context":"https:\/\/schema.org","@graph":[{"@type":"Article","@id":"https:\/\/www.encontrabebedouro.com.br\/sobre\/deliberadas-as-atribuicoes-dos-que-vao-trabalhar-no-carnaval-de-bebedouro\/#article","name":"Deliberadas as atribui\u00e7\u00f5es dos que v\u00e3o trabalhar no carnaval de Bebedouro | Encontra Bebedouro","headline":"Deliberadas as atribui\u00e7\u00f5es dos que v\u00e3o trabalhar no carnaval de Bebedouro","author":{"@id":"https:\/\/www.encontrabebedouro.com.br\/sobre\/author\/ebebedouro\/#author"},"publisher":{"@id":"https:\/\/www.encontrabebedouro.com.br\/sobre\/#organization"},"datePublished":"2012-02-13T00:19:51-02:00","dateModified":"2019-04-29T17:13:31-03:00","inLanguage":"pt-BR","mainEntityOfPage":{"@id":"https:\/\/www.encontrabebedouro.com.br\/sobre\/deliberadas-as-atribuicoes-dos-que-vao-trabalhar-no-carnaval-de-bebedouro\/#webpage"},"isPartOf":{"@id":"https:\/\/www.encontrabebedouro.com.br\/sobre\/deliberadas-as-atribuicoes-dos-que-vao-trabalhar-no-carnaval-de-bebedouro\/#webpage"},"articleSection":"Not\u00edcias Bebedouro"},{"@type":"BreadcrumbList","@id":"https:\/\/www.encontrabebedouro.com.br\/sobre\/deliberadas-as-atribuicoes-dos-que-vao-trabalhar-no-carnaval-de-bebedouro\/#breadcrumblist","itemListElement":[{"@type":"ListItem","@id":"https:\/\/www.encontrabebedouro.com.br\/sobre#listItem","position":1,"name":"Dom\u00e9stica","item":"https:\/\/www.encontrabebedouro.com.br\/sobre","nextItem":{"@type":"ListItem","@id":"https:\/\/www.encontrabebedouro.com.br\/sobre\/noticias-bebedouro\/#listItem","name":"Not\u00edcias Bebedouro"}},{"@type":"ListItem","@id":"https:\/\/www.encontrabebedouro.com.br\/sobre\/noticias-bebedouro\/#listItem","position":2,"name":"Not\u00edcias Bebedouro","item":"https:\/\/www.encontrabebedouro.com.br\/sobre\/noticias-bebedouro\/","nextItem":{"@type":"ListItem","@id":"https:\/\/www.encontrabebedouro.com.br\/sobre\/deliberadas-as-atribuicoes-dos-que-vao-trabalhar-no-carnaval-de-bebedouro\/#listItem","name":"Deliberadas as atribui\u00e7\u00f5es dos que v\u00e3o trabalhar no carnaval de Bebedouro"},"previousItem":{"@type":"ListItem","@id":"https:\/\/www.encontrabebedouro.com.br\/sobre#listItem","name":"Dom\u00e9stica"}},{"@type":"ListItem","@id":"https:\/\/www.encontrabebedouro.com.br\/sobre\/deliberadas-as-atribuicoes-dos-que-vao-trabalhar-no-carnaval-de-bebedouro\/#listItem","position":3,"name":"Deliberadas as atribui\u00e7\u00f5es dos que v\u00e3o trabalhar no carnaval de Bebedouro","previousItem":{"@type":"ListItem","@id":"https:\/\/www.encontrabebedouro.com.br\/sobre\/noticias-bebedouro\/#listItem","name":"Not\u00edcias Bebedouro"}}]},{"@type":"Organization","@id":"https:\/\/www.encontrabebedouro.com.br\/sobre\/#organization","name":"Encontra Bebedouro","description":"Not\u00edcias, eventos, informa\u00e7\u00f5es e dicas na cidade de Bebedouro e regi\u00e3o","url":"https:\/\/www.encontrabebedouro.com.br\/sobre\/"},{"@type":"Person","@id":"https:\/\/www.encontrabebedouro.com.br\/sobre\/author\/ebebedouro\/#author","url":"https:\/\/www.encontrabebedouro.com.br\/sobre\/author\/ebebedouro\/","name":"Encontra Bebedouro","image":{"@type":"ImageObject","@id":"https:\/\/www.encontrabebedouro.com.br\/sobre\/deliberadas-as-atribuicoes-dos-que-vao-trabalhar-no-carnaval-de-bebedouro\/#authorImage","url":"https:\/\/secure.gravatar.com\/avatar\/507340682b8270222e1f208e23198b6ae7e2c6a1033ae84e99bc6bce4f82a387?s=96&d=mm&r=g","width":96,"height":96,"caption":"Encontra Bebedouro"}},{"@type":"WebPage","@id":"https:\/\/www.encontrabebedouro.com.br\/sobre\/deliberadas-as-atribuicoes-dos-que-vao-trabalhar-no-carnaval-de-bebedouro\/#webpage","url":"https:\/\/www.encontrabebedouro.com.br\/sobre\/deliberadas-as-atribuicoes-dos-que-vao-trabalhar-no-carnaval-de-bebedouro\/","name":"Deliberadas as atribui\u00e7\u00f5es dos que v\u00e3o trabalhar no carnaval de Bebedouro | Encontra Bebedouro","description":"Diretores e coordenadores de departamentos da Prefeitura da cidade Bebedouro prosseguem com os preparativos para o carnaval 2012, cujas atividades estar\u00e3o concentradas no Samb\u00f3dromo, de 17 a 21 de fevereiro. Para discutirem assuntos relacionados \u00e0 seguran\u00e7a p\u00fablica, sa\u00fade, assist\u00eancia social e apoio log\u00edstico nas cinco noites do evento, nesta semana, na Prefeitura, reuniram-se representantes da","inLanguage":"pt-BR","isPartOf":{"@id":"https:\/\/www.encontrabebedouro.com.br\/sobre\/#website"},"breadcrumb":{"@id":"https:\/\/www.encontrabebedouro.com.br\/sobre\/deliberadas-as-atribuicoes-dos-que-vao-trabalhar-no-carnaval-de-bebedouro\/#breadcrumblist"},"author":{"@id":"https:\/\/www.encontrabebedouro.com.br\/sobre\/author\/ebebedouro\/#author"},"creator":{"@id":"https:\/\/www.encontrabebedouro.com.br\/sobre\/author\/ebebedouro\/#author"},"datePublished":"2012-02-13T00:19:51-02:00","dateModified":"2019-04-29T17:13:31-03:00"},{"@type":"WebSite","@id":"https:\/\/www.encontrabebedouro.com.br\/sobre\/#website","url":"https:\/\/www.encontrabebedouro.com.br\/sobre\/","name":"Encontra Bebedouro","description":"Not\u00edcias, eventos, informa\u00e7\u00f5es e dicas na cidade de Bebedouro e regi\u00e3o","inLanguage":"pt-BR","publisher":{"@id":"https:\/\/www.encontrabebedouro.com.br\/sobre\/#organization"}}]},"og:locale":"pt_BR","og:site_name":"Encontra Bebedouro | Not\u00edcias, eventos, informa\u00e7\u00f5es e dicas na cidade de Bebedouro e regi\u00e3o","og:type":"article","og:title":"Deliberadas as atribui\u00e7\u00f5es dos que v\u00e3o trabalhar no carnaval de Bebedouro | Encontra Bebedouro","og:description":"Diretores e coordenadores de departamentos da Prefeitura da cidade Bebedouro prosseguem com os preparativos para o carnaval 2012, cujas atividades estar\u00e3o concentradas no Samb\u00f3dromo, de 17 a 21 de fevereiro. Para discutirem assuntos relacionados \u00e0 seguran\u00e7a p\u00fablica, sa\u00fade, assist\u00eancia social e apoio log\u00edstico nas cinco noites do evento, nesta semana, na Prefeitura, reuniram-se representantes da","og:url":"https:\/\/www.encontrabebedouro.com.br\/sobre\/deliberadas-as-atribuicoes-dos-que-vao-trabalhar-no-carnaval-de-bebedouro\/","article:published_time":"2012-02-13T02:19:51+00:00","article:modified_time":"2019-04-29T20:13:31+00:00","twitter:card":"summary_large_image","twitter:title":"Deliberadas as atribui\u00e7\u00f5es dos que v\u00e3o trabalhar no carnaval de Bebedouro | Encontra Bebedouro","twitter:description":"Diretores e coordenadores de departamentos da Prefeitura da cidade Bebedouro prosseguem com os preparativos para o carnaval 2012, cujas atividades estar\u00e3o concentradas no Samb\u00f3dromo, de 17 a 21 de fevereiro. Para discutirem assuntos relacionados \u00e0 seguran\u00e7a p\u00fablica, sa\u00fade, assist\u00eancia social e apoio log\u00edstico nas cinco noites do evento, nesta semana, na Prefeitura, reuniram-se representantes da"},"aioseo_meta_data":{"post_id":"128","title":null,"description":null,"keywords":null,"keyphrases":null,"primary_term":null,"canonical_url":null,"og_title":null,"og_description":null,"og_object_type":"default","og_image_type":"default","og_image_url":null,"og_image_width":null,"og_image_height":null,"og_image_custom_url":null,"og_image_custom_fields":null,"og_video":null,"og_custom_url":null,"og_article_section":null,"og_article_tags":null,"twitter_use_og":false,"twitter_card":"default","twitter_image_type":"default","twitter_image_url":null,"twitter_image_custom_url":null,"twitter_image_custom_fields":null,"twitter_title":null,"twitter_description":null,"schema":{"blockGraphs":[],"customGraphs":[],"default":{"data":{"Article":[],"Course":[],"Dataset":[],"FAQPage":[],"Movie":[],"Person":[],"Product":[],"ProductReview":[],"Car":[],"Recipe":[],"Service":[],"SoftwareApplication":[],"WebPage":[]},"graphName":"","isEnabled":true},"graphs":[]},"schema_type":"default","schema_type_options":null,"pillar_content":false,"robots_default":true,"robots_noindex":false,"robots_noarchive":false,"robots_nosnippet":false,"robots_nofollow":false,"robots_noimageindex":false,"robots_noodp":false,"robots_notranslate":false,"robots_max_snippet":null,"robots_max_videopreview":null,"robots_max_imagepreview":"large","priority":null,"frequency":null,"local_seo":null,"limit_modified_date":false,"created":"2023-09-27 20:25:34","updated":"2026-08-05 17:00:31","focus_keyword":null,"additional_keywords":null,"truseo_locale":null,"ai":null,"breadcrumb_settings":null,"seo_analyzer_scan_date":null},"aioseo_breadcrumb":"<div class=\"aioseo-breadcrumbs\"><span class=\"aioseo-breadcrumb\">\n\t\t\t<a href=\"https:\/\/www.encontrabebedouro.com.br\/sobre\" title=\"Dom\u00e9stica\">Dom\u00e9stica<\/a>\n\t\t<\/span><span class=\"aioseo-breadcrumb-separator\">&raquo;<\/span><span class=\"aioseo-breadcrumb\">\n\t\t\t<a href=\"https:\/\/www.encontrabebedouro.com.br\/sobre\/noticias-bebedouro\/\" title=\"Not\u00edcias Bebedouro\">Not\u00edcias Bebedouro<\/a>\n\t\t<\/span><span class=\"aioseo-breadcrumb-separator\">&raquo;<\/span><span class=\"aioseo-breadcrumb\">\n\t\t\tDeliberadas as atribui\u00e7\u00f5es dos que v\u00e3o trabalhar no carnaval de Bebedouro\n\t\t<\/span><\/div>","aioseo_breadcrumb_json":[{"label":"Dom\u00e9stica","link":"https:\/\/www.encontrabebedouro.com.br\/sobre"},{"label":"Not\u00edcias Bebedouro","link":"https:\/\/www.encontrabebedouro.com.br\/sobre\/noticias-bebedouro\/"},{"label":"Deliberadas as atribui\u00e7\u00f5es dos que v\u00e3o trabalhar no carnaval de Bebedouro","link":"https:\/\/www.encontrabebedouro.com.br\/sobre\/deliberadas-as-atribuicoes-dos-que-vao-trabalhar-no-carnaval-de-bebedouro\/"}],"_links":{"self":[{"href":"https:\/\/www.encontrabebedouro.com.br\/sobre\/wp-json\/wp\/v2\/posts\/128","targetHints":{"allow":["GET"]}}],"collection":[{"href":"https:\/\/www.encontrabebedouro.com.br\/sobre\/wp-json\/wp\/v2\/posts"}],"about":[{"href":"https:\/\/www.encontrabebedouro.com.br\/sobre\/wp-json\/wp\/v2\/types\/post"}],"author":[{"embeddable":true,"href":"https:\/\/www.encontrabebedouro.com.br\/sobre\/wp-json\/wp\/v2\/users\/1"}],"replies":[{"embeddable":true,"href":"https:\/\/www.encontrabebedouro.com.br\/sobre\/wp-json\/wp\/v2\/comments?post=128"}],"version-history":[{"count":0,"href":"https:\/\/www.encontrabebedouro.com.br\/sobre\/wp-json\/wp\/v2\/posts\/128\/revisions"}],"wp:attachment":[{"href":"https:\/\/www.encontrabebedouro.com.br\/sobre\/wp-json\/wp\/v2\/media?parent=128"}],"wp:term":[{"taxonomy":"category","embeddable":true,"href":"https:\/\/www.encontrabebedouro.com.br\/sobre\/wp-json\/wp\/v2\/categories?post=128"},{"taxonomy":"post_tag","embeddable":true,"href":"https:\/\/www.encontrabebedouro.com.br\/sobre\/wp-json\/wp\/v2\/tags?post=128"}],"curies":[{"name":"wp","href":"https:\/\/api.w.org\/{rel}","templated":true}]}}