{"id":1148,"date":"2014-01-21T10:43:31","date_gmt":"2014-01-21T12:43:31","guid":{"rendered":"http:\/\/www.encontrabebedouro.com.br\/noticias\/?p=1148"},"modified":"2019-04-29T17:11:37","modified_gmt":"2019-04-29T20:11:37","slug":"cine-cidade-em-bebedouro-durante-as-ferias","status":"publish","type":"post","link":"https:\/\/www.encontrabebedouro.com.br\/sobre\/cine-cidade-em-bebedouro-durante-as-ferias\/","title":{"rendered":"Cine Cidade em Bebedouro durante as f\u00e9rias"},"content":{"rendered":"<div class=\"e7593ce1d9603c7e10386aa266b728a9\" data-index=\"1\" style=\"float: left; margin: 15px 15px 15px 0;\">\n<!-- EBR \/Novo-Bairro\/ 300x250 - pub-85 -->\r\n<ins class=\"adsbygoogle\"\r\n     style=\"display:inline-block;width:300px;height:250px\"\r\n     data-ad-client=\"ca-pub-8585364105181520\"\r\n     data-ad-slot=\"4691134188\"><\/ins>\r\n<script>\r\n(adsbygoogle = window.adsbygoogle || []).push({});\r\n<\/script>\r\n\n<\/div>\n<p>A <a title=\"Prefeitura Municipal de Bebedouro\" href=\"http:\/\/www.encontrabebedouro.com.br\/bebedouro\/prefeitura-de-bebedouro.shtml\" target=\"_blank\" rel=\"noopener noreferrer\">Prefeitura Municipal de Bebedouro<\/a> atrav\u00e9s do DEMEC (Departamento Municipal de Educa\u00e7\u00e3o e Cultura), com o prop\u00f3sito de levar cultura e lazer aos bairros da nossa cidade, est\u00e1 promovendo mais duas sess\u00f5es do CINE CIDADE, agora durante as f\u00e9rias.<\/p>\n<p>Desta vez os bairros contemplados ser\u00e3o Alto da Boa Vista e Residencial Santaella.<\/p>\n<p>Na quinta-feira(23), a exibi\u00e7\u00e3o ser\u00e1 na EMEB Prof. Lelis do Amaral Campos, com o filme \u201cA Era do Gelo 4\u201d, e na sexta-feira (24), a EMEB Maria Fernanda Lopes Piffer ter\u00e1 a apresenta\u00e7\u00e3o do filme \u201cMeu Malvado Favorito 2\u201d, sendo ambas as sess\u00f5es realizadas \u00e0s 19:30h.<\/p>\n<p>As sess\u00f5es s\u00e3o gratuitas e as crian\u00e7as poder\u00e3o ir acompanhadas por familiares, pois o objetivo \u00e9 promover essa integra\u00e7\u00e3o entre as fam\u00edlias.<br \/>\n<img loading=\"lazy\" decoding=\"async\" style=\"border: 0px none;\" alt=\"\" src=\"http:\/\/www.bebedouro.sp.gov.br\/portal\/index.php\/component\/k2\/item\/download\/929_47d9efb63a8917750544c734f468dbb4\" width=\"440\" height=\"620\" border=\"0\" \/><\/p>\n\n<div style=\"font-size: 0px; height: 0px; line-height: 0px; margin: 0; padding: 0; clear: both;\"><\/div>","protected":false},"excerpt":{"rendered":"<p>A Prefeitura Municipal de Bebedouro atrav\u00e9s do DEMEC (Departamento Municipal de Educa\u00e7\u00e3o e Cultura), com o prop\u00f3sito de levar cultura e lazer aos bairros da nossa cidade, est\u00e1 promovendo mais duas sess\u00f5es do CINE CIDADE, agora durante as f\u00e9rias. Desta vez os bairros contemplados ser\u00e3o Alto da Boa Vista e Residencial Santaella. Na quinta-feira(23), a exibi\u00e7\u00e3o ser\u00e1 na EMEB Prof. Lelis do Amaral Campos, com o filme \u201cA Era do Gelo 4\u201d, e na sexta-feira (24), a EMEB Maria Fernanda Lopes Piffer ter\u00e1 a apresenta\u00e7\u00e3o do filme \u201cMeu Malvado Favorito 2\u201d, sendo ambas as sess\u00f5es realizadas \u00e0s 19:30h. As sess\u00f5es <\/p>\n","protected":false},"author":1,"featured_media":0,"comment_status":"open","ping_status":"closed","sticky":false,"template":"","format":"standard","meta":{"footnotes":""},"categories":[6],"tags":[],"class_list":["post-1148","post","type-post","status-publish","format-standard","hentry","category-noticias-bebedouro"],"aioseo_notices":[],"aioseo_head":"\n\t\t<!-- All in One SEO 5.0.0.1 - aioseo.com -->\n\t<meta name=\"description\" content=\"A Prefeitura Municipal de Bebedouro atrav\u00e9s do DEMEC (Departamento Municipal de Educa\u00e7\u00e3o e Cultura), com o prop\u00f3sito de levar cultura e lazer aos bairros da nossa cidade, est\u00e1 promovendo mais duas sess\u00f5es do CINE CIDADE, agora durante as f\u00e9rias. Desta vez os bairros contemplados ser\u00e3o Alto da Boa Vista e Residencial Santaella. Na quinta-feira(23), a\" \/>\n\t<meta name=\"robots\" content=\"max-image-preview:large\" \/>\n\t<meta name=\"author\" content=\"Encontra Bebedouro\"\/>\n\t<link rel=\"canonical\" href=\"https:\/\/www.encontrabebedouro.com.br\/sobre\/cine-cidade-em-bebedouro-durante-as-ferias\/\" \/>\n\t<meta name=\"generator\" content=\"All in One SEO (AIOSEO) 5.0.0.1\" \/>\n\t\t<meta property=\"og:locale\" content=\"pt_BR\" \/>\n\t\t<meta property=\"og:site_name\" content=\"Encontra Bebedouro | Not\u00edcias, eventos, informa\u00e7\u00f5es e dicas na cidade de Bebedouro e regi\u00e3o\" \/>\n\t\t<meta property=\"og:type\" content=\"article\" \/>\n\t\t<meta property=\"og:title\" content=\"Cine Cidade em Bebedouro durante as f\u00e9rias | Encontra Bebedouro\" \/>\n\t\t<meta property=\"og:description\" content=\"A Prefeitura Municipal de Bebedouro atrav\u00e9s do DEMEC (Departamento Municipal de Educa\u00e7\u00e3o e Cultura), com o prop\u00f3sito de levar cultura e lazer aos bairros da nossa cidade, est\u00e1 promovendo mais duas sess\u00f5es do CINE CIDADE, agora durante as f\u00e9rias. Desta vez os bairros contemplados ser\u00e3o Alto da Boa Vista e Residencial Santaella. Na quinta-feira(23), a\" \/>\n\t\t<meta property=\"og:url\" content=\"https:\/\/www.encontrabebedouro.com.br\/sobre\/cine-cidade-em-bebedouro-durante-as-ferias\/\" \/>\n\t\t<meta property=\"article:published_time\" content=\"2014-01-21T12:43:31+00:00\" \/>\n\t\t<meta property=\"article:modified_time\" content=\"2019-04-29T20:11:37+00:00\" \/>\n\t\t<meta name=\"twitter:card\" content=\"summary_large_image\" \/>\n\t\t<meta name=\"twitter:title\" content=\"Cine Cidade em Bebedouro durante as f\u00e9rias | Encontra Bebedouro\" \/>\n\t\t<meta name=\"twitter:description\" content=\"A Prefeitura Municipal de Bebedouro atrav\u00e9s do DEMEC (Departamento Municipal de Educa\u00e7\u00e3o e Cultura), com o prop\u00f3sito de levar cultura e lazer aos bairros da nossa cidade, est\u00e1 promovendo mais duas sess\u00f5es do CINE CIDADE, agora durante as f\u00e9rias. Desta vez os bairros contemplados ser\u00e3o Alto da Boa Vista e Residencial Santaella. Na quinta-feira(23), a\" \/>\n\t\t<script type=\"application\/ld+json\" class=\"aioseo-schema\">\n\t\t\t{\"@context\":\"https:\\\/\\\/schema.org\",\"@graph\":[{\"@type\":\"Article\",\"@id\":\"https:\\\/\\\/www.encontrabebedouro.com.br\\\/sobre\\\/cine-cidade-em-bebedouro-durante-as-ferias\\\/#article\",\"name\":\"Cine Cidade em Bebedouro durante as f\\u00e9rias | Encontra Bebedouro\",\"headline\":\"Cine Cidade em Bebedouro durante as f\\u00e9rias\",\"author\":{\"@id\":\"https:\\\/\\\/www.encontrabebedouro.com.br\\\/sobre\\\/author\\\/ebebedouro\\\/#author\"},\"publisher\":{\"@id\":\"https:\\\/\\\/www.encontrabebedouro.com.br\\\/sobre\\\/#organization\"},\"image\":{\"@type\":\"ImageObject\",\"url\":\"http:\\\/\\\/www.bebedouro.sp.gov.br\\\/portal\\\/index.php\\\/component\\\/k2\\\/item\\\/download\\\/929_47d9efb63a8917750544c734f468dbb4\",\"@id\":\"https:\\\/\\\/www.encontrabebedouro.com.br\\\/sobre\\\/cine-cidade-em-bebedouro-durante-as-ferias\\\/#articleImage\"},\"datePublished\":\"2014-01-21T10:43:31-02:00\",\"dateModified\":\"2019-04-29T17:11:37-03:00\",\"inLanguage\":\"pt-BR\",\"mainEntityOfPage\":{\"@id\":\"https:\\\/\\\/www.encontrabebedouro.com.br\\\/sobre\\\/cine-cidade-em-bebedouro-durante-as-ferias\\\/#webpage\"},\"isPartOf\":{\"@id\":\"https:\\\/\\\/www.encontrabebedouro.com.br\\\/sobre\\\/cine-cidade-em-bebedouro-durante-as-ferias\\\/#webpage\"},\"articleSection\":\"Not\\u00edcias Bebedouro\"},{\"@type\":\"BreadcrumbList\",\"@id\":\"https:\\\/\\\/www.encontrabebedouro.com.br\\\/sobre\\\/cine-cidade-em-bebedouro-durante-as-ferias\\\/#breadcrumblist\",\"itemListElement\":[{\"@type\":\"ListItem\",\"@id\":\"https:\\\/\\\/www.encontrabebedouro.com.br\\\/sobre#listItem\",\"position\":1,\"name\":\"Dom\\u00e9stica\",\"item\":\"https:\\\/\\\/www.encontrabebedouro.com.br\\\/sobre\",\"nextItem\":{\"@type\":\"ListItem\",\"@id\":\"https:\\\/\\\/www.encontrabebedouro.com.br\\\/sobre\\\/noticias-bebedouro\\\/#listItem\",\"name\":\"Not\\u00edcias Bebedouro\"}},{\"@type\":\"ListItem\",\"@id\":\"https:\\\/\\\/www.encontrabebedouro.com.br\\\/sobre\\\/noticias-bebedouro\\\/#listItem\",\"position\":2,\"name\":\"Not\\u00edcias Bebedouro\",\"item\":\"https:\\\/\\\/www.encontrabebedouro.com.br\\\/sobre\\\/noticias-bebedouro\\\/\",\"nextItem\":{\"@type\":\"ListItem\",\"@id\":\"https:\\\/\\\/www.encontrabebedouro.com.br\\\/sobre\\\/cine-cidade-em-bebedouro-durante-as-ferias\\\/#listItem\",\"name\":\"Cine Cidade em Bebedouro durante as f\\u00e9rias\"},\"previousItem\":{\"@type\":\"ListItem\",\"@id\":\"https:\\\/\\\/www.encontrabebedouro.com.br\\\/sobre#listItem\",\"name\":\"Dom\\u00e9stica\"}},{\"@type\":\"ListItem\",\"@id\":\"https:\\\/\\\/www.encontrabebedouro.com.br\\\/sobre\\\/cine-cidade-em-bebedouro-durante-as-ferias\\\/#listItem\",\"position\":3,\"name\":\"Cine Cidade em Bebedouro durante as f\\u00e9rias\",\"previousItem\":{\"@type\":\"ListItem\",\"@id\":\"https:\\\/\\\/www.encontrabebedouro.com.br\\\/sobre\\\/noticias-bebedouro\\\/#listItem\",\"name\":\"Not\\u00edcias Bebedouro\"}}]},{\"@type\":\"Organization\",\"@id\":\"https:\\\/\\\/www.encontrabebedouro.com.br\\\/sobre\\\/#organization\",\"name\":\"Encontra Bebedouro\",\"description\":\"Not\\u00edcias, eventos, informa\\u00e7\\u00f5es e dicas na cidade de Bebedouro e regi\\u00e3o\",\"url\":\"https:\\\/\\\/www.encontrabebedouro.com.br\\\/sobre\\\/\"},{\"@type\":\"Person\",\"@id\":\"https:\\\/\\\/www.encontrabebedouro.com.br\\\/sobre\\\/author\\\/ebebedouro\\\/#author\",\"url\":\"https:\\\/\\\/www.encontrabebedouro.com.br\\\/sobre\\\/author\\\/ebebedouro\\\/\",\"name\":\"Encontra Bebedouro\",\"image\":{\"@type\":\"ImageObject\",\"@id\":\"https:\\\/\\\/www.encontrabebedouro.com.br\\\/sobre\\\/cine-cidade-em-bebedouro-durante-as-ferias\\\/#authorImage\",\"url\":\"https:\\\/\\\/secure.gravatar.com\\\/avatar\\\/507340682b8270222e1f208e23198b6ae7e2c6a1033ae84e99bc6bce4f82a387?s=96&d=mm&r=g\",\"width\":96,\"height\":96,\"caption\":\"Encontra Bebedouro\"}},{\"@type\":\"WebPage\",\"@id\":\"https:\\\/\\\/www.encontrabebedouro.com.br\\\/sobre\\\/cine-cidade-em-bebedouro-durante-as-ferias\\\/#webpage\",\"url\":\"https:\\\/\\\/www.encontrabebedouro.com.br\\\/sobre\\\/cine-cidade-em-bebedouro-durante-as-ferias\\\/\",\"name\":\"Cine Cidade em Bebedouro durante as f\\u00e9rias | Encontra Bebedouro\",\"description\":\"A Prefeitura Municipal de Bebedouro atrav\\u00e9s do DEMEC (Departamento Municipal de Educa\\u00e7\\u00e3o e Cultura), com o prop\\u00f3sito de levar cultura e lazer aos bairros da nossa cidade, est\\u00e1 promovendo mais duas sess\\u00f5es do CINE CIDADE, agora durante as f\\u00e9rias. Desta vez os bairros contemplados ser\\u00e3o Alto da Boa Vista e Residencial Santaella. Na quinta-feira(23), a\",\"inLanguage\":\"pt-BR\",\"isPartOf\":{\"@id\":\"https:\\\/\\\/www.encontrabebedouro.com.br\\\/sobre\\\/#website\"},\"breadcrumb\":{\"@id\":\"https:\\\/\\\/www.encontrabebedouro.com.br\\\/sobre\\\/cine-cidade-em-bebedouro-durante-as-ferias\\\/#breadcrumblist\"},\"author\":{\"@id\":\"https:\\\/\\\/www.encontrabebedouro.com.br\\\/sobre\\\/author\\\/ebebedouro\\\/#author\"},\"creator\":{\"@id\":\"https:\\\/\\\/www.encontrabebedouro.com.br\\\/sobre\\\/author\\\/ebebedouro\\\/#author\"},\"datePublished\":\"2014-01-21T10:43:31-02:00\",\"dateModified\":\"2019-04-29T17:11:37-03:00\"},{\"@type\":\"WebSite\",\"@id\":\"https:\\\/\\\/www.encontrabebedouro.com.br\\\/sobre\\\/#website\",\"url\":\"https:\\\/\\\/www.encontrabebedouro.com.br\\\/sobre\\\/\",\"name\":\"Encontra Bebedouro\",\"description\":\"Not\\u00edcias, eventos, informa\\u00e7\\u00f5es e dicas na cidade de Bebedouro e regi\\u00e3o\",\"inLanguage\":\"pt-BR\",\"publisher\":{\"@id\":\"https:\\\/\\\/www.encontrabebedouro.com.br\\\/sobre\\\/#organization\"}}]}\n\t\t<\/script>\n\t\t<!-- All in One SEO -->\n\n","aioseo_head_json":{"title":"Cine Cidade em Bebedouro durante as f\u00e9rias | Encontra Bebedouro","description":"A Prefeitura Municipal de Bebedouro atrav\u00e9s do DEMEC (Departamento Municipal de Educa\u00e7\u00e3o e Cultura), com o prop\u00f3sito de levar cultura e lazer aos bairros da nossa cidade, est\u00e1 promovendo mais duas sess\u00f5es do CINE CIDADE, agora durante as f\u00e9rias. Desta vez os bairros contemplados ser\u00e3o Alto da Boa Vista e Residencial Santaella. Na quinta-feira(23), a","canonical_url":"https:\/\/www.encontrabebedouro.com.br\/sobre\/cine-cidade-em-bebedouro-durante-as-ferias\/","robots":"max-image-preview:large","keywords":"","webmasterTools":{"miscellaneous":""},"schema":{"@context":"https:\/\/schema.org","@graph":[{"@type":"Article","@id":"https:\/\/www.encontrabebedouro.com.br\/sobre\/cine-cidade-em-bebedouro-durante-as-ferias\/#article","name":"Cine Cidade em Bebedouro durante as f\u00e9rias | Encontra Bebedouro","headline":"Cine Cidade em Bebedouro durante as f\u00e9rias","author":{"@id":"https:\/\/www.encontrabebedouro.com.br\/sobre\/author\/ebebedouro\/#author"},"publisher":{"@id":"https:\/\/www.encontrabebedouro.com.br\/sobre\/#organization"},"image":{"@type":"ImageObject","url":"http:\/\/www.bebedouro.sp.gov.br\/portal\/index.php\/component\/k2\/item\/download\/929_47d9efb63a8917750544c734f468dbb4","@id":"https:\/\/www.encontrabebedouro.com.br\/sobre\/cine-cidade-em-bebedouro-durante-as-ferias\/#articleImage"},"datePublished":"2014-01-21T10:43:31-02:00","dateModified":"2019-04-29T17:11:37-03:00","inLanguage":"pt-BR","mainEntityOfPage":{"@id":"https:\/\/www.encontrabebedouro.com.br\/sobre\/cine-cidade-em-bebedouro-durante-as-ferias\/#webpage"},"isPartOf":{"@id":"https:\/\/www.encontrabebedouro.com.br\/sobre\/cine-cidade-em-bebedouro-durante-as-ferias\/#webpage"},"articleSection":"Not\u00edcias Bebedouro"},{"@type":"BreadcrumbList","@id":"https:\/\/www.encontrabebedouro.com.br\/sobre\/cine-cidade-em-bebedouro-durante-as-ferias\/#breadcrumblist","itemListElement":[{"@type":"ListItem","@id":"https:\/\/www.encontrabebedouro.com.br\/sobre#listItem","position":1,"name":"Dom\u00e9stica","item":"https:\/\/www.encontrabebedouro.com.br\/sobre","nextItem":{"@type":"ListItem","@id":"https:\/\/www.encontrabebedouro.com.br\/sobre\/noticias-bebedouro\/#listItem","name":"Not\u00edcias Bebedouro"}},{"@type":"ListItem","@id":"https:\/\/www.encontrabebedouro.com.br\/sobre\/noticias-bebedouro\/#listItem","position":2,"name":"Not\u00edcias Bebedouro","item":"https:\/\/www.encontrabebedouro.com.br\/sobre\/noticias-bebedouro\/","nextItem":{"@type":"ListItem","@id":"https:\/\/www.encontrabebedouro.com.br\/sobre\/cine-cidade-em-bebedouro-durante-as-ferias\/#listItem","name":"Cine Cidade em Bebedouro durante as f\u00e9rias"},"previousItem":{"@type":"ListItem","@id":"https:\/\/www.encontrabebedouro.com.br\/sobre#listItem","name":"Dom\u00e9stica"}},{"@type":"ListItem","@id":"https:\/\/www.encontrabebedouro.com.br\/sobre\/cine-cidade-em-bebedouro-durante-as-ferias\/#listItem","position":3,"name":"Cine Cidade em Bebedouro durante as f\u00e9rias","previousItem":{"@type":"ListItem","@id":"https:\/\/www.encontrabebedouro.com.br\/sobre\/noticias-bebedouro\/#listItem","name":"Not\u00edcias Bebedouro"}}]},{"@type":"Organization","@id":"https:\/\/www.encontrabebedouro.com.br\/sobre\/#organization","name":"Encontra Bebedouro","description":"Not\u00edcias, eventos, informa\u00e7\u00f5es e dicas na cidade de Bebedouro e regi\u00e3o","url":"https:\/\/www.encontrabebedouro.com.br\/sobre\/"},{"@type":"Person","@id":"https:\/\/www.encontrabebedouro.com.br\/sobre\/author\/ebebedouro\/#author","url":"https:\/\/www.encontrabebedouro.com.br\/sobre\/author\/ebebedouro\/","name":"Encontra Bebedouro","image":{"@type":"ImageObject","@id":"https:\/\/www.encontrabebedouro.com.br\/sobre\/cine-cidade-em-bebedouro-durante-as-ferias\/#authorImage","url":"https:\/\/secure.gravatar.com\/avatar\/507340682b8270222e1f208e23198b6ae7e2c6a1033ae84e99bc6bce4f82a387?s=96&d=mm&r=g","width":96,"height":96,"caption":"Encontra Bebedouro"}},{"@type":"WebPage","@id":"https:\/\/www.encontrabebedouro.com.br\/sobre\/cine-cidade-em-bebedouro-durante-as-ferias\/#webpage","url":"https:\/\/www.encontrabebedouro.com.br\/sobre\/cine-cidade-em-bebedouro-durante-as-ferias\/","name":"Cine Cidade em Bebedouro durante as f\u00e9rias | Encontra Bebedouro","description":"A Prefeitura Municipal de Bebedouro atrav\u00e9s do DEMEC (Departamento Municipal de Educa\u00e7\u00e3o e Cultura), com o prop\u00f3sito de levar cultura e lazer aos bairros da nossa cidade, est\u00e1 promovendo mais duas sess\u00f5es do CINE CIDADE, agora durante as f\u00e9rias. Desta vez os bairros contemplados ser\u00e3o Alto da Boa Vista e Residencial Santaella. Na quinta-feira(23), a","inLanguage":"pt-BR","isPartOf":{"@id":"https:\/\/www.encontrabebedouro.com.br\/sobre\/#website"},"breadcrumb":{"@id":"https:\/\/www.encontrabebedouro.com.br\/sobre\/cine-cidade-em-bebedouro-durante-as-ferias\/#breadcrumblist"},"author":{"@id":"https:\/\/www.encontrabebedouro.com.br\/sobre\/author\/ebebedouro\/#author"},"creator":{"@id":"https:\/\/www.encontrabebedouro.com.br\/sobre\/author\/ebebedouro\/#author"},"datePublished":"2014-01-21T10:43:31-02:00","dateModified":"2019-04-29T17:11:37-03:00"},{"@type":"WebSite","@id":"https:\/\/www.encontrabebedouro.com.br\/sobre\/#website","url":"https:\/\/www.encontrabebedouro.com.br\/sobre\/","name":"Encontra Bebedouro","description":"Not\u00edcias, eventos, informa\u00e7\u00f5es e dicas na cidade de Bebedouro e regi\u00e3o","inLanguage":"pt-BR","publisher":{"@id":"https:\/\/www.encontrabebedouro.com.br\/sobre\/#organization"}}]},"og:locale":"pt_BR","og:site_name":"Encontra Bebedouro | Not\u00edcias, eventos, informa\u00e7\u00f5es e dicas na cidade de Bebedouro e regi\u00e3o","og:type":"article","og:title":"Cine Cidade em Bebedouro durante as f\u00e9rias | Encontra Bebedouro","og:description":"A Prefeitura Municipal de Bebedouro atrav\u00e9s do DEMEC (Departamento Municipal de Educa\u00e7\u00e3o e Cultura), com o prop\u00f3sito de levar cultura e lazer aos bairros da nossa cidade, est\u00e1 promovendo mais duas sess\u00f5es do CINE CIDADE, agora durante as f\u00e9rias. Desta vez os bairros contemplados ser\u00e3o Alto da Boa Vista e Residencial Santaella. Na quinta-feira(23), a","og:url":"https:\/\/www.encontrabebedouro.com.br\/sobre\/cine-cidade-em-bebedouro-durante-as-ferias\/","article:published_time":"2014-01-21T12:43:31+00:00","article:modified_time":"2019-04-29T20:11:37+00:00","twitter:card":"summary_large_image","twitter:title":"Cine Cidade em Bebedouro durante as f\u00e9rias | Encontra Bebedouro","twitter:description":"A Prefeitura Municipal de Bebedouro atrav\u00e9s do DEMEC (Departamento Municipal de Educa\u00e7\u00e3o e Cultura), com o prop\u00f3sito de levar cultura e lazer aos bairros da nossa cidade, est\u00e1 promovendo mais duas sess\u00f5es do CINE CIDADE, agora durante as f\u00e9rias. Desta vez os bairros contemplados ser\u00e3o Alto da Boa Vista e Residencial Santaella. Na quinta-feira(23), a"},"aioseo_meta_data":{"post_id":"1148","title":null,"description":null,"keywords":null,"keyphrases":null,"primary_term":null,"canonical_url":null,"og_title":null,"og_description":null,"og_object_type":"default","og_image_type":"default","og_image_url":null,"og_image_width":null,"og_image_height":null,"og_image_custom_url":null,"og_image_custom_fields":null,"og_video":null,"og_custom_url":null,"og_article_section":null,"og_article_tags":null,"twitter_use_og":false,"twitter_card":"default","twitter_image_type":"default","twitter_image_url":null,"twitter_image_custom_url":null,"twitter_image_custom_fields":null,"twitter_title":null,"twitter_description":null,"schema":{"blockGraphs":[],"customGraphs":[],"default":{"data":{"Article":[],"Course":[],"Dataset":[],"FAQPage":[],"Movie":[],"Person":[],"Product":[],"ProductReview":[],"Car":[],"Recipe":[],"Service":[],"SoftwareApplication":[],"WebPage":[]},"graphName":"","isEnabled":true},"graphs":[]},"schema_type":"default","schema_type_options":null,"pillar_content":false,"robots_default":true,"robots_noindex":false,"robots_noarchive":false,"robots_nosnippet":false,"robots_nofollow":false,"robots_noimageindex":false,"robots_noodp":false,"robots_notranslate":false,"robots_max_snippet":null,"robots_max_videopreview":null,"robots_max_imagepreview":"large","priority":null,"frequency":null,"local_seo":null,"limit_modified_date":false,"created":"2023-09-27 19:29:10","updated":"2026-08-05 21:07:17","focus_keyword":null,"additional_keywords":null,"truseo_locale":null,"ai":null,"breadcrumb_settings":null,"seo_analyzer_scan_date":null},"aioseo_breadcrumb":"<div class=\"aioseo-breadcrumbs\"><span class=\"aioseo-breadcrumb\">\n\t\t\t<a href=\"https:\/\/www.encontrabebedouro.com.br\/sobre\" title=\"Dom\u00e9stica\">Dom\u00e9stica<\/a>\n\t\t<\/span><span class=\"aioseo-breadcrumb-separator\">&raquo;<\/span><span class=\"aioseo-breadcrumb\">\n\t\t\t<a href=\"https:\/\/www.encontrabebedouro.com.br\/sobre\/noticias-bebedouro\/\" title=\"Not\u00edcias Bebedouro\">Not\u00edcias Bebedouro<\/a>\n\t\t<\/span><span class=\"aioseo-breadcrumb-separator\">&raquo;<\/span><span class=\"aioseo-breadcrumb\">\n\t\t\tCine Cidade em Bebedouro durante as f\u00e9rias\n\t\t<\/span><\/div>","aioseo_breadcrumb_json":[{"label":"Dom\u00e9stica","link":"https:\/\/www.encontrabebedouro.com.br\/sobre"},{"label":"Not\u00edcias Bebedouro","link":"https:\/\/www.encontrabebedouro.com.br\/sobre\/noticias-bebedouro\/"},{"label":"Cine Cidade em Bebedouro durante as f\u00e9rias","link":"https:\/\/www.encontrabebedouro.com.br\/sobre\/cine-cidade-em-bebedouro-durante-as-ferias\/"}],"_links":{"self":[{"href":"https:\/\/www.encontrabebedouro.com.br\/sobre\/wp-json\/wp\/v2\/posts\/1148","targetHints":{"allow":["GET"]}}],"collection":[{"href":"https:\/\/www.encontrabebedouro.com.br\/sobre\/wp-json\/wp\/v2\/posts"}],"about":[{"href":"https:\/\/www.encontrabebedouro.com.br\/sobre\/wp-json\/wp\/v2\/types\/post"}],"author":[{"embeddable":true,"href":"https:\/\/www.encontrabebedouro.com.br\/sobre\/wp-json\/wp\/v2\/users\/1"}],"replies":[{"embeddable":true,"href":"https:\/\/www.encontrabebedouro.com.br\/sobre\/wp-json\/wp\/v2\/comments?post=1148"}],"version-history":[{"count":0,"href":"https:\/\/www.encontrabebedouro.com.br\/sobre\/wp-json\/wp\/v2\/posts\/1148\/revisions"}],"wp:attachment":[{"href":"https:\/\/www.encontrabebedouro.com.br\/sobre\/wp-json\/wp\/v2\/media?parent=1148"}],"wp:term":[{"taxonomy":"category","embeddable":true,"href":"https:\/\/www.encontrabebedouro.com.br\/sobre\/wp-json\/wp\/v2\/categories?post=1148"},{"taxonomy":"post_tag","embeddable":true,"href":"https:\/\/www.encontrabebedouro.com.br\/sobre\/wp-json\/wp\/v2\/tags?post=1148"}],"curies":[{"name":"wp","href":"https:\/\/api.w.org\/{rel}","templated":true}]}}