{"id":114,"date":"2012-02-03T08:45:31","date_gmt":"2012-02-03T10:45:31","guid":{"rendered":"http:\/\/www.encontrabebedouro.com.br\/noticias\/?p=114"},"modified":"2019-04-29T17:13:31","modified_gmt":"2019-04-29T20:13:31","slug":"inscricoes-para-projeto-guri-continuam-ate-o-dia-1002-em-bebedouro","status":"publish","type":"post","link":"https:\/\/www.encontrabebedouro.com.br\/sobre\/inscricoes-para-projeto-guri-continuam-ate-o-dia-1002-em-bebedouro\/","title":{"rendered":"Inscri\u00e7\u00f5es para Projeto Guri continuam at\u00e9 dia 10\/02 em Bebedouro"},"content":{"rendered":"<div class=\"e7593ce1d9603c7e10386aa266b728a9\" data-index=\"1\" style=\"float: left; margin: 15px 15px 15px 0;\">\n<!-- EBR \/Novo-Bairro\/ 300x250 - pub-85 -->\r\n<ins class=\"adsbygoogle\"\r\n     style=\"display:inline-block;width:300px;height:250px\"\r\n     data-ad-client=\"ca-pub-8585364105181520\"\r\n     data-ad-slot=\"4691134188\"><\/ins>\r\n<script>\r\n(adsbygoogle = window.adsbygoogle || []).push({});\r\n<\/script>\r\n\n<\/div>\n<div id=\"noticia-corpo\">\n<p>O projeto Guri est\u00e1 com 32 vagas abertas para cursos de m\u00fasica na regi\u00e3o de Ribeir\u00e3o Preto. As inscri\u00e7\u00f5es seguem at\u00e9 o dia 10 de fevereiro. Para se inscrever \u00e9 preciso ter entre 6 e 18 anos.<\/p>\n<p>Quem quiser participar deve ir \u00e0 sede do projeto em sua cidade, com os pais ou respons\u00e1veis,\u00a0levando RG ou certid\u00e3o de nascimento e comprovante de matr\u00edcula escolar.<\/p>\n<p>As aulas come\u00e7am no dia\u00a013 de fevereiro. N\u00e3o \u00e9 preciso ter conhecimento de m\u00fasica nem passar por sele\u00e7\u00e3o, apenas estar matriculado em alguma escola. As op\u00e7\u00f5es de cursos s\u00e3o: cursos de inicia\u00e7\u00e3o, teoria musical, coral e instrumentos de cordas, madeiras, sopro e percuss\u00e3o.<\/p>\n<p><strong>Confira a lista das sedes do projeto na regi\u00e3o:<\/strong><\/p>\n<p><strong>Encontra Ribeir\u00e3o Preto<\/strong><\/p>\n<p>Vagas: 91<br \/>\nCursos: canto coral, madeiras, metais, percuss\u00e3o, bateria, violino\/viola, violoncelo\/contrabaixo, piano ou teclado, guitarra, contrabaixo el\u00e9trico, viol\u00e3o e inicia\u00e7\u00e3o musical<br \/>\nFuncionamento: de segunda a sexta-feira, das 8h \u00e0s 11h e das 13h30 \u00e0s 18h<br \/>\nEndere\u00e7o: Rua Jo\u00e3o Penteado,\u00a0214<br \/>\nTelefone: (16) 3625-4361<\/p>\n<p><strong>Altin\u00f3polis<\/strong><\/p>\n<p>Vagas: 71<br \/>\nCursos: coral, percuss\u00e3o e viol\u00e3o<br \/>\nFuncionamento: ter\u00e7as e quintas-feiras, das 13h \u00e0s 17h<br \/>\nEndere\u00e7o: Rua Carlos Gomes,\u00a0170.<br \/>\nTelefone: (16) 3665-1777<\/p>\n<p><strong>Barrinha<\/strong><\/p>\n<p>Vagas: 28<br \/>\nCursos: viol\u00e3o; percuss\u00e3o, piano ou teclado<br \/>\nFuncionamento: quartas e sextas-feiras, das 13h30 \u00e0s 17h30<br \/>\nEndere\u00e7o: Avenida Dr. Gumercindo Velludo, 572.<br \/>\nTelefone: (16) 3943-3824<\/p>\n<p><strong>Batatais<\/strong><\/p>\n<p>Vagas: 68<br \/>\nCursos: canto coral, violino\/viola, violoncelo\/contrabaixo, percuss\u00e3o e bateria, madeiras e\u00a0metais<br \/>\nFuncionamento: segundas e quartas-feiras, das 13h30 \u00e0s 18h<br \/>\nEndere\u00e7o: Pra\u00e7a Bar\u00e3o do Rio Branco,\u00a001.<br \/>\nTelefone: (16) 3761-3220<\/p>\n<p><strong>Bebedouro<\/strong><\/p>\n<p>Vagas: 43<br \/>\nCursos: violino\/viola, contrabaixo\/violoncelo, percuss\u00e3o e bateria, metais e\u00a0madeiras<br \/>\nFuncionamento: ter\u00e7as e quintas-feiras, das 13h30 \u00e0s 18h<br \/>\nEndere\u00e7o: Rua Lamartine de Godoy,\u00a079.<br \/>\nTelefone: (17) 3343-9294<\/p>\n<p><strong>Brodowski<\/strong><\/p>\n<p>Vagas: 89<br \/>\nCursos: viol\u00e3o, viola caipira e\u00a0canto coral<br \/>\nFuncionamento: segundas e quartas-feiras, das 13h30 \u00e0s 17h30<br \/>\nEndere\u00e7o: Rua Ant\u00f4nio Alves Ferreira, S\/N.<br \/>\nTelefone: (16) 3664-3436<\/p>\n<p><strong>Cajuru<\/strong><\/p>\n<p>Vagas: 68<br \/>\nCursos: canto coral, viola caipira e\u00a0viol\u00e3o<br \/>\nFuncionamento: quartas e sextas-feiras, das 8h30 \u00e0s 11h30 e das 13h30 \u00e0s 17h30<br \/>\nEndere\u00e7o: Rua Sampaio Moreira,\u00a0420.<br \/>\nTelefone: (16) 3667-9960<\/p>\n<p><strong>Cravinhos<\/strong><\/p>\n<p>Vagas: 173<br \/>\nCursos: canto coral, viol\u00e3o, percuss\u00e3o e bateria, violino\/viola e\u00a0contrabaixo\/violoncelo<br \/>\nFuncionamento: segundas e quartas-feiras, das 8h30 \u00e0s 11h30 e das 13h30 \u00e0s 17h30<br \/>\nEndere\u00e7o: Avenida Fagundes,\u00a0199.<br \/>\nTelefone: (16) 3951-7533<\/p>\n<p><strong>Dumont<\/strong><\/p>\n<p>Vagas: 37<br \/>\nCursos: canto coral, viol\u00e3o e\u00a0percuss\u00e3o<br \/>\nFuncionamento: Segundas e Quartas-Feiras, das 13h30 \u00e0s 17h30<br \/>\nEndere\u00e7o: Rua Jos\u00e9 Bruno Decar\u00e9, 74.<br \/>\nTelefone: (16) 8119-9229<\/p>\n<p><strong>Franca<\/strong><\/p>\n<p>Vagas: 115<br \/>\nCursos: inicia\u00e7\u00e3o musical, viol\u00e3o, cavaco, viola caipira, canto coral, madeiras, metais, percuss\u00e3o e bateria, violino\/viola, violoncelo\/contrabaixo\u00a0e piano ou teclado<br \/>\nFuncionamento: segunda a sexta-feira, das 8h \u00e0s 18h30<br \/>\nEndere\u00e7o: Rua Ouvidor Freire,\u00a01317.<br \/>\nTelefone: (16) 3711-1742<\/p>\n<p><strong>Gua\u00edra<\/strong><\/p>\n<p>Vagas: 71<br \/>\nCursos: inicia\u00e7\u00e3o musical, percuss\u00e3o, viol\u00e3o e\u00a0canto coral<br \/>\nFuncionamento: segundas e quartas-feiras, das 13h30 \u00e0s 17h30<br \/>\nEndere\u00e7o: Avenida Vinte e Sete,\u00a0100<br \/>\nTelefone: (17) 3331-2044<\/p>\n<p><strong>Guaratinguet\u00e1<\/strong><\/p>\n<p>Vagas: 92<br \/>\nCursos: canto coral, viol\u00e3o, percuss\u00e3o\u00a0e\u00a0cavaco<br \/>\nFuncionamento: segundas e quartas-feiras, das 13h30 \u00e0s 17h30<br \/>\nEndere\u00e7o: Rua Jos\u00e9 Bonifacio, 20.<br \/>\nTelefone: (16) 3831-9879<\/p>\n<p><strong>Igarapava<\/strong><\/p>\n<p>Vagas: 62<br \/>\nCursos: canto coral, viol\u00e3o e\u00a0percuss\u00e3o<br \/>\nFuncionamento: ter\u00e7as e quintas-feiras, das 13h30 \u00e0s 17h30<br \/>\nEndere\u00e7o: Rua Custodia Ribeiro Soares, 793<br \/>\nTelefone: (16) 3172-6710<\/p>\n<p><strong>Itirapu\u00e3<\/strong><\/p>\n<p>Vagas: 34<br \/>\nCursos: piano ou teclado, viol\u00e3o e\u00a0percuss\u00e3o<br \/>\nFuncionamento: segundas e quartas-feiras, das 13h30 \u00e0s 17h30<br \/>\nEndere\u00e7o: Rua Mizael Franco, 4914.<br \/>\nTelefone: (16) 9219-5467<\/p>\n<p><strong>Ituverava<\/strong><\/p>\n<p>Vagas: 81<br \/>\nCursos: canto coral, viol\u00e3o, percuss\u00e3o e\u00a0piano ou teclado<br \/>\nFuncionamento: segundas e sextas-feiras, das 13h30 \u00e0s 17h30<br \/>\nEndere\u00e7o: Rua Xaraies, 50.<br \/>\nTelefone: (016) 3839-8424<\/p>\n<p><strong>Jaborandi<\/strong><\/p>\n<p>Vagas: 60<br \/>\nCursos: viol\u00e3o, percuss\u00e3o e canto coral<br \/>\nFuncionamento: segundas e quartas-feiras, das 13h30 \u00e0s 17h30<br \/>\nEndere\u00e7o: Rua In\u00e1cio Maximo Diniz Junqueira, 527.<br \/>\nTelefone: (17) 3347-1574<\/p>\n<p><strong>Jaboticabal<\/strong><\/p>\n<p>Vagas: 53<br \/>\nCursos: viol\u00e3o, canto coral, madeiras, metais, percuss\u00e3o e bateria, violino\/viola e\u00a0violoncelo\/contrabaixo<br \/>\nFuncionamento: ter\u00e7as e quintas-feiras, das 13h30 \u00e0s 18h<br \/>\nEndere\u00e7o: Rua Mizael de Campos, 202.<br \/>\nTelefone: (16) 3202-9161<\/p>\n<p><strong>Jeriquara<\/strong><\/p>\n<p>Vagas: 49<br \/>\nCursos: canto coral e viol\u00e3o<br \/>\nFuncionamento: segundas e quartas-feiras, das 13h30 \u00e0s 17h30<br \/>\nEndere\u00e7o: Avenida Perimetral, S\/N.<br \/>\nTelefone: (16) 9227-1072<\/p>\n<p><strong>Miguel\u00f3polis<\/strong><\/p>\n<p>Vagas: 40<br \/>\nCursos: canto coral, percuss\u00e3o e bateria, viol\u00e3o<br \/>\nFuncionamento: ter\u00e7as e quintas-feiras, das 13h30 \u00e0s 17h30<br \/>\nEndere\u00e7o: Avenida Jo\u00e3o Felisberto de Freitas, 322. CEP: 14530-000<br \/>\nTelefone: (16) 9316-2632<\/p>\n<p><strong>Monte Alto<\/strong><\/p>\n<p>Vagas: 23<br \/>\nCursos: canto coral, viol\u00e3o e\u00a0percuss\u00e3o<br \/>\nFuncionamento: ter\u00e7as e quintas-feiras, das 13h30 \u00e0s 17h30<br \/>\nEndere\u00e7o: Pra\u00e7a Centen\u00e1rio, S\/N.<br \/>\nTelefone: (16) 3242-7964<\/p>\n<p><strong>Monte Azul Paulista<\/strong><\/p>\n<p>Vagas: 93<br \/>\nCursos: canto coral, inicia\u00e7\u00e3o musical, percuss\u00e3o, violino\/viola, violoncelo\/contrabaixo e\u00a0viol\u00e3o<br \/>\nFuncionamento: segundas e quartas-feiras, das 13h30 \u00e0s 18h<br \/>\nEndere\u00e7o: Rua Marechal Deodoro,\u00a0 49.<br \/>\nTelefone: (17) 3361-3005<\/p>\n<p><strong>Morro Agudo<\/strong><\/p>\n<p>Vagas: 12<br \/>\nCursos: canto coral, percuss\u00e3o e bateria, viol\u00e3o e\u00a0cavaco<br \/>\nFuncionamento: ter\u00e7as e quintas-feiras, das 13h30 \u00e0s 17h30<br \/>\nEndere\u00e7o: Avenida S\u00e3o Jos\u00e9,\u00a01615.<br \/>\nTelefone: (16) 3851-4463<\/p>\n<p><strong>Orl\u00e2ndia<\/strong><\/p>\n<p>Vagas: 63<br \/>\nCursos: canto coral, percuss\u00e3o e bateria, viol\u00e3o, madeiras, metais, violino\/viola e\u00a0violoncelo\/contrabaixo<br \/>\nFuncionamento: segundas e quartas-feiras, das 14h \u00e0s 18h30<br \/>\nEndere\u00e7o: Avenida H, 1411<br \/>\nTelefone: (16) 3726-3134<\/p>\n<p><strong>Pitangueiras<\/strong><\/p>\n<p>Vagas: 68<br \/>\nCursos: canto coral, percuss\u00e3o e bateria e\u00a0viol\u00e3o<br \/>\nFuncionamento: segundas e quartas-Feiras, das 13h30 \u00e0s 17h30<br \/>\nEndere\u00e7o: Rua Paran\u00e1, 509.<br \/>\nTelefone: (16) 3952-4494<\/p>\n<p><strong>Santa Cruz da Esperan\u00e7a<\/strong><br \/>\nVagas: 30<br \/>\nCursos: viol\u00e3o<br \/>\nFuncionamento: ter\u00e7as e quintas-feiras, das 13h30 \u00e0s 17h30<br \/>\nEndere\u00e7o: Rua Horacio Roberto Nascimento, 900.<br \/>\nTelefone: (16) 3666-1803<\/p>\n<p><strong>Santa Rosa do Viterbo<\/strong><\/p>\n<p>Vagas: 22<br \/>\nCursos: canto coral, viol\u00e3o, percuss\u00e3o<br \/>\nFuncionamento: segundas e quartas-feiras, das 13h30 \u00e0s 17h30<br \/>\nEndere\u00e7o: Pra\u00e7a Ant\u00f4nio de Souza Figueira, s\/n\u00ba.<br \/>\nTelefone: (16) 3954-8865<\/p>\n<p><strong>S\u00e3o Joaquim da Barra<\/strong><\/p>\n<p>Vagas: 38<br \/>\nCursos: canto coral, viol\u00e3o, percuss\u00e3o e cavaco<br \/>\nFuncionamento: ter\u00e7as e quintas-feiras, das 13h30 \u00e0s 17h30<br \/>\nEndere\u00e7o: Rua Rio de Janeiro, 930.<br \/>\nTelefone: (16) 3818-2067<br \/>\n<strong><br \/>\nS\u00e3o Sim\u00e3o<\/strong><\/p>\n<p>Vagas: 14<br \/>\nCursos: canto coral, percuss\u00e3o e bateria e viol\u00e3o<br \/>\nFuncionamento: ter\u00e7a a quinta-feira, das 12h30 \u00e0s 16h30<br \/>\nEndere\u00e7o: Rua Martinho Prado Junior, 1463.<br \/>\nTelefone: (16) 9777-0030<\/p>\n<p><strong>Serrana<\/strong><\/p>\n<p>Vagas: 50<br \/>\nCursos: canto coral, inicia\u00e7\u00e3o musical, percuss\u00e3o e bateria e\u00a0viol\u00e3o<br \/>\nFuncionamento: ter\u00e7as e quintas-feiras, das 13h30 \u00e0s 17h30<br \/>\nEndere\u00e7o: Rua Deputado Jo\u00e3o Cunha, S\/N.<br \/>\nTelefone: (16) 9323-1441<\/p>\n<p><strong>Encontra Sert\u00e3ozinho<\/strong><\/p>\n<p>Vagas: 62<br \/>\nCursos: violino\/viola, violoncelo\/contrabaixo, percuss\u00e3o e bateria, metais, madeiras e canto coral<br \/>\nFuncionamento: ter\u00e7as e quintas-feiras, das 13h30 \u00e0s 18h<br \/>\nEndere\u00e7o: Rua Carlos Gomes,\u00a0572.<br \/>\nTelefone: (16) 3942-6953<\/p>\n<p><strong>Viradouro<\/strong><\/p>\n<p>Vagas: 41<br \/>\nCursos: percuss\u00e3o e viol\u00e3o<br \/>\nFuncionamento: ter\u00e7as e quintas-feiras, das 13h \u00e0s 17h<br \/>\nEndere\u00e7o: Pra\u00e7a. Francisco Braga,\u00a074.<br \/>\nTelefone: (17) 3392-8848.<\/p>\n<p><em>Fonte: Eptv.com<\/em><\/p>\n<\/div>\n\n<div style=\"font-size: 0px; height: 0px; line-height: 0px; margin: 0; padding: 0; clear: both;\"><\/div>","protected":false},"excerpt":{"rendered":"<p>O projeto Guri est\u00e1 com 32 vagas abertas para cursos de m\u00fasica na regi\u00e3o de Ribeir\u00e3o Preto. As inscri\u00e7\u00f5es seguem at\u00e9 o dia 10 de fevereiro. Para se inscrever \u00e9 preciso ter entre 6 e 18 anos. Quem quiser participar deve ir \u00e0 sede do projeto em sua cidade, com os pais ou respons\u00e1veis,\u00a0levando RG ou certid\u00e3o de nascimento e comprovante de matr\u00edcula escolar. As aulas come\u00e7am no dia\u00a013 de fevereiro. N\u00e3o \u00e9 preciso ter conhecimento de m\u00fasica nem passar por sele\u00e7\u00e3o, apenas estar matriculado em alguma escola. As op\u00e7\u00f5es de cursos s\u00e3o: cursos de inicia\u00e7\u00e3o, teoria musical, coral e <\/p>\n","protected":false},"author":1,"featured_media":0,"comment_status":"open","ping_status":"closed","sticky":false,"template":"","format":"standard","meta":{"footnotes":""},"categories":[6],"tags":[],"class_list":["post-114","post","type-post","status-publish","format-standard","hentry","category-noticias-bebedouro"],"aioseo_notices":[],"aioseo_head":"\n\t\t<!-- All in One SEO 5.0.0.1 - aioseo.com -->\n\t<meta name=\"description\" content=\"O projeto Guri est\u00e1 com 32 vagas abertas para cursos de m\u00fasica na regi\u00e3o de Ribeir\u00e3o Preto. As inscri\u00e7\u00f5es seguem at\u00e9 o dia 10 de fevereiro. Para se inscrever \u00e9 preciso ter entre 6 e 18 anos. Quem quiser participar deve ir \u00e0 sede do projeto em sua cidade, com os pais ou respons\u00e1veis, levando RG\" \/>\n\t<meta name=\"robots\" content=\"max-image-preview:large\" \/>\n\t<meta name=\"author\" content=\"Encontra Bebedouro\"\/>\n\t<link rel=\"canonical\" href=\"https:\/\/www.encontrabebedouro.com.br\/sobre\/inscricoes-para-projeto-guri-continuam-ate-o-dia-1002-em-bebedouro\/\" \/>\n\t<meta name=\"generator\" content=\"All in One SEO (AIOSEO) 5.0.0.1\" \/>\n\t\t<meta property=\"og:locale\" content=\"pt_BR\" \/>\n\t\t<meta property=\"og:site_name\" content=\"Encontra Bebedouro | Not\u00edcias, eventos, informa\u00e7\u00f5es e dicas na cidade de Bebedouro e regi\u00e3o\" \/>\n\t\t<meta property=\"og:type\" content=\"article\" \/>\n\t\t<meta property=\"og:title\" content=\"Inscri\u00e7\u00f5es para Projeto Guri continuam at\u00e9 dia 10\/02 em Bebedouro | Encontra Bebedouro\" \/>\n\t\t<meta property=\"og:description\" content=\"O projeto Guri est\u00e1 com 32 vagas abertas para cursos de m\u00fasica na regi\u00e3o de Ribeir\u00e3o Preto. As inscri\u00e7\u00f5es seguem at\u00e9 o dia 10 de fevereiro. Para se inscrever \u00e9 preciso ter entre 6 e 18 anos. Quem quiser participar deve ir \u00e0 sede do projeto em sua cidade, com os pais ou respons\u00e1veis, levando RG\" \/>\n\t\t<meta property=\"og:url\" content=\"https:\/\/www.encontrabebedouro.com.br\/sobre\/inscricoes-para-projeto-guri-continuam-ate-o-dia-1002-em-bebedouro\/\" \/>\n\t\t<meta property=\"article:published_time\" content=\"2012-02-03T10:45:31+00:00\" \/>\n\t\t<meta property=\"article:modified_time\" content=\"2019-04-29T20:13:31+00:00\" \/>\n\t\t<meta name=\"twitter:card\" content=\"summary_large_image\" \/>\n\t\t<meta name=\"twitter:title\" content=\"Inscri\u00e7\u00f5es para Projeto Guri continuam at\u00e9 dia 10\/02 em Bebedouro | Encontra Bebedouro\" \/>\n\t\t<meta name=\"twitter:description\" content=\"O projeto Guri est\u00e1 com 32 vagas abertas para cursos de m\u00fasica na regi\u00e3o de Ribeir\u00e3o Preto. As inscri\u00e7\u00f5es seguem at\u00e9 o dia 10 de fevereiro. Para se inscrever \u00e9 preciso ter entre 6 e 18 anos. Quem quiser participar deve ir \u00e0 sede do projeto em sua cidade, com os pais ou respons\u00e1veis, levando RG\" \/>\n\t\t<script type=\"application\/ld+json\" class=\"aioseo-schema\">\n\t\t\t{\"@context\":\"https:\\\/\\\/schema.org\",\"@graph\":[{\"@type\":\"Article\",\"@id\":\"https:\\\/\\\/www.encontrabebedouro.com.br\\\/sobre\\\/inscricoes-para-projeto-guri-continuam-ate-o-dia-1002-em-bebedouro\\\/#article\",\"name\":\"Inscri\\u00e7\\u00f5es para Projeto Guri continuam at\\u00e9 dia 10\\\/02 em Bebedouro | Encontra Bebedouro\",\"headline\":\"Inscri\\u00e7\\u00f5es para Projeto Guri continuam at\\u00e9 dia 10\\\/02 em Bebedouro\",\"author\":{\"@id\":\"https:\\\/\\\/www.encontrabebedouro.com.br\\\/sobre\\\/author\\\/ebebedouro\\\/#author\"},\"publisher\":{\"@id\":\"https:\\\/\\\/www.encontrabebedouro.com.br\\\/sobre\\\/#organization\"},\"datePublished\":\"2012-02-03T08:45:31-02:00\",\"dateModified\":\"2019-04-29T17:13:31-03:00\",\"inLanguage\":\"pt-BR\",\"mainEntityOfPage\":{\"@id\":\"https:\\\/\\\/www.encontrabebedouro.com.br\\\/sobre\\\/inscricoes-para-projeto-guri-continuam-ate-o-dia-1002-em-bebedouro\\\/#webpage\"},\"isPartOf\":{\"@id\":\"https:\\\/\\\/www.encontrabebedouro.com.br\\\/sobre\\\/inscricoes-para-projeto-guri-continuam-ate-o-dia-1002-em-bebedouro\\\/#webpage\"},\"articleSection\":\"Not\\u00edcias Bebedouro\"},{\"@type\":\"BreadcrumbList\",\"@id\":\"https:\\\/\\\/www.encontrabebedouro.com.br\\\/sobre\\\/inscricoes-para-projeto-guri-continuam-ate-o-dia-1002-em-bebedouro\\\/#breadcrumblist\",\"itemListElement\":[{\"@type\":\"ListItem\",\"@id\":\"https:\\\/\\\/www.encontrabebedouro.com.br\\\/sobre#listItem\",\"position\":1,\"name\":\"Dom\\u00e9stica\",\"item\":\"https:\\\/\\\/www.encontrabebedouro.com.br\\\/sobre\",\"nextItem\":{\"@type\":\"ListItem\",\"@id\":\"https:\\\/\\\/www.encontrabebedouro.com.br\\\/sobre\\\/noticias-bebedouro\\\/#listItem\",\"name\":\"Not\\u00edcias Bebedouro\"}},{\"@type\":\"ListItem\",\"@id\":\"https:\\\/\\\/www.encontrabebedouro.com.br\\\/sobre\\\/noticias-bebedouro\\\/#listItem\",\"position\":2,\"name\":\"Not\\u00edcias Bebedouro\",\"item\":\"https:\\\/\\\/www.encontrabebedouro.com.br\\\/sobre\\\/noticias-bebedouro\\\/\",\"nextItem\":{\"@type\":\"ListItem\",\"@id\":\"https:\\\/\\\/www.encontrabebedouro.com.br\\\/sobre\\\/inscricoes-para-projeto-guri-continuam-ate-o-dia-1002-em-bebedouro\\\/#listItem\",\"name\":\"Inscri\\u00e7\\u00f5es para Projeto Guri continuam at\\u00e9 dia 10\\\/02 em Bebedouro\"},\"previousItem\":{\"@type\":\"ListItem\",\"@id\":\"https:\\\/\\\/www.encontrabebedouro.com.br\\\/sobre#listItem\",\"name\":\"Dom\\u00e9stica\"}},{\"@type\":\"ListItem\",\"@id\":\"https:\\\/\\\/www.encontrabebedouro.com.br\\\/sobre\\\/inscricoes-para-projeto-guri-continuam-ate-o-dia-1002-em-bebedouro\\\/#listItem\",\"position\":3,\"name\":\"Inscri\\u00e7\\u00f5es para Projeto Guri continuam at\\u00e9 dia 10\\\/02 em Bebedouro\",\"previousItem\":{\"@type\":\"ListItem\",\"@id\":\"https:\\\/\\\/www.encontrabebedouro.com.br\\\/sobre\\\/noticias-bebedouro\\\/#listItem\",\"name\":\"Not\\u00edcias Bebedouro\"}}]},{\"@type\":\"Organization\",\"@id\":\"https:\\\/\\\/www.encontrabebedouro.com.br\\\/sobre\\\/#organization\",\"name\":\"Encontra Bebedouro\",\"description\":\"Not\\u00edcias, eventos, informa\\u00e7\\u00f5es e dicas na cidade de Bebedouro e regi\\u00e3o\",\"url\":\"https:\\\/\\\/www.encontrabebedouro.com.br\\\/sobre\\\/\"},{\"@type\":\"Person\",\"@id\":\"https:\\\/\\\/www.encontrabebedouro.com.br\\\/sobre\\\/author\\\/ebebedouro\\\/#author\",\"url\":\"https:\\\/\\\/www.encontrabebedouro.com.br\\\/sobre\\\/author\\\/ebebedouro\\\/\",\"name\":\"Encontra Bebedouro\",\"image\":{\"@type\":\"ImageObject\",\"@id\":\"https:\\\/\\\/www.encontrabebedouro.com.br\\\/sobre\\\/inscricoes-para-projeto-guri-continuam-ate-o-dia-1002-em-bebedouro\\\/#authorImage\",\"url\":\"https:\\\/\\\/secure.gravatar.com\\\/avatar\\\/507340682b8270222e1f208e23198b6ae7e2c6a1033ae84e99bc6bce4f82a387?s=96&d=mm&r=g\",\"width\":96,\"height\":96,\"caption\":\"Encontra Bebedouro\"}},{\"@type\":\"WebPage\",\"@id\":\"https:\\\/\\\/www.encontrabebedouro.com.br\\\/sobre\\\/inscricoes-para-projeto-guri-continuam-ate-o-dia-1002-em-bebedouro\\\/#webpage\",\"url\":\"https:\\\/\\\/www.encontrabebedouro.com.br\\\/sobre\\\/inscricoes-para-projeto-guri-continuam-ate-o-dia-1002-em-bebedouro\\\/\",\"name\":\"Inscri\\u00e7\\u00f5es para Projeto Guri continuam at\\u00e9 dia 10\\\/02 em Bebedouro | Encontra Bebedouro\",\"description\":\"O projeto Guri est\\u00e1 com 32 vagas abertas para cursos de m\\u00fasica na regi\\u00e3o de Ribeir\\u00e3o Preto. As inscri\\u00e7\\u00f5es seguem at\\u00e9 o dia 10 de fevereiro. Para se inscrever \\u00e9 preciso ter entre 6 e 18 anos. Quem quiser participar deve ir \\u00e0 sede do projeto em sua cidade, com os pais ou respons\\u00e1veis, levando RG\",\"inLanguage\":\"pt-BR\",\"isPartOf\":{\"@id\":\"https:\\\/\\\/www.encontrabebedouro.com.br\\\/sobre\\\/#website\"},\"breadcrumb\":{\"@id\":\"https:\\\/\\\/www.encontrabebedouro.com.br\\\/sobre\\\/inscricoes-para-projeto-guri-continuam-ate-o-dia-1002-em-bebedouro\\\/#breadcrumblist\"},\"author\":{\"@id\":\"https:\\\/\\\/www.encontrabebedouro.com.br\\\/sobre\\\/author\\\/ebebedouro\\\/#author\"},\"creator\":{\"@id\":\"https:\\\/\\\/www.encontrabebedouro.com.br\\\/sobre\\\/author\\\/ebebedouro\\\/#author\"},\"datePublished\":\"2012-02-03T08:45:31-02:00\",\"dateModified\":\"2019-04-29T17:13:31-03:00\"},{\"@type\":\"WebSite\",\"@id\":\"https:\\\/\\\/www.encontrabebedouro.com.br\\\/sobre\\\/#website\",\"url\":\"https:\\\/\\\/www.encontrabebedouro.com.br\\\/sobre\\\/\",\"name\":\"Encontra Bebedouro\",\"description\":\"Not\\u00edcias, eventos, informa\\u00e7\\u00f5es e dicas na cidade de Bebedouro e regi\\u00e3o\",\"inLanguage\":\"pt-BR\",\"publisher\":{\"@id\":\"https:\\\/\\\/www.encontrabebedouro.com.br\\\/sobre\\\/#organization\"}}]}\n\t\t<\/script>\n\t\t<!-- All in One SEO -->\n\n","aioseo_head_json":{"title":"Inscri\u00e7\u00f5es para Projeto Guri continuam at\u00e9 dia 10\/02 em Bebedouro | Encontra Bebedouro","description":"O projeto Guri est\u00e1 com 32 vagas abertas para cursos de m\u00fasica na regi\u00e3o de Ribeir\u00e3o Preto. As inscri\u00e7\u00f5es seguem at\u00e9 o dia 10 de fevereiro. Para se inscrever \u00e9 preciso ter entre 6 e 18 anos. Quem quiser participar deve ir \u00e0 sede do projeto em sua cidade, com os pais ou respons\u00e1veis, levando RG","canonical_url":"https:\/\/www.encontrabebedouro.com.br\/sobre\/inscricoes-para-projeto-guri-continuam-ate-o-dia-1002-em-bebedouro\/","robots":"max-image-preview:large","keywords":"","webmasterTools":{"miscellaneous":""},"schema":{"@context":"https:\/\/schema.org","@graph":[{"@type":"Article","@id":"https:\/\/www.encontrabebedouro.com.br\/sobre\/inscricoes-para-projeto-guri-continuam-ate-o-dia-1002-em-bebedouro\/#article","name":"Inscri\u00e7\u00f5es para Projeto Guri continuam at\u00e9 dia 10\/02 em Bebedouro | Encontra Bebedouro","headline":"Inscri\u00e7\u00f5es para Projeto Guri continuam at\u00e9 dia 10\/02 em Bebedouro","author":{"@id":"https:\/\/www.encontrabebedouro.com.br\/sobre\/author\/ebebedouro\/#author"},"publisher":{"@id":"https:\/\/www.encontrabebedouro.com.br\/sobre\/#organization"},"datePublished":"2012-02-03T08:45:31-02:00","dateModified":"2019-04-29T17:13:31-03:00","inLanguage":"pt-BR","mainEntityOfPage":{"@id":"https:\/\/www.encontrabebedouro.com.br\/sobre\/inscricoes-para-projeto-guri-continuam-ate-o-dia-1002-em-bebedouro\/#webpage"},"isPartOf":{"@id":"https:\/\/www.encontrabebedouro.com.br\/sobre\/inscricoes-para-projeto-guri-continuam-ate-o-dia-1002-em-bebedouro\/#webpage"},"articleSection":"Not\u00edcias Bebedouro"},{"@type":"BreadcrumbList","@id":"https:\/\/www.encontrabebedouro.com.br\/sobre\/inscricoes-para-projeto-guri-continuam-ate-o-dia-1002-em-bebedouro\/#breadcrumblist","itemListElement":[{"@type":"ListItem","@id":"https:\/\/www.encontrabebedouro.com.br\/sobre#listItem","position":1,"name":"Dom\u00e9stica","item":"https:\/\/www.encontrabebedouro.com.br\/sobre","nextItem":{"@type":"ListItem","@id":"https:\/\/www.encontrabebedouro.com.br\/sobre\/noticias-bebedouro\/#listItem","name":"Not\u00edcias Bebedouro"}},{"@type":"ListItem","@id":"https:\/\/www.encontrabebedouro.com.br\/sobre\/noticias-bebedouro\/#listItem","position":2,"name":"Not\u00edcias Bebedouro","item":"https:\/\/www.encontrabebedouro.com.br\/sobre\/noticias-bebedouro\/","nextItem":{"@type":"ListItem","@id":"https:\/\/www.encontrabebedouro.com.br\/sobre\/inscricoes-para-projeto-guri-continuam-ate-o-dia-1002-em-bebedouro\/#listItem","name":"Inscri\u00e7\u00f5es para Projeto Guri continuam at\u00e9 dia 10\/02 em Bebedouro"},"previousItem":{"@type":"ListItem","@id":"https:\/\/www.encontrabebedouro.com.br\/sobre#listItem","name":"Dom\u00e9stica"}},{"@type":"ListItem","@id":"https:\/\/www.encontrabebedouro.com.br\/sobre\/inscricoes-para-projeto-guri-continuam-ate-o-dia-1002-em-bebedouro\/#listItem","position":3,"name":"Inscri\u00e7\u00f5es para Projeto Guri continuam at\u00e9 dia 10\/02 em Bebedouro","previousItem":{"@type":"ListItem","@id":"https:\/\/www.encontrabebedouro.com.br\/sobre\/noticias-bebedouro\/#listItem","name":"Not\u00edcias Bebedouro"}}]},{"@type":"Organization","@id":"https:\/\/www.encontrabebedouro.com.br\/sobre\/#organization","name":"Encontra Bebedouro","description":"Not\u00edcias, eventos, informa\u00e7\u00f5es e dicas na cidade de Bebedouro e regi\u00e3o","url":"https:\/\/www.encontrabebedouro.com.br\/sobre\/"},{"@type":"Person","@id":"https:\/\/www.encontrabebedouro.com.br\/sobre\/author\/ebebedouro\/#author","url":"https:\/\/www.encontrabebedouro.com.br\/sobre\/author\/ebebedouro\/","name":"Encontra Bebedouro","image":{"@type":"ImageObject","@id":"https:\/\/www.encontrabebedouro.com.br\/sobre\/inscricoes-para-projeto-guri-continuam-ate-o-dia-1002-em-bebedouro\/#authorImage","url":"https:\/\/secure.gravatar.com\/avatar\/507340682b8270222e1f208e23198b6ae7e2c6a1033ae84e99bc6bce4f82a387?s=96&d=mm&r=g","width":96,"height":96,"caption":"Encontra Bebedouro"}},{"@type":"WebPage","@id":"https:\/\/www.encontrabebedouro.com.br\/sobre\/inscricoes-para-projeto-guri-continuam-ate-o-dia-1002-em-bebedouro\/#webpage","url":"https:\/\/www.encontrabebedouro.com.br\/sobre\/inscricoes-para-projeto-guri-continuam-ate-o-dia-1002-em-bebedouro\/","name":"Inscri\u00e7\u00f5es para Projeto Guri continuam at\u00e9 dia 10\/02 em Bebedouro | Encontra Bebedouro","description":"O projeto Guri est\u00e1 com 32 vagas abertas para cursos de m\u00fasica na regi\u00e3o de Ribeir\u00e3o Preto. As inscri\u00e7\u00f5es seguem at\u00e9 o dia 10 de fevereiro. Para se inscrever \u00e9 preciso ter entre 6 e 18 anos. Quem quiser participar deve ir \u00e0 sede do projeto em sua cidade, com os pais ou respons\u00e1veis, levando RG","inLanguage":"pt-BR","isPartOf":{"@id":"https:\/\/www.encontrabebedouro.com.br\/sobre\/#website"},"breadcrumb":{"@id":"https:\/\/www.encontrabebedouro.com.br\/sobre\/inscricoes-para-projeto-guri-continuam-ate-o-dia-1002-em-bebedouro\/#breadcrumblist"},"author":{"@id":"https:\/\/www.encontrabebedouro.com.br\/sobre\/author\/ebebedouro\/#author"},"creator":{"@id":"https:\/\/www.encontrabebedouro.com.br\/sobre\/author\/ebebedouro\/#author"},"datePublished":"2012-02-03T08:45:31-02:00","dateModified":"2019-04-29T17:13:31-03:00"},{"@type":"WebSite","@id":"https:\/\/www.encontrabebedouro.com.br\/sobre\/#website","url":"https:\/\/www.encontrabebedouro.com.br\/sobre\/","name":"Encontra Bebedouro","description":"Not\u00edcias, eventos, informa\u00e7\u00f5es e dicas na cidade de Bebedouro e regi\u00e3o","inLanguage":"pt-BR","publisher":{"@id":"https:\/\/www.encontrabebedouro.com.br\/sobre\/#organization"}}]},"og:locale":"pt_BR","og:site_name":"Encontra Bebedouro | Not\u00edcias, eventos, informa\u00e7\u00f5es e dicas na cidade de Bebedouro e regi\u00e3o","og:type":"article","og:title":"Inscri\u00e7\u00f5es para Projeto Guri continuam at\u00e9 dia 10\/02 em Bebedouro | Encontra Bebedouro","og:description":"O projeto Guri est\u00e1 com 32 vagas abertas para cursos de m\u00fasica na regi\u00e3o de Ribeir\u00e3o Preto. As inscri\u00e7\u00f5es seguem at\u00e9 o dia 10 de fevereiro. Para se inscrever \u00e9 preciso ter entre 6 e 18 anos. Quem quiser participar deve ir \u00e0 sede do projeto em sua cidade, com os pais ou respons\u00e1veis, levando RG","og:url":"https:\/\/www.encontrabebedouro.com.br\/sobre\/inscricoes-para-projeto-guri-continuam-ate-o-dia-1002-em-bebedouro\/","article:published_time":"2012-02-03T10:45:31+00:00","article:modified_time":"2019-04-29T20:13:31+00:00","twitter:card":"summary_large_image","twitter:title":"Inscri\u00e7\u00f5es para Projeto Guri continuam at\u00e9 dia 10\/02 em Bebedouro | Encontra Bebedouro","twitter:description":"O projeto Guri est\u00e1 com 32 vagas abertas para cursos de m\u00fasica na regi\u00e3o de Ribeir\u00e3o Preto. As inscri\u00e7\u00f5es seguem at\u00e9 o dia 10 de fevereiro. Para se inscrever \u00e9 preciso ter entre 6 e 18 anos. Quem quiser participar deve ir \u00e0 sede do projeto em sua cidade, com os pais ou respons\u00e1veis, levando RG"},"aioseo_meta_data":{"post_id":"114","title":null,"description":null,"keywords":null,"keyphrases":null,"primary_term":null,"canonical_url":null,"og_title":null,"og_description":null,"og_object_type":"default","og_image_type":"default","og_image_url":null,"og_image_width":null,"og_image_height":null,"og_image_custom_url":null,"og_image_custom_fields":null,"og_video":null,"og_custom_url":null,"og_article_section":null,"og_article_tags":null,"twitter_use_og":false,"twitter_card":"default","twitter_image_type":"default","twitter_image_url":null,"twitter_image_custom_url":null,"twitter_image_custom_fields":null,"twitter_title":null,"twitter_description":null,"schema":{"blockGraphs":[],"customGraphs":[],"default":{"data":{"Article":[],"Course":[],"Dataset":[],"FAQPage":[],"Movie":[],"Person":[],"Product":[],"ProductReview":[],"Car":[],"Recipe":[],"Service":[],"SoftwareApplication":[],"WebPage":[]},"graphName":"","isEnabled":true},"graphs":[]},"schema_type":"default","schema_type_options":null,"pillar_content":false,"robots_default":true,"robots_noindex":false,"robots_noarchive":false,"robots_nosnippet":false,"robots_nofollow":false,"robots_noimageindex":false,"robots_noodp":false,"robots_notranslate":false,"robots_max_snippet":null,"robots_max_videopreview":null,"robots_max_imagepreview":"large","priority":null,"frequency":null,"local_seo":null,"limit_modified_date":false,"created":"2023-09-27 20:25:34","updated":"2026-08-05 16:55:49","focus_keyword":null,"additional_keywords":null,"truseo_locale":null,"ai":null,"breadcrumb_settings":null,"seo_analyzer_scan_date":null},"aioseo_breadcrumb":"<div class=\"aioseo-breadcrumbs\"><span class=\"aioseo-breadcrumb\">\n\t\t\t<a href=\"https:\/\/www.encontrabebedouro.com.br\/sobre\" title=\"Dom\u00e9stica\">Dom\u00e9stica<\/a>\n\t\t<\/span><span class=\"aioseo-breadcrumb-separator\">&raquo;<\/span><span class=\"aioseo-breadcrumb\">\n\t\t\t<a href=\"https:\/\/www.encontrabebedouro.com.br\/sobre\/noticias-bebedouro\/\" title=\"Not\u00edcias Bebedouro\">Not\u00edcias Bebedouro<\/a>\n\t\t<\/span><span class=\"aioseo-breadcrumb-separator\">&raquo;<\/span><span class=\"aioseo-breadcrumb\">\n\t\t\tInscri\u00e7\u00f5es para Projeto Guri continuam at\u00e9 dia 10\/02 em Bebedouro\n\t\t<\/span><\/div>","aioseo_breadcrumb_json":[{"label":"Dom\u00e9stica","link":"https:\/\/www.encontrabebedouro.com.br\/sobre"},{"label":"Not\u00edcias Bebedouro","link":"https:\/\/www.encontrabebedouro.com.br\/sobre\/noticias-bebedouro\/"},{"label":"Inscri\u00e7\u00f5es para Projeto Guri continuam at\u00e9 dia 10\/02 em Bebedouro","link":"https:\/\/www.encontrabebedouro.com.br\/sobre\/inscricoes-para-projeto-guri-continuam-ate-o-dia-1002-em-bebedouro\/"}],"_links":{"self":[{"href":"https:\/\/www.encontrabebedouro.com.br\/sobre\/wp-json\/wp\/v2\/posts\/114","targetHints":{"allow":["GET"]}}],"collection":[{"href":"https:\/\/www.encontrabebedouro.com.br\/sobre\/wp-json\/wp\/v2\/posts"}],"about":[{"href":"https:\/\/www.encontrabebedouro.com.br\/sobre\/wp-json\/wp\/v2\/types\/post"}],"author":[{"embeddable":true,"href":"https:\/\/www.encontrabebedouro.com.br\/sobre\/wp-json\/wp\/v2\/users\/1"}],"replies":[{"embeddable":true,"href":"https:\/\/www.encontrabebedouro.com.br\/sobre\/wp-json\/wp\/v2\/comments?post=114"}],"version-history":[{"count":0,"href":"https:\/\/www.encontrabebedouro.com.br\/sobre\/wp-json\/wp\/v2\/posts\/114\/revisions"}],"wp:attachment":[{"href":"https:\/\/www.encontrabebedouro.com.br\/sobre\/wp-json\/wp\/v2\/media?parent=114"}],"wp:term":[{"taxonomy":"category","embeddable":true,"href":"https:\/\/www.encontrabebedouro.com.br\/sobre\/wp-json\/wp\/v2\/categories?post=114"},{"taxonomy":"post_tag","embeddable":true,"href":"https:\/\/www.encontrabebedouro.com.br\/sobre\/wp-json\/wp\/v2\/tags?post=114"}],"curies":[{"name":"wp","href":"https:\/\/api.w.org\/{rel}","templated":true}]}}