{"id":1126,"date":"2013-10-18T12:06:54","date_gmt":"2013-10-18T14:06:54","guid":{"rendered":"http:\/\/www.encontrabebedouro.com.br\/noticias\/?p=1126"},"modified":"2019-04-29T17:11:37","modified_gmt":"2019-04-29T20:11:37","slug":"estacao-cultura-de-bebedouro-realiza-tributo-a-clara-nunes","status":"publish","type":"post","link":"https:\/\/www.encontrabebedouro.com.br\/sobre\/estacao-cultura-de-bebedouro-realiza-tributo-a-clara-nunes\/","title":{"rendered":"Esta\u00e7\u00e3o Cultura de Bebedouro realiza tributo a Clara Nunes"},"content":{"rendered":"<div class=\"e7593ce1d9603c7e10386aa266b728a9\" data-index=\"1\" style=\"float: left; margin: 15px 15px 15px 0;\">\n<!-- EBR \/Novo-Bairro\/ 300x250 - pub-85 -->\r\n<ins class=\"adsbygoogle\"\r\n     style=\"display:inline-block;width:300px;height:250px\"\r\n     data-ad-client=\"ca-pub-8585364105181520\"\r\n     data-ad-slot=\"4691134188\"><\/ins>\r\n<script>\r\n(adsbygoogle = window.adsbygoogle || []).push({});\r\n<\/script>\r\n\n<\/div>\n<div>\n<p>No dia 25 de outubro, a Esta\u00e7\u00e3o Cultura, apresenta uma noite em homenagem a cantora brasileira, Clara Nunes. O evento d\u00e1 continuidade \u00e0 programa\u00e7\u00e3o de tributos a grandes compositores brasileiros, realizada durante todo o ano na Esta\u00e7\u00e3o Cultura, em Bebedouro.<\/p>\n<p>Clara Francisca Gon\u00e7alves Pinheiro, conhecida como Clara Nunes foi uma cantora brasileira, considerada uma das maiores int\u00e9rpretes do pa\u00eds.<\/p>\n<p>Pesquisadora da m\u00fasica popular brasileira, de seus ritmos e de seu folclore, Clara, esteve em outros pa\u00edses, especialmente \u00e0 Africa, representando o Brasil. Conhecedora das dan\u00e7as e das tradi\u00e7\u00f5es afro-brasileiras, ela se converteu \u00e0 umbanda.<\/p>\n<p>Clara Nunes amava Portela, sua escola do cora\u00e7\u00e3o. Tamb\u00e9m foi a primeira cantora brasileira a vender mais de 100 mil c\u00f3pias, derrubando um tabu segundo o qual mulheres n\u00e3o vendiam discos.<\/p>\n<\/div>\n\n<div style=\"font-size: 0px; height: 0px; line-height: 0px; margin: 0; padding: 0; clear: both;\"><\/div>","protected":false},"excerpt":{"rendered":"<p>No dia 25 de outubro, a Esta\u00e7\u00e3o Cultura, apresenta uma noite em homenagem a cantora brasileira, Clara Nunes. O evento d\u00e1 continuidade \u00e0 programa\u00e7\u00e3o de tributos a grandes compositores brasileiros, realizada durante todo o ano na Esta\u00e7\u00e3o Cultura, em Bebedouro. Clara Francisca Gon\u00e7alves Pinheiro, conhecida como Clara Nunes foi uma cantora brasileira, considerada uma das maiores int\u00e9rpretes do pa\u00eds. Pesquisadora da m\u00fasica popular brasileira, de seus ritmos e de seu folclore, Clara, esteve em outros pa\u00edses, especialmente \u00e0 Africa, representando o Brasil. Conhecedora das dan\u00e7as e das tradi\u00e7\u00f5es afro-brasileiras, ela se converteu \u00e0 umbanda. Clara Nunes amava Portela, sua escola <\/p>\n","protected":false},"author":1,"featured_media":0,"comment_status":"open","ping_status":"closed","sticky":false,"template":"","format":"standard","meta":{"footnotes":""},"categories":[6],"tags":[],"class_list":["post-1126","post","type-post","status-publish","format-standard","hentry","category-noticias-bebedouro"],"aioseo_notices":[],"aioseo_head":"\n\t\t<!-- All in One SEO 5.0.0.1 - aioseo.com -->\n\t<meta name=\"description\" content=\"No dia 25 de outubro, a Esta\u00e7\u00e3o Cultura, apresenta uma noite em homenagem a cantora brasileira, Clara Nunes. O evento d\u00e1 continuidade \u00e0 programa\u00e7\u00e3o de tributos a grandes compositores brasileiros, realizada durante todo o ano na Esta\u00e7\u00e3o Cultura, em Bebedouro. Clara Francisca Gon\u00e7alves Pinheiro, conhecida como Clara Nunes foi uma cantora brasileira, considerada uma das\" \/>\n\t<meta name=\"robots\" content=\"max-image-preview:large\" \/>\n\t<meta name=\"author\" content=\"Encontra Bebedouro\"\/>\n\t<link rel=\"canonical\" href=\"https:\/\/www.encontrabebedouro.com.br\/sobre\/estacao-cultura-de-bebedouro-realiza-tributo-a-clara-nunes\/\" \/>\n\t<meta name=\"generator\" content=\"All in One SEO (AIOSEO) 5.0.0.1\" \/>\n\t\t<meta property=\"og:locale\" content=\"pt_BR\" \/>\n\t\t<meta property=\"og:site_name\" content=\"Encontra Bebedouro | Not\u00edcias, eventos, informa\u00e7\u00f5es e dicas na cidade de Bebedouro e regi\u00e3o\" \/>\n\t\t<meta property=\"og:type\" content=\"article\" \/>\n\t\t<meta property=\"og:title\" content=\"Esta\u00e7\u00e3o Cultura de Bebedouro realiza tributo a Clara Nunes | Encontra Bebedouro\" \/>\n\t\t<meta property=\"og:description\" content=\"No dia 25 de outubro, a Esta\u00e7\u00e3o Cultura, apresenta uma noite em homenagem a cantora brasileira, Clara Nunes. O evento d\u00e1 continuidade \u00e0 programa\u00e7\u00e3o de tributos a grandes compositores brasileiros, realizada durante todo o ano na Esta\u00e7\u00e3o Cultura, em Bebedouro. Clara Francisca Gon\u00e7alves Pinheiro, conhecida como Clara Nunes foi uma cantora brasileira, considerada uma das\" \/>\n\t\t<meta property=\"og:url\" content=\"https:\/\/www.encontrabebedouro.com.br\/sobre\/estacao-cultura-de-bebedouro-realiza-tributo-a-clara-nunes\/\" \/>\n\t\t<meta property=\"article:published_time\" content=\"2013-10-18T14:06:54+00:00\" \/>\n\t\t<meta property=\"article:modified_time\" content=\"2019-04-29T20:11:37+00:00\" \/>\n\t\t<meta name=\"twitter:card\" content=\"summary_large_image\" \/>\n\t\t<meta name=\"twitter:title\" content=\"Esta\u00e7\u00e3o Cultura de Bebedouro realiza tributo a Clara Nunes | Encontra Bebedouro\" \/>\n\t\t<meta name=\"twitter:description\" content=\"No dia 25 de outubro, a Esta\u00e7\u00e3o Cultura, apresenta uma noite em homenagem a cantora brasileira, Clara Nunes. O evento d\u00e1 continuidade \u00e0 programa\u00e7\u00e3o de tributos a grandes compositores brasileiros, realizada durante todo o ano na Esta\u00e7\u00e3o Cultura, em Bebedouro. Clara Francisca Gon\u00e7alves Pinheiro, conhecida como Clara Nunes foi uma cantora brasileira, considerada uma das\" \/>\n\t\t<script type=\"application\/ld+json\" class=\"aioseo-schema\">\n\t\t\t{\"@context\":\"https:\\\/\\\/schema.org\",\"@graph\":[{\"@type\":\"Article\",\"@id\":\"https:\\\/\\\/www.encontrabebedouro.com.br\\\/sobre\\\/estacao-cultura-de-bebedouro-realiza-tributo-a-clara-nunes\\\/#article\",\"name\":\"Esta\\u00e7\\u00e3o Cultura de Bebedouro realiza tributo a Clara Nunes | Encontra Bebedouro\",\"headline\":\"Esta\\u00e7\\u00e3o Cultura de Bebedouro realiza tributo a Clara Nunes\",\"author\":{\"@id\":\"https:\\\/\\\/www.encontrabebedouro.com.br\\\/sobre\\\/author\\\/ebebedouro\\\/#author\"},\"publisher\":{\"@id\":\"https:\\\/\\\/www.encontrabebedouro.com.br\\\/sobre\\\/#organization\"},\"datePublished\":\"2013-10-18T12:06:54-03:00\",\"dateModified\":\"2019-04-29T17:11:37-03:00\",\"inLanguage\":\"pt-BR\",\"mainEntityOfPage\":{\"@id\":\"https:\\\/\\\/www.encontrabebedouro.com.br\\\/sobre\\\/estacao-cultura-de-bebedouro-realiza-tributo-a-clara-nunes\\\/#webpage\"},\"isPartOf\":{\"@id\":\"https:\\\/\\\/www.encontrabebedouro.com.br\\\/sobre\\\/estacao-cultura-de-bebedouro-realiza-tributo-a-clara-nunes\\\/#webpage\"},\"articleSection\":\"Not\\u00edcias Bebedouro\"},{\"@type\":\"BreadcrumbList\",\"@id\":\"https:\\\/\\\/www.encontrabebedouro.com.br\\\/sobre\\\/estacao-cultura-de-bebedouro-realiza-tributo-a-clara-nunes\\\/#breadcrumblist\",\"itemListElement\":[{\"@type\":\"ListItem\",\"@id\":\"https:\\\/\\\/www.encontrabebedouro.com.br\\\/sobre#listItem\",\"position\":1,\"name\":\"Dom\\u00e9stica\",\"item\":\"https:\\\/\\\/www.encontrabebedouro.com.br\\\/sobre\",\"nextItem\":{\"@type\":\"ListItem\",\"@id\":\"https:\\\/\\\/www.encontrabebedouro.com.br\\\/sobre\\\/noticias-bebedouro\\\/#listItem\",\"name\":\"Not\\u00edcias Bebedouro\"}},{\"@type\":\"ListItem\",\"@id\":\"https:\\\/\\\/www.encontrabebedouro.com.br\\\/sobre\\\/noticias-bebedouro\\\/#listItem\",\"position\":2,\"name\":\"Not\\u00edcias Bebedouro\",\"item\":\"https:\\\/\\\/www.encontrabebedouro.com.br\\\/sobre\\\/noticias-bebedouro\\\/\",\"nextItem\":{\"@type\":\"ListItem\",\"@id\":\"https:\\\/\\\/www.encontrabebedouro.com.br\\\/sobre\\\/estacao-cultura-de-bebedouro-realiza-tributo-a-clara-nunes\\\/#listItem\",\"name\":\"Esta\\u00e7\\u00e3o Cultura de Bebedouro realiza tributo a Clara Nunes\"},\"previousItem\":{\"@type\":\"ListItem\",\"@id\":\"https:\\\/\\\/www.encontrabebedouro.com.br\\\/sobre#listItem\",\"name\":\"Dom\\u00e9stica\"}},{\"@type\":\"ListItem\",\"@id\":\"https:\\\/\\\/www.encontrabebedouro.com.br\\\/sobre\\\/estacao-cultura-de-bebedouro-realiza-tributo-a-clara-nunes\\\/#listItem\",\"position\":3,\"name\":\"Esta\\u00e7\\u00e3o Cultura de Bebedouro realiza tributo a Clara Nunes\",\"previousItem\":{\"@type\":\"ListItem\",\"@id\":\"https:\\\/\\\/www.encontrabebedouro.com.br\\\/sobre\\\/noticias-bebedouro\\\/#listItem\",\"name\":\"Not\\u00edcias Bebedouro\"}}]},{\"@type\":\"Organization\",\"@id\":\"https:\\\/\\\/www.encontrabebedouro.com.br\\\/sobre\\\/#organization\",\"name\":\"Encontra Bebedouro\",\"description\":\"Not\\u00edcias, eventos, informa\\u00e7\\u00f5es e dicas na cidade de Bebedouro e regi\\u00e3o\",\"url\":\"https:\\\/\\\/www.encontrabebedouro.com.br\\\/sobre\\\/\"},{\"@type\":\"Person\",\"@id\":\"https:\\\/\\\/www.encontrabebedouro.com.br\\\/sobre\\\/author\\\/ebebedouro\\\/#author\",\"url\":\"https:\\\/\\\/www.encontrabebedouro.com.br\\\/sobre\\\/author\\\/ebebedouro\\\/\",\"name\":\"Encontra Bebedouro\",\"image\":{\"@type\":\"ImageObject\",\"@id\":\"https:\\\/\\\/www.encontrabebedouro.com.br\\\/sobre\\\/estacao-cultura-de-bebedouro-realiza-tributo-a-clara-nunes\\\/#authorImage\",\"url\":\"https:\\\/\\\/secure.gravatar.com\\\/avatar\\\/507340682b8270222e1f208e23198b6ae7e2c6a1033ae84e99bc6bce4f82a387?s=96&d=mm&r=g\",\"width\":96,\"height\":96,\"caption\":\"Encontra Bebedouro\"}},{\"@type\":\"WebPage\",\"@id\":\"https:\\\/\\\/www.encontrabebedouro.com.br\\\/sobre\\\/estacao-cultura-de-bebedouro-realiza-tributo-a-clara-nunes\\\/#webpage\",\"url\":\"https:\\\/\\\/www.encontrabebedouro.com.br\\\/sobre\\\/estacao-cultura-de-bebedouro-realiza-tributo-a-clara-nunes\\\/\",\"name\":\"Esta\\u00e7\\u00e3o Cultura de Bebedouro realiza tributo a Clara Nunes | Encontra Bebedouro\",\"description\":\"No dia 25 de outubro, a Esta\\u00e7\\u00e3o Cultura, apresenta uma noite em homenagem a cantora brasileira, Clara Nunes. O evento d\\u00e1 continuidade \\u00e0 programa\\u00e7\\u00e3o de tributos a grandes compositores brasileiros, realizada durante todo o ano na Esta\\u00e7\\u00e3o Cultura, em Bebedouro. Clara Francisca Gon\\u00e7alves Pinheiro, conhecida como Clara Nunes foi uma cantora brasileira, considerada uma das\",\"inLanguage\":\"pt-BR\",\"isPartOf\":{\"@id\":\"https:\\\/\\\/www.encontrabebedouro.com.br\\\/sobre\\\/#website\"},\"breadcrumb\":{\"@id\":\"https:\\\/\\\/www.encontrabebedouro.com.br\\\/sobre\\\/estacao-cultura-de-bebedouro-realiza-tributo-a-clara-nunes\\\/#breadcrumblist\"},\"author\":{\"@id\":\"https:\\\/\\\/www.encontrabebedouro.com.br\\\/sobre\\\/author\\\/ebebedouro\\\/#author\"},\"creator\":{\"@id\":\"https:\\\/\\\/www.encontrabebedouro.com.br\\\/sobre\\\/author\\\/ebebedouro\\\/#author\"},\"datePublished\":\"2013-10-18T12:06:54-03:00\",\"dateModified\":\"2019-04-29T17:11:37-03:00\"},{\"@type\":\"WebSite\",\"@id\":\"https:\\\/\\\/www.encontrabebedouro.com.br\\\/sobre\\\/#website\",\"url\":\"https:\\\/\\\/www.encontrabebedouro.com.br\\\/sobre\\\/\",\"name\":\"Encontra Bebedouro\",\"description\":\"Not\\u00edcias, eventos, informa\\u00e7\\u00f5es e dicas na cidade de Bebedouro e regi\\u00e3o\",\"inLanguage\":\"pt-BR\",\"publisher\":{\"@id\":\"https:\\\/\\\/www.encontrabebedouro.com.br\\\/sobre\\\/#organization\"}}]}\n\t\t<\/script>\n\t\t<!-- All in One SEO -->\n\n","aioseo_head_json":{"title":"Esta\u00e7\u00e3o Cultura de Bebedouro realiza tributo a Clara Nunes | Encontra Bebedouro","description":"No dia 25 de outubro, a Esta\u00e7\u00e3o Cultura, apresenta uma noite em homenagem a cantora brasileira, Clara Nunes. O evento d\u00e1 continuidade \u00e0 programa\u00e7\u00e3o de tributos a grandes compositores brasileiros, realizada durante todo o ano na Esta\u00e7\u00e3o Cultura, em Bebedouro. Clara Francisca Gon\u00e7alves Pinheiro, conhecida como Clara Nunes foi uma cantora brasileira, considerada uma das","canonical_url":"https:\/\/www.encontrabebedouro.com.br\/sobre\/estacao-cultura-de-bebedouro-realiza-tributo-a-clara-nunes\/","robots":"max-image-preview:large","keywords":"","webmasterTools":{"miscellaneous":""},"schema":{"@context":"https:\/\/schema.org","@graph":[{"@type":"Article","@id":"https:\/\/www.encontrabebedouro.com.br\/sobre\/estacao-cultura-de-bebedouro-realiza-tributo-a-clara-nunes\/#article","name":"Esta\u00e7\u00e3o Cultura de Bebedouro realiza tributo a Clara Nunes | Encontra Bebedouro","headline":"Esta\u00e7\u00e3o Cultura de Bebedouro realiza tributo a Clara Nunes","author":{"@id":"https:\/\/www.encontrabebedouro.com.br\/sobre\/author\/ebebedouro\/#author"},"publisher":{"@id":"https:\/\/www.encontrabebedouro.com.br\/sobre\/#organization"},"datePublished":"2013-10-18T12:06:54-03:00","dateModified":"2019-04-29T17:11:37-03:00","inLanguage":"pt-BR","mainEntityOfPage":{"@id":"https:\/\/www.encontrabebedouro.com.br\/sobre\/estacao-cultura-de-bebedouro-realiza-tributo-a-clara-nunes\/#webpage"},"isPartOf":{"@id":"https:\/\/www.encontrabebedouro.com.br\/sobre\/estacao-cultura-de-bebedouro-realiza-tributo-a-clara-nunes\/#webpage"},"articleSection":"Not\u00edcias Bebedouro"},{"@type":"BreadcrumbList","@id":"https:\/\/www.encontrabebedouro.com.br\/sobre\/estacao-cultura-de-bebedouro-realiza-tributo-a-clara-nunes\/#breadcrumblist","itemListElement":[{"@type":"ListItem","@id":"https:\/\/www.encontrabebedouro.com.br\/sobre#listItem","position":1,"name":"Dom\u00e9stica","item":"https:\/\/www.encontrabebedouro.com.br\/sobre","nextItem":{"@type":"ListItem","@id":"https:\/\/www.encontrabebedouro.com.br\/sobre\/noticias-bebedouro\/#listItem","name":"Not\u00edcias Bebedouro"}},{"@type":"ListItem","@id":"https:\/\/www.encontrabebedouro.com.br\/sobre\/noticias-bebedouro\/#listItem","position":2,"name":"Not\u00edcias Bebedouro","item":"https:\/\/www.encontrabebedouro.com.br\/sobre\/noticias-bebedouro\/","nextItem":{"@type":"ListItem","@id":"https:\/\/www.encontrabebedouro.com.br\/sobre\/estacao-cultura-de-bebedouro-realiza-tributo-a-clara-nunes\/#listItem","name":"Esta\u00e7\u00e3o Cultura de Bebedouro realiza tributo a Clara Nunes"},"previousItem":{"@type":"ListItem","@id":"https:\/\/www.encontrabebedouro.com.br\/sobre#listItem","name":"Dom\u00e9stica"}},{"@type":"ListItem","@id":"https:\/\/www.encontrabebedouro.com.br\/sobre\/estacao-cultura-de-bebedouro-realiza-tributo-a-clara-nunes\/#listItem","position":3,"name":"Esta\u00e7\u00e3o Cultura de Bebedouro realiza tributo a Clara Nunes","previousItem":{"@type":"ListItem","@id":"https:\/\/www.encontrabebedouro.com.br\/sobre\/noticias-bebedouro\/#listItem","name":"Not\u00edcias Bebedouro"}}]},{"@type":"Organization","@id":"https:\/\/www.encontrabebedouro.com.br\/sobre\/#organization","name":"Encontra Bebedouro","description":"Not\u00edcias, eventos, informa\u00e7\u00f5es e dicas na cidade de Bebedouro e regi\u00e3o","url":"https:\/\/www.encontrabebedouro.com.br\/sobre\/"},{"@type":"Person","@id":"https:\/\/www.encontrabebedouro.com.br\/sobre\/author\/ebebedouro\/#author","url":"https:\/\/www.encontrabebedouro.com.br\/sobre\/author\/ebebedouro\/","name":"Encontra Bebedouro","image":{"@type":"ImageObject","@id":"https:\/\/www.encontrabebedouro.com.br\/sobre\/estacao-cultura-de-bebedouro-realiza-tributo-a-clara-nunes\/#authorImage","url":"https:\/\/secure.gravatar.com\/avatar\/507340682b8270222e1f208e23198b6ae7e2c6a1033ae84e99bc6bce4f82a387?s=96&d=mm&r=g","width":96,"height":96,"caption":"Encontra Bebedouro"}},{"@type":"WebPage","@id":"https:\/\/www.encontrabebedouro.com.br\/sobre\/estacao-cultura-de-bebedouro-realiza-tributo-a-clara-nunes\/#webpage","url":"https:\/\/www.encontrabebedouro.com.br\/sobre\/estacao-cultura-de-bebedouro-realiza-tributo-a-clara-nunes\/","name":"Esta\u00e7\u00e3o Cultura de Bebedouro realiza tributo a Clara Nunes | Encontra Bebedouro","description":"No dia 25 de outubro, a Esta\u00e7\u00e3o Cultura, apresenta uma noite em homenagem a cantora brasileira, Clara Nunes. O evento d\u00e1 continuidade \u00e0 programa\u00e7\u00e3o de tributos a grandes compositores brasileiros, realizada durante todo o ano na Esta\u00e7\u00e3o Cultura, em Bebedouro. Clara Francisca Gon\u00e7alves Pinheiro, conhecida como Clara Nunes foi uma cantora brasileira, considerada uma das","inLanguage":"pt-BR","isPartOf":{"@id":"https:\/\/www.encontrabebedouro.com.br\/sobre\/#website"},"breadcrumb":{"@id":"https:\/\/www.encontrabebedouro.com.br\/sobre\/estacao-cultura-de-bebedouro-realiza-tributo-a-clara-nunes\/#breadcrumblist"},"author":{"@id":"https:\/\/www.encontrabebedouro.com.br\/sobre\/author\/ebebedouro\/#author"},"creator":{"@id":"https:\/\/www.encontrabebedouro.com.br\/sobre\/author\/ebebedouro\/#author"},"datePublished":"2013-10-18T12:06:54-03:00","dateModified":"2019-04-29T17:11:37-03:00"},{"@type":"WebSite","@id":"https:\/\/www.encontrabebedouro.com.br\/sobre\/#website","url":"https:\/\/www.encontrabebedouro.com.br\/sobre\/","name":"Encontra Bebedouro","description":"Not\u00edcias, eventos, informa\u00e7\u00f5es e dicas na cidade de Bebedouro e regi\u00e3o","inLanguage":"pt-BR","publisher":{"@id":"https:\/\/www.encontrabebedouro.com.br\/sobre\/#organization"}}]},"og:locale":"pt_BR","og:site_name":"Encontra Bebedouro | Not\u00edcias, eventos, informa\u00e7\u00f5es e dicas na cidade de Bebedouro e regi\u00e3o","og:type":"article","og:title":"Esta\u00e7\u00e3o Cultura de Bebedouro realiza tributo a Clara Nunes | Encontra Bebedouro","og:description":"No dia 25 de outubro, a Esta\u00e7\u00e3o Cultura, apresenta uma noite em homenagem a cantora brasileira, Clara Nunes. O evento d\u00e1 continuidade \u00e0 programa\u00e7\u00e3o de tributos a grandes compositores brasileiros, realizada durante todo o ano na Esta\u00e7\u00e3o Cultura, em Bebedouro. Clara Francisca Gon\u00e7alves Pinheiro, conhecida como Clara Nunes foi uma cantora brasileira, considerada uma das","og:url":"https:\/\/www.encontrabebedouro.com.br\/sobre\/estacao-cultura-de-bebedouro-realiza-tributo-a-clara-nunes\/","article:published_time":"2013-10-18T14:06:54+00:00","article:modified_time":"2019-04-29T20:11:37+00:00","twitter:card":"summary_large_image","twitter:title":"Esta\u00e7\u00e3o Cultura de Bebedouro realiza tributo a Clara Nunes | Encontra Bebedouro","twitter:description":"No dia 25 de outubro, a Esta\u00e7\u00e3o Cultura, apresenta uma noite em homenagem a cantora brasileira, Clara Nunes. O evento d\u00e1 continuidade \u00e0 programa\u00e7\u00e3o de tributos a grandes compositores brasileiros, realizada durante todo o ano na Esta\u00e7\u00e3o Cultura, em Bebedouro. Clara Francisca Gon\u00e7alves Pinheiro, conhecida como Clara Nunes foi uma cantora brasileira, considerada uma das"},"aioseo_meta_data":{"post_id":"1126","title":null,"description":null,"keywords":null,"keyphrases":null,"primary_term":null,"canonical_url":null,"og_title":null,"og_description":null,"og_object_type":"default","og_image_type":"default","og_image_url":null,"og_image_width":null,"og_image_height":null,"og_image_custom_url":null,"og_image_custom_fields":null,"og_video":null,"og_custom_url":null,"og_article_section":null,"og_article_tags":null,"twitter_use_og":false,"twitter_card":"default","twitter_image_type":"default","twitter_image_url":null,"twitter_image_custom_url":null,"twitter_image_custom_fields":null,"twitter_title":null,"twitter_description":null,"schema":{"blockGraphs":[],"customGraphs":[],"default":{"data":{"Article":[],"Course":[],"Dataset":[],"FAQPage":[],"Movie":[],"Person":[],"Product":[],"ProductReview":[],"Car":[],"Recipe":[],"Service":[],"SoftwareApplication":[],"WebPage":[]},"graphName":"","isEnabled":true},"graphs":[]},"schema_type":"default","schema_type_options":null,"pillar_content":false,"robots_default":true,"robots_noindex":false,"robots_noarchive":false,"robots_nosnippet":false,"robots_nofollow":false,"robots_noimageindex":false,"robots_noodp":false,"robots_notranslate":false,"robots_max_snippet":null,"robots_max_videopreview":null,"robots_max_imagepreview":"large","priority":null,"frequency":null,"local_seo":null,"limit_modified_date":false,"created":"2023-09-27 19:29:10","updated":"2026-08-05 20:39:44","focus_keyword":null,"additional_keywords":null,"truseo_locale":null,"ai":null,"breadcrumb_settings":null,"seo_analyzer_scan_date":null},"aioseo_breadcrumb":"<div class=\"aioseo-breadcrumbs\"><span class=\"aioseo-breadcrumb\">\n\t\t\t<a href=\"https:\/\/www.encontrabebedouro.com.br\/sobre\" title=\"Dom\u00e9stica\">Dom\u00e9stica<\/a>\n\t\t<\/span><span class=\"aioseo-breadcrumb-separator\">&raquo;<\/span><span class=\"aioseo-breadcrumb\">\n\t\t\t<a href=\"https:\/\/www.encontrabebedouro.com.br\/sobre\/noticias-bebedouro\/\" title=\"Not\u00edcias Bebedouro\">Not\u00edcias Bebedouro<\/a>\n\t\t<\/span><span class=\"aioseo-breadcrumb-separator\">&raquo;<\/span><span class=\"aioseo-breadcrumb\">\n\t\t\tEsta\u00e7\u00e3o Cultura de Bebedouro realiza tributo a Clara Nunes\n\t\t<\/span><\/div>","aioseo_breadcrumb_json":[{"label":"Dom\u00e9stica","link":"https:\/\/www.encontrabebedouro.com.br\/sobre"},{"label":"Not\u00edcias Bebedouro","link":"https:\/\/www.encontrabebedouro.com.br\/sobre\/noticias-bebedouro\/"},{"label":"Esta\u00e7\u00e3o Cultura de Bebedouro realiza tributo a Clara Nunes","link":"https:\/\/www.encontrabebedouro.com.br\/sobre\/estacao-cultura-de-bebedouro-realiza-tributo-a-clara-nunes\/"}],"_links":{"self":[{"href":"https:\/\/www.encontrabebedouro.com.br\/sobre\/wp-json\/wp\/v2\/posts\/1126","targetHints":{"allow":["GET"]}}],"collection":[{"href":"https:\/\/www.encontrabebedouro.com.br\/sobre\/wp-json\/wp\/v2\/posts"}],"about":[{"href":"https:\/\/www.encontrabebedouro.com.br\/sobre\/wp-json\/wp\/v2\/types\/post"}],"author":[{"embeddable":true,"href":"https:\/\/www.encontrabebedouro.com.br\/sobre\/wp-json\/wp\/v2\/users\/1"}],"replies":[{"embeddable":true,"href":"https:\/\/www.encontrabebedouro.com.br\/sobre\/wp-json\/wp\/v2\/comments?post=1126"}],"version-history":[{"count":0,"href":"https:\/\/www.encontrabebedouro.com.br\/sobre\/wp-json\/wp\/v2\/posts\/1126\/revisions"}],"wp:attachment":[{"href":"https:\/\/www.encontrabebedouro.com.br\/sobre\/wp-json\/wp\/v2\/media?parent=1126"}],"wp:term":[{"taxonomy":"category","embeddable":true,"href":"https:\/\/www.encontrabebedouro.com.br\/sobre\/wp-json\/wp\/v2\/categories?post=1126"},{"taxonomy":"post_tag","embeddable":true,"href":"https:\/\/www.encontrabebedouro.com.br\/sobre\/wp-json\/wp\/v2\/tags?post=1126"}],"curies":[{"name":"wp","href":"https:\/\/api.w.org\/{rel}","templated":true}]}}